{"id":38269,"date":"2026-08-03T08:02:00","date_gmt":"2026-08-03T06:02:00","guid":{"rendered":"https:\/\/euapp01.newsmemory.com\/lamarseillaise\/news\/?p=38269"},"modified":"2026-08-03T10:04:32","modified_gmt":"2026-08-03T08:04:32","slug":"cest-lete-semaine-des-familles-a-allos","status":"publish","type":"post","link":"https:\/\/euapp01.newsmemory.com\/lamarseillaise\/news\/2026\/08\/03\/cest-lete-semaine-des-familles-a-allos\/","title":{"rendered":"[C\u2019est l\u2019\u00e9t\u00e9] Semaine des familles \u00e0 Allos"},"content":{"rendered":"<div class=\"paragraph\">\n<p>Ateliers cr\u00e9atifs, course d\u2019orientation, atelier jeu, et animations diverses pour petits et grands\u00a0!<\/p>\n<\/p><\/div>\n<div class=\"paragraph\">\n<p><i>De lundi \u00e0 vendredi.<\/i><\/p>\n<p><i>Acc\u00e8s libre.<\/i><\/p>\n<\/p><\/div>\n","protected":false},"excerpt":{"rendered":"Ateliers cr&eacute;atifs, course d&rsquo;orientation, atelier jeu, et animations diverses pour petits et grands&nbsp;!De lundi &agrave; vendredi.Acc&egrave;s libre.","protected":false},"author":1,"featured_media":38270,"comment_status":"open","ping_status":"open","sticky":false,"template":"","format":"standard","meta":{"footnotes":""},"categories":[20],"tags":[2873,4768,4467,1277,130,6085,57,58,754,1083,55],"news-destination":[],"news-source":[475],"is_homepage":[],"ta_other":[],"class_list":["post-38269","post","type-post","status-publish","format-standard","has-post-thumbnail","hentry","category-societe","tag-activites-de-loisirs","tag-alpes","tag-alpes-de-haute-provence","tag-animations","tag-ateliers","tag-cest-lete","tag-enfants","tag-famille","tag-familles","tag-gratuit","tag-loisirs","news-source-website"],"_links":{"self":[{"href":"https:\/\/euapp01.newsmemory.com\/lamarseillaise\/news\/wp-json\/wp\/v2\/posts\/38269","targetHints":{"allow":["GET"]}}],"collection":[{"href":"https:\/\/euapp01.newsmemory.com\/lamarseillaise\/news\/wp-json\/wp\/v2\/posts"}],"about":[{"href":"https:\/\/euapp01.newsmemory.com\/lamarseillaise\/news\/wp-json\/wp\/v2\/types\/post"}],"author":[{"embeddable":true,"href":"https:\/\/euapp01.newsmemory.com\/lamarseillaise\/news\/wp-json\/wp\/v2\/users\/1"}],"replies":[{"embeddable":true,"href":"https:\/\/euapp01.newsmemory.com\/lamarseillaise\/news\/wp-json\/wp\/v2\/comments?post=38269"}],"version-history":[{"count":1,"href":"https:\/\/euapp01.newsmemory.com\/lamarseillaise\/news\/wp-json\/wp\/v2\/posts\/38269\/revisions"}],"predecessor-version":[{"id":38271,"href":"https:\/\/euapp01.newsmemory.com\/lamarseillaise\/news\/wp-json\/wp\/v2\/posts\/38269\/revisions\/38271"}],"wp:featuredmedia":[{"embeddable":true,"href":"https:\/\/euapp01.newsmemory.com\/lamarseillaise\/news\/wp-json\/wp\/v2\/media\/38270"}],"wp:attachment":[{"href":"https:\/\/euapp01.newsmemory.com\/lamarseillaise\/news\/wp-json\/wp\/v2\/media?parent=38269"}],"wp:term":[{"taxonomy":"category","embeddable":true,"href":"https:\/\/euapp01.newsmemory.com\/lamarseillaise\/news\/wp-json\/wp\/v2\/categories?post=38269"},{"taxonomy":"post_tag","embeddable":true,"href":"https:\/\/euapp01.newsmemory.com\/lamarseillaise\/news\/wp-json\/wp\/v2\/tags?post=38269"},{"taxonomy":"news-destination","embeddable":true,"href":"https:\/\/euapp01.newsmemory.com\/lamarseillaise\/news\/wp-json\/wp\/v2\/news-destination?post=38269"},{"taxonomy":"news-source","embeddable":true,"href":"https:\/\/euapp01.newsmemory.com\/lamarseillaise\/news\/wp-json\/wp\/v2\/news-source?post=38269"},{"taxonomy":"is_homepage","embeddable":true,"href":"https:\/\/euapp01.newsmemory.com\/lamarseillaise\/news\/wp-json\/wp\/v2\/is_homepage?post=38269"},{"taxonomy":"ta_other","embeddable":true,"href":"https:\/\/euapp01.newsmemory.com\/lamarseillaise\/news\/wp-json\/wp\/v2\/ta_other?post=38269"}],"curies":[{"name":"wp","href":"https:\/\/api.w.org\/{rel}","templated":true}]}}