{"id":38266,"date":"2026-08-03T08:04:00","date_gmt":"2026-08-03T06:04:00","guid":{"rendered":"https:\/\/euapp01.newsmemory.com\/lamarseillaise\/news\/?p=38266"},"modified":"2026-08-03T10:04:32","modified_gmt":"2026-08-03T08:04:32","slug":"a-sanary-dernier-jour-pour-la-collecte-pour-les-sinistres-des-incendies","status":"publish","type":"post","link":"https:\/\/euapp01.newsmemory.com\/lamarseillaise\/news\/2026\/08\/03\/a-sanary-dernier-jour-pour-la-collecte-pour-les-sinistres-des-incendies\/","title":{"rendered":"\u00c0 Sanary, dernier jour pour la collecte pour les sinistr\u00e9s des incendies"},"content":{"rendered":"<div class=\"paragraph\">\n<p>Apr\u00e8s un week-end de permanence assur\u00e9 par les \u00e9lus de la commune, la collecte se poursuit pour une derni\u00e8re journ\u00e9e ce lundi 3\u00a0ao\u00fbt, \u00e0 la salle\u00a035 de l\u2019Espace Vie Associative 99\u00a0avenue Desmazure, de 8h \u00e0 16h30. Les dons collect\u00e9s seront ensuite achemin\u00e9s dans le cadre d\u2019une organisation mutualis\u00e9e \u00e0 l\u2019\u00e9chelle de l\u2019Agglom\u00e9ration Sud Sainte Baume.<\/p>\n<\/p><\/div>\n","protected":false},"excerpt":{"rendered":"Apr&egrave;s un week-end de permanence assur&eacute; par les &eacute;lus de la commune, la collecte se poursuit pour une derni&egrave;re journ&eacute;e ce lundi 3&nbsp;ao&ucirc;t, &agrave; la salle&nbsp;35 de l&rsquo;Espace Vie Associative &#8230;","protected":false},"author":1,"featured_media":38267,"comment_status":"open","ping_status":"open","sticky":false,"template":"","format":"standard","meta":{"footnotes":""},"categories":[20],"tags":[2148,375,1396,786,260,31,988],"news-destination":[],"news-source":[475],"is_homepage":[],"ta_other":[],"class_list":["post-38266","post","type-post","status-publish","format-standard","has-post-thumbnail","hentry","category-societe","tag-collecte","tag-dons","tag-incendies","tag-sanary-sur-mer","tag-solidarite","tag-var","tag-week-end","news-source-website"],"_links":{"self":[{"href":"https:\/\/euapp01.newsmemory.com\/lamarseillaise\/news\/wp-json\/wp\/v2\/posts\/38266","targetHints":{"allow":["GET"]}}],"collection":[{"href":"https:\/\/euapp01.newsmemory.com\/lamarseillaise\/news\/wp-json\/wp\/v2\/posts"}],"about":[{"href":"https:\/\/euapp01.newsmemory.com\/lamarseillaise\/news\/wp-json\/wp\/v2\/types\/post"}],"author":[{"embeddable":true,"href":"https:\/\/euapp01.newsmemory.com\/lamarseillaise\/news\/wp-json\/wp\/v2\/users\/1"}],"replies":[{"embeddable":true,"href":"https:\/\/euapp01.newsmemory.com\/lamarseillaise\/news\/wp-json\/wp\/v2\/comments?post=38266"}],"version-history":[{"count":1,"href":"https:\/\/euapp01.newsmemory.com\/lamarseillaise\/news\/wp-json\/wp\/v2\/posts\/38266\/revisions"}],"predecessor-version":[{"id":38268,"href":"https:\/\/euapp01.newsmemory.com\/lamarseillaise\/news\/wp-json\/wp\/v2\/posts\/38266\/revisions\/38268"}],"wp:featuredmedia":[{"embeddable":true,"href":"https:\/\/euapp01.newsmemory.com\/lamarseillaise\/news\/wp-json\/wp\/v2\/media\/38267"}],"wp:attachment":[{"href":"https:\/\/euapp01.newsmemory.com\/lamarseillaise\/news\/wp-json\/wp\/v2\/media?parent=38266"}],"wp:term":[{"taxonomy":"category","embeddable":true,"href":"https:\/\/euapp01.newsmemory.com\/lamarseillaise\/news\/wp-json\/wp\/v2\/categories?post=38266"},{"taxonomy":"post_tag","embeddable":true,"href":"https:\/\/euapp01.newsmemory.com\/lamarseillaise\/news\/wp-json\/wp\/v2\/tags?post=38266"},{"taxonomy":"news-destination","embeddable":true,"href":"https:\/\/euapp01.newsmemory.com\/lamarseillaise\/news\/wp-json\/wp\/v2\/news-destination?post=38266"},{"taxonomy":"news-source","embeddable":true,"href":"https:\/\/euapp01.newsmemory.com\/lamarseillaise\/news\/wp-json\/wp\/v2\/news-source?post=38266"},{"taxonomy":"is_homepage","embeddable":true,"href":"https:\/\/euapp01.newsmemory.com\/lamarseillaise\/news\/wp-json\/wp\/v2\/is_homepage?post=38266"},{"taxonomy":"ta_other","embeddable":true,"href":"https:\/\/euapp01.newsmemory.com\/lamarseillaise\/news\/wp-json\/wp\/v2\/ta_other?post=38266"}],"curies":[{"name":"wp","href":"https:\/\/api.w.org\/{rel}","templated":true}]}}