{"id":38263,"date":"2026-08-03T08:06:00","date_gmt":"2026-08-03T06:06:00","guid":{"rendered":"https:\/\/euapp01.newsmemory.com\/lamarseillaise\/news\/?p=38263"},"modified":"2026-08-03T10:04:32","modified_gmt":"2026-08-03T08:04:32","slug":"un-transfert-de-la-facture-aux-mutuelles-et-aux-assures","status":"publish","type":"post","link":"https:\/\/euapp01.newsmemory.com\/lamarseillaise\/news\/2026\/08\/03\/un-transfert-de-la-facture-aux-mutuelles-et-aux-assures\/","title":{"rendered":"Un transfert de la facture aux mutuelles&#8230; et aux assur\u00e9s"},"content":{"rendered":"<div class=\"paragraph\">\n<p><a href=\"https:\/\/www.lamarseillaise.fr\/societe\/vent-de-colere-apres-l-annonce-d-economies-sur-la-sante-FB20561756\">Le gouvernement a pr\u00e9sent\u00e9 de nouveaux transferts de remboursements de l\u2019Assurance maladie vers les compl\u00e9mentaires sant\u00e9.<\/a> Concr\u00e8tement, la S\u00e9curit\u00e9 sociale remboursera moins les consultations chez le chirurgien-dentiste (50% contre 60%), les transports sanitaires (55% contre 50%) et les m\u00e9dicaments jug\u00e9s \u00ab\u00a0<i>les moins efficaces<\/i>\u00a0\u00bb<i>. <\/i><br \/>La Mutualit\u00e9 fran\u00e7aise, qui regroupe 500\u00a0mutuelles, estime que les compl\u00e9mentaires devront absorber entre 1,5\u00a0et 1,7\u00a0milliard d\u2019euros de d\u00e9penses suppl\u00e9mentaires. Interrog\u00e9e par <i>Franceinfo<\/i> sur une \u00e9ventuelle hausse des cotisations, la ministre de la Sant\u00e9, assure que \u00ab\u00a0<i>la r\u00e9percussion sur le prix n\u2019est pas automatique<\/i>\u00a0\u00bb, tout en reconnaissant ne pas pouvoir imposer un gel tarifaire.<\/p>\n<\/p><\/div>\n<div class=\"intext\"> \u00ab\u00a0Les assur\u00e9s vont payer plus\u00a0\u00bb\n              <\/div>\n<div class=\"paragraph\">\n<p>Un discours que conteste H\u00e9l\u00e8ne Gaufichon, secr\u00e9taire g\u00e9n\u00e9rale de Solimut\u00a0: \u00ab\u00a0<i>Les assur\u00e9s vont payer plus \u00e0 cause d\u2019une augmentation m\u00e9canique de leur cotisation mutualiste<\/i>\u00a0\u00bb<i>. <\/i>Sur la m\u00e9thode, H\u00e9l\u00e8ne Gaufichon d\u00e9nonce \u00ab<i>\u00a0<\/i><i>un d\u00e9ni de d\u00e9mocratie r\u00e9alis\u00e9 en plein c\u0153ur de l\u2019\u00e9t\u00e9 par le biais de d\u00e9crets, qui enl\u00e8vent la parole au Parlement<\/i><i>\u00a0<\/i>\u00bb. Le projet, transmis au Conseil de l\u2019Assurance maladie, a d\u2019ailleurs re\u00e7u, mardi, un avis d\u00e9favorable.<\/p>\n<p>Au-del\u00e0 de l\u2019impact financier, la secr\u00e9taire g\u00e9n\u00e9rale de Solimut y voit \u00ab\u00a0<i>une attaque d\u2019envergure contre la S\u00e9curit\u00e9 sociale et contre l\u2019acc\u00e8s aux soins<\/i>\u00a0\u00bb<i>.<\/i> \u00ab\u00a0<i>On a f\u00eat\u00e9 les 80<\/i><i>\u00a0<\/i><i>ans de la S\u00e9curit\u00e9 sociale et, plut\u00f4t que de la renforcer, le gouvernement la d\u00e9truit un peu plus<\/i>\u00a0\u00bb, fustige-t-elle. Les mutuelles ont lanc\u00e9 la plateforme defendonslasecu.fr pour interpeller les parlementaires et tenter d\u2019obtenir le retrait de cette mesure d\u00e8s la rentr\u00e9e.<\/p>\n<\/p><\/div>\n","protected":false},"excerpt":{"rendered":"Le gouvernement a pr&eacute;sent&eacute; de nouveaux transferts de remboursements de l&rsquo;Assurance maladie vers les compl&eacute;mentaires sant&eacute;. Concr&egrave;tement, la S&eacute;curit&eacute; sociale remboursera moins les consultations &#8230;","protected":false},"author":1,"featured_media":38264,"comment_status":"open","ping_status":"open","sticky":false,"template":"","format":"standard","meta":{"footnotes":""},"categories":[20],"tags":[10,5659,528,1790,497,3279,256,877,4105],"news-destination":[],"news-source":[475],"is_homepage":[],"ta_other":[],"class_list":["post-38263","post","type-post","status-publish","format-standard","has-post-thumbnail","hentry","category-societe","tag-bouches-du-rhone","tag-dentiste","tag-gouvernement","tag-medicaments","tag-ministre","tag-mutuelles","tag-sante","tag-securite-sociale","tag-solimut","news-source-website"],"_links":{"self":[{"href":"https:\/\/euapp01.newsmemory.com\/lamarseillaise\/news\/wp-json\/wp\/v2\/posts\/38263","targetHints":{"allow":["GET"]}}],"collection":[{"href":"https:\/\/euapp01.newsmemory.com\/lamarseillaise\/news\/wp-json\/wp\/v2\/posts"}],"about":[{"href":"https:\/\/euapp01.newsmemory.com\/lamarseillaise\/news\/wp-json\/wp\/v2\/types\/post"}],"author":[{"embeddable":true,"href":"https:\/\/euapp01.newsmemory.com\/lamarseillaise\/news\/wp-json\/wp\/v2\/users\/1"}],"replies":[{"embeddable":true,"href":"https:\/\/euapp01.newsmemory.com\/lamarseillaise\/news\/wp-json\/wp\/v2\/comments?post=38263"}],"version-history":[{"count":1,"href":"https:\/\/euapp01.newsmemory.com\/lamarseillaise\/news\/wp-json\/wp\/v2\/posts\/38263\/revisions"}],"predecessor-version":[{"id":38265,"href":"https:\/\/euapp01.newsmemory.com\/lamarseillaise\/news\/wp-json\/wp\/v2\/posts\/38263\/revisions\/38265"}],"wp:featuredmedia":[{"embeddable":true,"href":"https:\/\/euapp01.newsmemory.com\/lamarseillaise\/news\/wp-json\/wp\/v2\/media\/38264"}],"wp:attachment":[{"href":"https:\/\/euapp01.newsmemory.com\/lamarseillaise\/news\/wp-json\/wp\/v2\/media?parent=38263"}],"wp:term":[{"taxonomy":"category","embeddable":true,"href":"https:\/\/euapp01.newsmemory.com\/lamarseillaise\/news\/wp-json\/wp\/v2\/categories?post=38263"},{"taxonomy":"post_tag","embeddable":true,"href":"https:\/\/euapp01.newsmemory.com\/lamarseillaise\/news\/wp-json\/wp\/v2\/tags?post=38263"},{"taxonomy":"news-destination","embeddable":true,"href":"https:\/\/euapp01.newsmemory.com\/lamarseillaise\/news\/wp-json\/wp\/v2\/news-destination?post=38263"},{"taxonomy":"news-source","embeddable":true,"href":"https:\/\/euapp01.newsmemory.com\/lamarseillaise\/news\/wp-json\/wp\/v2\/news-source?post=38263"},{"taxonomy":"is_homepage","embeddable":true,"href":"https:\/\/euapp01.newsmemory.com\/lamarseillaise\/news\/wp-json\/wp\/v2\/is_homepage?post=38263"},{"taxonomy":"ta_other","embeddable":true,"href":"https:\/\/euapp01.newsmemory.com\/lamarseillaise\/news\/wp-json\/wp\/v2\/ta_other?post=38263"}],"curies":[{"name":"wp","href":"https:\/\/api.w.org\/{rel}","templated":true}]}}