{"id":38260,"date":"2026-08-03T07:43:00","date_gmt":"2026-08-03T05:43:00","guid":{"rendered":"https:\/\/euapp01.newsmemory.com\/lamarseillaise\/news\/?p=38260"},"modified":"2026-08-08T08:29:33","modified_gmt":"2026-08-08T06:29:33","slug":"incendies-dans-les-alpes","status":"publish","type":"post","link":"https:\/\/euapp01.newsmemory.com\/lamarseillaise\/news\/2026\/08\/03\/incendies-dans-les-alpes\/","title":{"rendered":"Incendies dans les Alpes"},"content":{"rendered":"<div class=\"paragraph\">\n<p>Un feu s\u2019est d\u00e9clar\u00e9 samedi 1<sup>er<\/sup>\u00a0ao\u00fbt, \u00ab\u00a0<i>impactant un fourgon de livraison, en bordure de la Route d\u00e9partementale<\/i><i>\u00a0<\/i><i>1<\/i>\u00a0\u00bb \u00e0 Bayons, a communiqu\u00e9 le Service d\u00e9partemental d\u2019incendie et de secours des Alpes-de-Haute-Provence. 80\u00a0sapeurs-pompiers ont \u00e9t\u00e9 mobilis\u00e9s, les flammes s\u2019\u00e9tant propag\u00e9es dans la v\u00e9g\u00e9tation, en zone montagneuse. Renforc\u00e9s par un \u00ab\u00a0<i>groupe d\u2019intervention feu de for\u00eat suppl\u00e9mentaire compos\u00e9 d\u2019engins du Vaucluse, de la Drome et de l\u2019Ard\u00e8che, ainsi que des marins pompiers de Marseille<\/i>\u00a0\u00bb, les soldats du feu poursuivent leurs efforts. Vers 19h dimanche, 50 hectares \u00e9taient d\u00e9j\u00e0 ravag\u00e9s. Aucune victime civile n\u2019est pour l\u2019instant \u00e0 d\u00e9plorer. Dans la journ\u00e9e de dimanche un autre incendie a eu lieu sur la commune de Thorame-Basse. Le relief escarp\u00e9 ne facilite pas la t\u00e2che de 70 sapeurs-pompiers. A l\u2019heure o\u00f9 nous \u00e9crivons ces lignes, le feu avait parcouru 25 hectares.<\/p>\n<\/p><\/div>\n","protected":false},"excerpt":{"rendered":"Un feu s&rsquo;est d&eacute;clar&eacute; samedi 1er&nbsp;ao&ucirc;t, &laquo;&nbsp;impactant un fourgon de livraison, en bordure de la Route d&eacute;partementale&nbsp;1&nbsp;&raquo; &agrave; Bayons, a communiqu&eacute; le Service &#8230;","protected":false},"author":1,"featured_media":38261,"comment_status":"open","ping_status":"open","sticky":false,"template":"","format":"standard","meta":{"footnotes":""},"categories":[3926,3925,20],"tags":[4768,4467,318,316,1673,418,319,1396,3415,320,1400],"news-destination":[3944],"news-source":[475],"is_homepage":[],"ta_other":[],"class_list":["post-38260","post","type-post","status-publish","format-standard","has-post-thumbnail","hentry","category-accueil-merge","category-accueil-third","category-societe","tag-alpes","tag-alpes-de-haute-provence","tag-feu","tag-feu-de-foret","tag-feux","tag-foret","tag-incendie","tag-incendies","tag-montagne","tag-pompiers","tag-routes","news-destination-homepage","news-source-website"],"_links":{"self":[{"href":"https:\/\/euapp01.newsmemory.com\/lamarseillaise\/news\/wp-json\/wp\/v2\/posts\/38260","targetHints":{"allow":["GET"]}}],"collection":[{"href":"https:\/\/euapp01.newsmemory.com\/lamarseillaise\/news\/wp-json\/wp\/v2\/posts"}],"about":[{"href":"https:\/\/euapp01.newsmemory.com\/lamarseillaise\/news\/wp-json\/wp\/v2\/types\/post"}],"author":[{"embeddable":true,"href":"https:\/\/euapp01.newsmemory.com\/lamarseillaise\/news\/wp-json\/wp\/v2\/users\/1"}],"replies":[{"embeddable":true,"href":"https:\/\/euapp01.newsmemory.com\/lamarseillaise\/news\/wp-json\/wp\/v2\/comments?post=38260"}],"version-history":[{"count":1,"href":"https:\/\/euapp01.newsmemory.com\/lamarseillaise\/news\/wp-json\/wp\/v2\/posts\/38260\/revisions"}],"predecessor-version":[{"id":38262,"href":"https:\/\/euapp01.newsmemory.com\/lamarseillaise\/news\/wp-json\/wp\/v2\/posts\/38260\/revisions\/38262"}],"wp:featuredmedia":[{"embeddable":true,"href":"https:\/\/euapp01.newsmemory.com\/lamarseillaise\/news\/wp-json\/wp\/v2\/media\/38261"}],"wp:attachment":[{"href":"https:\/\/euapp01.newsmemory.com\/lamarseillaise\/news\/wp-json\/wp\/v2\/media?parent=38260"}],"wp:term":[{"taxonomy":"category","embeddable":true,"href":"https:\/\/euapp01.newsmemory.com\/lamarseillaise\/news\/wp-json\/wp\/v2\/categories?post=38260"},{"taxonomy":"post_tag","embeddable":true,"href":"https:\/\/euapp01.newsmemory.com\/lamarseillaise\/news\/wp-json\/wp\/v2\/tags?post=38260"},{"taxonomy":"news-destination","embeddable":true,"href":"https:\/\/euapp01.newsmemory.com\/lamarseillaise\/news\/wp-json\/wp\/v2\/news-destination?post=38260"},{"taxonomy":"news-source","embeddable":true,"href":"https:\/\/euapp01.newsmemory.com\/lamarseillaise\/news\/wp-json\/wp\/v2\/news-source?post=38260"},{"taxonomy":"is_homepage","embeddable":true,"href":"https:\/\/euapp01.newsmemory.com\/lamarseillaise\/news\/wp-json\/wp\/v2\/is_homepage?post=38260"},{"taxonomy":"ta_other","embeddable":true,"href":"https:\/\/euapp01.newsmemory.com\/lamarseillaise\/news\/wp-json\/wp\/v2\/ta_other?post=38260"}],"curies":[{"name":"wp","href":"https:\/\/api.w.org\/{rel}","templated":true}]}}