{"id":38254,"date":"2026-08-03T07:58:00","date_gmt":"2026-08-03T05:58:00","guid":{"rendered":"https:\/\/euapp01.newsmemory.com\/lamarseillaise\/news\/?p=38254"},"modified":"2026-08-08T08:55:34","modified_gmt":"2026-08-08T06:55:34","slug":"forte-mobilisation-pour-contenir-lincendie-du-gros-bessillon-ce-week-end-1850-hectares-parcourus-depuis-vendredi","status":"publish","type":"post","link":"https:\/\/euapp01.newsmemory.com\/lamarseillaise\/news\/2026\/08\/03\/forte-mobilisation-pour-contenir-lincendie-du-gros-bessillon-ce-week-end-1850-hectares-parcourus-depuis-vendredi\/","title":{"rendered":"Forte mobilisation pour contenir l\u2019incendie du Gros Bessillon ce week-end, 1850 hectares parcourus depuis vendredi"},"content":{"rendered":"<div class=\"paragraph\">\n<p>Le feu n\u2019est pas encore fix\u00e9, mais la situation s\u2019am\u00e9liore dans le massif du Gros Bessillon. Apr\u00e8s une journ\u00e9e cataclysmique vendredi, durant laquelle 1\u00a0000\u00a0hectares ont \u00e9t\u00e9 parcourus en quelques heures suite \u00e0 une reprise du feu au sud-est de Correns, le travail des 1\u00a0500\u00a0sapeurs-pompiers a permis de limiter sa progression. Notamment gr\u00e2ce aux 675\u00a0largages effectu\u00e9s par les canadairs, avions Dash et h\u00e9licopt\u00e8res bombardiers d\u2019eau, dont 450\u00a0samedi, \u00ab\u00a0<i>un record<\/i>\u00a0\u00bb, pr\u00e9cisait le pr\u00e9fet du Var, Simon Babre. Des br\u00fblages tactiques ont aussi \u00e9t\u00e9 op\u00e9r\u00e9s pour \u00e9viter de donner du combustible \u00e0 l\u2019incendie. L\u2019objectif principal\u00a0: s\u00e9curiser les points chauds et \u00e9viter toute potentielle reprise. Deux ont eu lieu dimanche en d\u00e9but d\u2019apr\u00e8s-midi mais ont \u00e9t\u00e9 rapidement trait\u00e9es, offrant une fin de journ\u00e9e plus calme.<\/p>\n<p>Un travail dans la continuit\u00e9 de celui men\u00e9 samedi, journ\u00e9e durant laquelle le principal combat a peut-\u00eatre \u00e9t\u00e9 gagn\u00e9, a minima de mani\u00e8re provisoire. Apr\u00e8s une nuit de vendredi durant laquelle les sapeurs-pompiers avaient d\u00e9j\u00e0 proc\u00e9d\u00e9 \u00e0 des br\u00fblages tactiques, l\u2019apr\u00e8s-midi \u00e9tait particuli\u00e8rement redout\u00e9e avec un mistral et une chaleur intenses. Ce qui laissait craindre que le feu<i> <\/i>au sud de Correns ne franchisse une nouvelle vall\u00e9e, et ne rejoigne un autre massif, ce qui aurait menac\u00e9 les communes de Montfort, le Val, Vins-sur-Caramy et 3\u00a0000\u00a0\u00e0 4\u00a0000\u00a0hectares suppl\u00e9mentaires. Et d\u00e9j\u00e0, la s\u00e9curisation des points chauds avait \u00e9t\u00e9 fructueuse.<\/p>\n<\/p><\/div>\n<div class=\"intext\"> Nouvelle journ\u00e9e \u00e0 risque lundi\n              <\/div>\n<div class=\"paragraph\">\n<p>Dimanche soir, le bilan \u00e9tait de 1\u00a0850\u00a0hectares parcourus. Au vu de l\u2019accalmie, l\u2019ensemble des mesures d\u2019\u00e9vacuation et de confinement avaient \u00e9t\u00e9 lev\u00e9es, et les axes routiers r\u00e9tablis. \u00ab\u00a0<i>Mais de nouvelles mesures pourraient \u00eatre prises<\/i><i>\u00a0<\/i>\u00bb, pr\u00e9vient le pr\u00e9fet.<\/p>\n<p>Car lundi, ce dernier craint une nouvelle journ\u00e9e p\u00e9rilleuse, avec \u00ab\u00a0<i>un fort vent de sud-est et des rafales \u00e0 50<\/i>\u00a0<i>km\/h<\/i>\u00a0\u00bb. \u00ab\u00a0<i>Les 1<\/i>\u00a0<i>500<\/i>\u00a0<i>pompiers mobilis\u00e9s restent sur place<\/i>\u00a0\u00bb, ajoute le directeur du Sdis\u00a083 Eric Grohin. Par ailleurs, la gendarmerie a men\u00e9 \u00ab\u00a0<i>une action forte en mati\u00e8re de s\u00e9curit\u00e9<\/i>\u00a0\u00bb, pr\u00e9cise Simon Babre, avec plus de 500\u00a0contr\u00f4les effectu\u00e9s quant au transport, interdit jusqu\u2019\u00e0 ce lundi, de dispositifs allume-feu, tandis qu\u2019une mise \u00e0 feu volontaire, rapidement contr\u00f4l\u00e9e, a \u00e9t\u00e9 d\u00e9plor\u00e9e du c\u00f4t\u00e9 du\u00a0Muy.<\/p>\n<\/p><\/div>\n","protected":false},"excerpt":{"rendered":"Le feu n&rsquo;est pas encore fix&eacute;, mais la situation s&rsquo;am&eacute;liore dans le massif du Gros Bessillon. Apr&egrave;s une journ&eacute;e cataclysmique vendredi, durant laquelle 1&nbsp;000&nbsp;hectares ont &eacute;t&eacute; parcourus &#8230;","protected":false},"author":1,"featured_media":38255,"comment_status":"open","ping_status":"open","sticky":false,"template":"","format":"standard","meta":{"footnotes":""},"categories":[3926,3925,20],"tags":[3433,373,6147,318,316,1673,4015,106,319,1396,3437,3239,134,6140,178,1674,5879,6003,3600,4877,31,6200],"news-destination":[3944],"news-source":[475],"is_homepage":[],"ta_other":[],"class_list":["post-38254","post","type-post","status-publish","format-standard","has-post-thumbnail","hentry","category-accueil-merge","category-accueil-third","category-societe","tag-carces","tag-chaleur","tag-correns","tag-feu","tag-feu-de-foret","tag-feux","tag-feux-de-foret","tag-habitants","tag-incendie","tag-incendies","tag-le-val","tag-massif","tag-mobilisation","tag-montfort-sur-argens","tag-population","tag-sapeurs-pompiers","tag-sdis","tag-sdis-83","tag-sdis13","tag-sdis83","tag-var","tag-vins-sur-caramy","news-destination-homepage","news-source-website"],"_links":{"self":[{"href":"https:\/\/euapp01.newsmemory.com\/lamarseillaise\/news\/wp-json\/wp\/v2\/posts\/38254","targetHints":{"allow":["GET"]}}],"collection":[{"href":"https:\/\/euapp01.newsmemory.com\/lamarseillaise\/news\/wp-json\/wp\/v2\/posts"}],"about":[{"href":"https:\/\/euapp01.newsmemory.com\/lamarseillaise\/news\/wp-json\/wp\/v2\/types\/post"}],"author":[{"embeddable":true,"href":"https:\/\/euapp01.newsmemory.com\/lamarseillaise\/news\/wp-json\/wp\/v2\/users\/1"}],"replies":[{"embeddable":true,"href":"https:\/\/euapp01.newsmemory.com\/lamarseillaise\/news\/wp-json\/wp\/v2\/comments?post=38254"}],"version-history":[{"count":1,"href":"https:\/\/euapp01.newsmemory.com\/lamarseillaise\/news\/wp-json\/wp\/v2\/posts\/38254\/revisions"}],"predecessor-version":[{"id":38256,"href":"https:\/\/euapp01.newsmemory.com\/lamarseillaise\/news\/wp-json\/wp\/v2\/posts\/38254\/revisions\/38256"}],"wp:featuredmedia":[{"embeddable":true,"href":"https:\/\/euapp01.newsmemory.com\/lamarseillaise\/news\/wp-json\/wp\/v2\/media\/38255"}],"wp:attachment":[{"href":"https:\/\/euapp01.newsmemory.com\/lamarseillaise\/news\/wp-json\/wp\/v2\/media?parent=38254"}],"wp:term":[{"taxonomy":"category","embeddable":true,"href":"https:\/\/euapp01.newsmemory.com\/lamarseillaise\/news\/wp-json\/wp\/v2\/categories?post=38254"},{"taxonomy":"post_tag","embeddable":true,"href":"https:\/\/euapp01.newsmemory.com\/lamarseillaise\/news\/wp-json\/wp\/v2\/tags?post=38254"},{"taxonomy":"news-destination","embeddable":true,"href":"https:\/\/euapp01.newsmemory.com\/lamarseillaise\/news\/wp-json\/wp\/v2\/news-destination?post=38254"},{"taxonomy":"news-source","embeddable":true,"href":"https:\/\/euapp01.newsmemory.com\/lamarseillaise\/news\/wp-json\/wp\/v2\/news-source?post=38254"},{"taxonomy":"is_homepage","embeddable":true,"href":"https:\/\/euapp01.newsmemory.com\/lamarseillaise\/news\/wp-json\/wp\/v2\/is_homepage?post=38254"},{"taxonomy":"ta_other","embeddable":true,"href":"https:\/\/euapp01.newsmemory.com\/lamarseillaise\/news\/wp-json\/wp\/v2\/ta_other?post=38254"}],"curies":[{"name":"wp","href":"https:\/\/api.w.org\/{rel}","templated":true}]}}