{"id":38251,"date":"2026-08-03T08:00:00","date_gmt":"2026-08-03T06:00:00","guid":{"rendered":"https:\/\/euapp01.newsmemory.com\/lamarseillaise\/news\/?p=38251"},"modified":"2026-08-08T08:55:34","modified_gmt":"2026-08-08T06:55:34","slug":"entretien-anthony-goncalves-le-calcul-egoiste-dun-gouvernement-a-laffut-de-la-moindre-economie","status":"publish","type":"post","link":"https:\/\/euapp01.newsmemory.com\/lamarseillaise\/news\/2026\/08\/03\/entretien-anthony-goncalves-le-calcul-egoiste-dun-gouvernement-a-laffut-de-la-moindre-economie\/","title":{"rendered":"[Entretien] Anthony Gon\u00e7alves : \u00ab&nbsp;Le calcul \u00e9go\u00efste d\u2019un gouvernement \u00e0 l\u2019aff\u00fbt de la moindre \u00e9conomie&nbsp;\u00bb"},"content":{"rendered":"<div class=\"paragraph\">\n<p>La\u00a0Marseillaise\u00a0: <b>Le gouvernement a annonc\u00e9 le doublement des franchises m\u00e9dicales et une hausse du reste \u00e0 charge. Quel regard portez-vous sur ces mesures<\/b><b>\u00a0<\/b><b>?<\/b><\/p>\n<p>Anthony Gon\u00e7alves\u00a0: Je suis profond\u00e9ment choqu\u00e9 par ces annonces. Le gouvernement consid\u00e8re que les gens consomment des m\u00e9dicaments ou ont des actes m\u00e9dicaux pour se faire plaisir. Il imagine qu\u2019en augmentant ces franchises, ils vont r\u00e9duire leur consommation m\u00e9dicale, ce qui est totalement faux. La grande majorit\u00e9 de ces consommations r\u00e9pond \u00e0 des besoins r\u00e9els. \u00c7a va toucher des personnes atteintes de maladies graves qui n\u2019ont pas choisi de l\u2019\u00eatre.<\/p>\n<p><b>Ces mesures permettraient, selon <br \/>le gouvernement, de financer l\u2019acc\u00e8s aux soins. Qu\u2019en pensez-vous<\/b><b>\u00a0<\/b><b>?<\/b><\/p>\n<p>A.G.\u00a0:<i> <\/i>C\u2019est incroyable de ponctionner les malades pour favoriser l\u2019acc\u00e8s aux soins. C\u2019est l\u2019inverse qui va se passer. Penser qu\u2019on va freiner des d\u00e9penses de sant\u00e9 comme s\u2019il s\u2019agissait d\u2019une consommation de confort est un calcul terrible. Les plus modestes, souvent en affection de longue dur\u00e9e, vont renoncer aux soins dont ils ont besoin. Les malades du cancer, avec des traitements lourds et r\u00e9guliers, seront touch\u00e9s de plein fouet. Au final, cela d\u00e9gradera leur \u00e9tat de sant\u00e9 et co\u00fbtera encore plus cher lorsqu\u2019il faudra les hospitaliser. C\u2019est le calcul \u00e9go\u00efste d\u2019un gouvernement \u00e0 l\u2019aff\u00fbt de la moindre \u00e9conomie. Il ne va pas chercher l\u2019argent l\u00e0 o\u00f9 il se trouve. On nous parle du d\u00e9ficit de la S\u00e9curit\u00e9 sociale, mais il est largement aliment\u00e9 par les exon\u00e9rations de cotisations accord\u00e9es aux entreprises.<\/p>\n<p><b>Qui seront les plus p\u00e9nalis\u00e9s<\/b><b>\u00a0<\/b><b>?<\/b><\/p>\n<p>A.G.\u00a0: Les retrait\u00e9s vivant avec moins de 1\u00a0500\u00a0euros par mois et atteints d\u2019affections de longue dur\u00e9e, de cancer ou de maladies cardiovasculaires. Ce sont des patients qui ont besoin de consultations et de prescriptions r\u00e9guli\u00e8res. On va aller taper dans la poche de ceux qui n\u2019ont d\u00e9j\u00e0 pas beaucoup pour vivre.<\/p>\n<p><b>Quelles seront les cons\u00e9quences de ces mesures sur le prix des mutuelles<\/b><b>\u00a0<\/b><b>?<\/b><\/p>\n<p>A.G.\u00a0: On parle d\u2019un transfert de charges de 1,5\u00a0\u00e0 2\u00a0milliards d\u2019euros, donc les mutuelles vont m\u00e9caniquement augmenter leurs tarifs, alors qu\u2019ils sont d\u00e9j\u00e0 un probl\u00e8me pour une partie de la population. D\u2019o\u00f9 notre id\u00e9e d\u2019instaurer une mutuelle communale \u00e0 Marseille, pour permettre aux plus modestes d\u2019acc\u00e9der \u00e0 une compl\u00e9mentaire \u00e0 un tarif plus favorable.<\/p>\n<p><b>Que r\u00e9v\u00e8lent ces annonces sur <br \/>la gestion politique de notre syst\u00e8me de sant\u00e9<\/b><b>\u00a0<\/b><b>?<\/b><\/p>\n<p>A.G.\u00a0: Depuis des ann\u00e9es, on entend cette petite musique de la responsabilisation des malades. L\u2019id\u00e9e serait de dire que le droit \u00e0 la sant\u00e9 est une affaire de responsabilit\u00e9 individuelle. C\u2019est un retour en arri\u00e8re de plus sur un droit universel, qui ne doit d\u00e9pendre ni des revenus ni du niveau social. On assiste \u00e0 une attaque en r\u00e8gle globale contre notre syst\u00e8me de S\u00e9curit\u00e9 sociale.<\/p>\n<p><b>Les annonces ont \u00e9t\u00e9 faites en plein \u00e9t\u00e9, sans d\u00e9bat parlementaire. <br \/>Que pensez-vous de la m\u00e9thode<\/b><b>\u00a0<\/b><b>?<\/b><\/p>\n<p>A.G.\u00a0: La m\u00e9thode est aussi choquante que le fond. L\u2019an dernier, cette proposition avait \u00e9t\u00e9 rejet\u00e9e par le Parlement. Le gouvernement revient \u00e0 la charge sans passer par le d\u00e9bat. C\u2019est le pari abominable du gouvernement\u00a0: on fait passer les mauvais coups pendant l\u2019\u00e9t\u00e9.<\/p>\n<\/p><\/div>\n","protected":false},"excerpt":{"rendered":"La&nbsp;Marseillaise&nbsp;: Le gouvernement a annonc&eacute; le doublement des franchises m&eacute;dicales et une hausse du reste &agrave; charge. Quel regard portez-vous sur ces mesures&nbsp;?","protected":false},"author":1,"featured_media":38252,"comment_status":"open","ping_status":"open","sticky":false,"template":"","format":"standard","meta":{"footnotes":""},"categories":[3926,3925,330,20],"tags":[2508,10,3563,343,528,16,1790,984,3279,250,1018,1948,256,877,99],"news-destination":[3944],"news-source":[475],"is_homepage":[],"ta_other":[],"class_list":["post-38251","post","type-post","status-publish","format-standard","has-post-thumbnail","hentry","category-accueil-merge","category-accueil-third","category-politique","category-societe","tag-anthony-goncalves","tag-bouches-du-rhone","tag-complementaire","tag-entretien","tag-gouvernement","tag-marseille","tag-medicaments","tag-mutuelle-communale","tag-mutuelles","tag-pcf","tag-protection-sociale","tag-reste-a-charge","tag-sante","tag-securite-sociale","tag-ville-de-marseille","news-destination-homepage","news-source-website"],"_links":{"self":[{"href":"https:\/\/euapp01.newsmemory.com\/lamarseillaise\/news\/wp-json\/wp\/v2\/posts\/38251","targetHints":{"allow":["GET"]}}],"collection":[{"href":"https:\/\/euapp01.newsmemory.com\/lamarseillaise\/news\/wp-json\/wp\/v2\/posts"}],"about":[{"href":"https:\/\/euapp01.newsmemory.com\/lamarseillaise\/news\/wp-json\/wp\/v2\/types\/post"}],"author":[{"embeddable":true,"href":"https:\/\/euapp01.newsmemory.com\/lamarseillaise\/news\/wp-json\/wp\/v2\/users\/1"}],"replies":[{"embeddable":true,"href":"https:\/\/euapp01.newsmemory.com\/lamarseillaise\/news\/wp-json\/wp\/v2\/comments?post=38251"}],"version-history":[{"count":1,"href":"https:\/\/euapp01.newsmemory.com\/lamarseillaise\/news\/wp-json\/wp\/v2\/posts\/38251\/revisions"}],"predecessor-version":[{"id":38253,"href":"https:\/\/euapp01.newsmemory.com\/lamarseillaise\/news\/wp-json\/wp\/v2\/posts\/38251\/revisions\/38253"}],"wp:featuredmedia":[{"embeddable":true,"href":"https:\/\/euapp01.newsmemory.com\/lamarseillaise\/news\/wp-json\/wp\/v2\/media\/38252"}],"wp:attachment":[{"href":"https:\/\/euapp01.newsmemory.com\/lamarseillaise\/news\/wp-json\/wp\/v2\/media?parent=38251"}],"wp:term":[{"taxonomy":"category","embeddable":true,"href":"https:\/\/euapp01.newsmemory.com\/lamarseillaise\/news\/wp-json\/wp\/v2\/categories?post=38251"},{"taxonomy":"post_tag","embeddable":true,"href":"https:\/\/euapp01.newsmemory.com\/lamarseillaise\/news\/wp-json\/wp\/v2\/tags?post=38251"},{"taxonomy":"news-destination","embeddable":true,"href":"https:\/\/euapp01.newsmemory.com\/lamarseillaise\/news\/wp-json\/wp\/v2\/news-destination?post=38251"},{"taxonomy":"news-source","embeddable":true,"href":"https:\/\/euapp01.newsmemory.com\/lamarseillaise\/news\/wp-json\/wp\/v2\/news-source?post=38251"},{"taxonomy":"is_homepage","embeddable":true,"href":"https:\/\/euapp01.newsmemory.com\/lamarseillaise\/news\/wp-json\/wp\/v2\/is_homepage?post=38251"},{"taxonomy":"ta_other","embeddable":true,"href":"https:\/\/euapp01.newsmemory.com\/lamarseillaise\/news\/wp-json\/wp\/v2\/ta_other?post=38251"}],"curies":[{"name":"wp","href":"https:\/\/api.w.org\/{rel}","templated":true}]}}