{"id":38245,"date":"2026-08-03T07:26:00","date_gmt":"2026-08-03T05:26:00","guid":{"rendered":"https:\/\/euapp01.newsmemory.com\/lamarseillaise\/news\/?p=38245"},"modified":"2026-08-03T10:15:42","modified_gmt":"2026-08-03T08:15:42","slug":"la-ronde-daix-des-jeunes-a-reussi-sa-grande-premiere","status":"publish","type":"post","link":"https:\/\/euapp01.newsmemory.com\/lamarseillaise\/news\/2026\/08\/03\/la-ronde-daix-des-jeunes-a-reussi-sa-grande-premiere\/","title":{"rendered":"La Ronde d\u2019Aix des jeunes a r\u00e9ussi sa grande premi\u00e8re"},"content":{"rendered":"<div class=\"paragraph\">\n<p>Sans eux, le cyclisme professionnel n\u2019existerait pas du tout.<\/p>\n<p>Les classes biberons des clubs cyclistes ont besoin d\u2019une mise en lumi\u00e8re pour poursuivre leur mission de formation. Et quoi de mieux qu\u2019un crit\u00e9rium de renomm\u00e9e mondiale pour cela\u00a0? C\u2019est la belle soir\u00e9e qu\u2019ont pass\u00e9e les 31\u00a0jeunes r\u00e9gionaux retenus pour prendre part \u00e0 la toute premi\u00e8re Ronde des jeunes.<\/p>\n<p>Trois s\u00e9ries ont ainsi \u00e9t\u00e9 propos\u00e9es, en lev\u00e9e de rideau de la course gagn\u00e9e par Paul Magnier, vendredi en fin de journ\u00e9e. Comme les professionnels, les minots ont emprunt\u00e9 le circuit dessin\u00e9 le long du cours Mirabeau. Et comme les professionnels, ils se sont donn\u00e9s \u00e0 fond.<\/p>\n<\/p><\/div>\n<div class=\"intext\"> Des \u00e9toiles plein les yeux\n              <\/div>\n<div class=\"paragraph\">\n<p>Pour le pr\u00e9sident du comit\u00e9 d\u00e9partemental cycliste Yohann Szymczak, \u00ab\u00a0<i>c\u2019est g\u00e9nial pour ces gamins. Ils avaient des \u00e9toiles plein les yeux. Ils vivent le v\u00e9lo \u00e0 100%, et c\u2019est pour eux une belle r\u00e9compense<\/i><i>\u00a0<\/i>\u00bb.<\/p>\n<p>Les clubs d\u2019Istres, La Pomme, Saint-Antoine &#8211; La gavotte, Berre-l\u2019\u00c9tang, Ch\u00e2teau Gombert, Plan-de-Cuques, Arles et Aix \u00e9taient pr\u00e9sents pour les Bouches-du-Rh\u00f4ne. Un contingent compl\u00e9t\u00e9 par une d\u00e9l\u00e9gation du Thor, venue en voisin de Vaucluse. Les trois courses \u00e9taient ouvertes aux U13, U15 et U17. <span class=\"mln_uppercase_mln\">\u00e0<\/span> l\u2019issue des \u00e9preuves, l\u2019annonce d\u2019une seconde \u00e9dition a \u00e9t\u00e9 faite sur le podium.<\/p>\n<p>Les f\u00e9minines ont \u00e9galement \u00e9t\u00e9 \u00e0 l\u2019honneur, avec la recr\u00e9ation de la Ronde d\u00e9di\u00e9e aux Femmes. Quarante ans apr\u00e8s l\u2019\u00e9dition initiale, gagn\u00e9e par Jeannie Longo, elles \u00e9taient treize sur la ligne de d\u00e9part et ont ouvert la voie de la finale de la Ronde.<\/p>\n<\/p><\/div>\n","protected":false},"excerpt":{"rendered":"Sans eux, le cyclisme professionnel n&rsquo;existerait pas du tout.Les classes biberons des clubs cyclistes ont besoin d&rsquo;une mise en lumi&egrave;re pour poursuivre leur mission de formation. Et quoi de mieux qu&rsquo;un crit&eacute;rium de &#8230;","protected":false},"author":1,"featured_media":38246,"comment_status":"open","ping_status":"open","sticky":false,"template":"","format":"standard","meta":{"footnotes":""},"categories":[7],"tags":[556,10,1144,59,6189],"news-destination":[],"news-source":[475],"is_homepage":[],"ta_other":[],"class_list":["post-38245","post","type-post","status-publish","format-standard","has-post-thumbnail","hentry","category-sports","tag-aix-en-provence","tag-bouches-du-rhone","tag-cyclisme","tag-jeunes","tag-ronde-daix","news-source-website"],"_links":{"self":[{"href":"https:\/\/euapp01.newsmemory.com\/lamarseillaise\/news\/wp-json\/wp\/v2\/posts\/38245","targetHints":{"allow":["GET"]}}],"collection":[{"href":"https:\/\/euapp01.newsmemory.com\/lamarseillaise\/news\/wp-json\/wp\/v2\/posts"}],"about":[{"href":"https:\/\/euapp01.newsmemory.com\/lamarseillaise\/news\/wp-json\/wp\/v2\/types\/post"}],"author":[{"embeddable":true,"href":"https:\/\/euapp01.newsmemory.com\/lamarseillaise\/news\/wp-json\/wp\/v2\/users\/1"}],"replies":[{"embeddable":true,"href":"https:\/\/euapp01.newsmemory.com\/lamarseillaise\/news\/wp-json\/wp\/v2\/comments?post=38245"}],"version-history":[{"count":1,"href":"https:\/\/euapp01.newsmemory.com\/lamarseillaise\/news\/wp-json\/wp\/v2\/posts\/38245\/revisions"}],"predecessor-version":[{"id":38247,"href":"https:\/\/euapp01.newsmemory.com\/lamarseillaise\/news\/wp-json\/wp\/v2\/posts\/38245\/revisions\/38247"}],"wp:featuredmedia":[{"embeddable":true,"href":"https:\/\/euapp01.newsmemory.com\/lamarseillaise\/news\/wp-json\/wp\/v2\/media\/38246"}],"wp:attachment":[{"href":"https:\/\/euapp01.newsmemory.com\/lamarseillaise\/news\/wp-json\/wp\/v2\/media?parent=38245"}],"wp:term":[{"taxonomy":"category","embeddable":true,"href":"https:\/\/euapp01.newsmemory.com\/lamarseillaise\/news\/wp-json\/wp\/v2\/categories?post=38245"},{"taxonomy":"post_tag","embeddable":true,"href":"https:\/\/euapp01.newsmemory.com\/lamarseillaise\/news\/wp-json\/wp\/v2\/tags?post=38245"},{"taxonomy":"news-destination","embeddable":true,"href":"https:\/\/euapp01.newsmemory.com\/lamarseillaise\/news\/wp-json\/wp\/v2\/news-destination?post=38245"},{"taxonomy":"news-source","embeddable":true,"href":"https:\/\/euapp01.newsmemory.com\/lamarseillaise\/news\/wp-json\/wp\/v2\/news-source?post=38245"},{"taxonomy":"is_homepage","embeddable":true,"href":"https:\/\/euapp01.newsmemory.com\/lamarseillaise\/news\/wp-json\/wp\/v2\/is_homepage?post=38245"},{"taxonomy":"ta_other","embeddable":true,"href":"https:\/\/euapp01.newsmemory.com\/lamarseillaise\/news\/wp-json\/wp\/v2\/ta_other?post=38245"}],"curies":[{"name":"wp","href":"https:\/\/api.w.org\/{rel}","templated":true}]}}