{"id":38239,"date":"2026-08-03T07:28:00","date_gmt":"2026-08-03T05:28:00","guid":{"rendered":"https:\/\/euapp01.newsmemory.com\/lamarseillaise\/news\/?p=38239"},"modified":"2026-08-03T10:15:42","modified_gmt":"2026-08-03T08:15:42","slug":"tour-de-france-lorena-wiebes-survole-le-grand-depart-sur-les-routes-de-suisse","status":"publish","type":"post","link":"https:\/\/euapp01.newsmemory.com\/lamarseillaise\/news\/2026\/08\/03\/tour-de-france-lorena-wiebes-survole-le-grand-depart-sur-les-routes-de-suisse\/","title":{"rendered":"[Tour de France] Lor\u00e9na Wiebes survole le grand d\u00e9part sur les routes de Suisse"},"content":{"rendered":"<div class=\"paragraph\">\n<p>Poligny sera la premi\u00e8re ville \u00e9tape fran\u00e7aise de la Grande boucle f\u00e9minine.<\/p>\n<p>La cit\u00e9 du Jura attend avec impatience un peloton qui a eu le temps de se roder sur les routes de Suisse. Parties samedi de Lausanne, les coureuses ont ensuite rejoint Gen\u00e8ve, le long des rives du L\u00e9man. Avec \u00e0 la clef de belles ambiances assur\u00e9es par un public de connaisseurs.<\/p>\n<p>La premi\u00e8re \u00e9tape, longtemps ronronnante et seulement anim\u00e9e par la longue mais vaine \u00e9chapp\u00e9e d&#8217;un quatuor emmen\u00e9 par la Fran\u00e7aise Oc\u00e9ane Mah\u00e9, a donn\u00e9 lieu \u00e0 un final en feu d&#8217;artifice.<\/p>\n<p>L&#8217;arriv\u00e9e au sommet de la c\u00f4te Saint-Fran\u00e7ois (2,6\u00a0km \u00e0 4,6%) aurait pu sourire \u00e0 une puncheuse. Mais personne n&#8217;a pu d\u00e9crocher Lor\u00e9na Wiebes, qui, comme en 2022, 2023 et 2025, a lev\u00e9 les bras dans le Tour. \u00ab\u00a0<i>C\u2019\u00e9tait un sprint long, un effort terrible. Je me suis accroch\u00e9e dans les plus forts pourcentages de la c\u00f4te finale \u00e0 1<\/i><i>\u00a0<\/i><i>500<\/i><i>\u00a0<\/i><i>m de la ligne. Et au kilom\u00e8tre, je me suis dit que les puncheuses ne pourraient plus me d\u00e9crocher<\/i><i>\u00a0<\/i>\u00bb, a expliqu\u00e9 la v\u00e9loce batave.<\/p>\n<p>Victorieuse l\u2019an dernier, la Fran\u00e7aise Pauline Ferrand-Pr\u00e9vot a termin\u00e9 8<sup>e<\/sup> de cette \u00e9tape initiale. Cr\u00e9dit\u00e9e du m\u00eame temps que la gagnante.<\/p>\n<\/p><\/div>\n<div class=\"intext\"> Wiebes confirme\n              <\/div>\n<div class=\"paragraph\">\n<p>Dimanche, entre Aigle et Gen\u00e8ve, Lor\u00e9na Wiebes a r\u00e9cidiv\u00e9 et confort\u00e9 son maillot jaune. Tandis que les favorites pour la victoire finale ont une nouvelle fois \u00e9t\u00e9 cr\u00e9dit\u00e9es du m\u00eame temps.<\/p>\n<p>Vainqueure sortante, la Fran\u00e7aise Pauline Ferrand-Pr\u00e9vot a termin\u00e9 en 38<sup>e<\/sup>\u00a0position, jamais mise en difficult\u00e9 au sein du peloton, \u00e0 l&#8217;instar de sa grande rivale Demi Vollering (34<sup>e<\/sup>). Le peloton, emmen\u00e9 par la Belge Lotte Kopecky, est revenu \u00e0 400\u00a0m\u00e8tres de la ligne sur la N\u00e9erlandaise Riejanne Markus qui avait pris les devants \u00e0 39\u00a0kilom\u00e8tres de Gen\u00e8ve jusqu&#8217;\u00e0 compter une minute d&#8217;avance. \u00ab\u00a0<i>Mes \u00e9quipi\u00e8res, Lotte notamment, ont chass\u00e9 toute la journ\u00e9e, \u00e0 la fin pour revenir sur Riejanne qui nous a mises en difficult\u00e9. J&#8217;ai d\u00fb me d\u00e9brouiller seule dans la derni\u00e8re ligne droite mais j&#8217;ai r\u00e9ussi \u00e0 me faufiler avant de placer mon effort aux 250<\/i><i>\u00a0<\/i><i>m\u00e8tres<\/i><i>\u00a0<\/i><i>\u00bb<\/i>, a comment\u00e9 Wiebes.<\/p>\n<p>Pour la troisi\u00e8me \u00e9tape, le peloton va entrer en France, avec une arriv\u00e9e \u00e0 Poligny.<\/p>\n<\/p><\/div>\n","protected":false},"excerpt":{"rendered":"Poligny sera la premi&egrave;re ville &eacute;tape fran&ccedil;aise de la Grande boucle f&eacute;minine.La cit&eacute; du Jura attend avec impatience un peloton qui a eu le temps de se roder sur les routes de Suisse. Parties samedi de Lausanne, les &#8230;","protected":false},"author":1,"featured_media":38240,"comment_status":"open","ping_status":"open","sticky":false,"template":"","format":"standard","meta":{"footnotes":""},"categories":[7],"tags":[1144,6208,967,3254],"news-destination":[],"news-source":[475],"is_homepage":[],"ta_other":[],"class_list":["post-38239","post","type-post","status-publish","format-standard","has-post-thumbnail","hentry","category-sports","tag-cyclisme","tag-geneve","tag-suisse","tag-tour-de-france-feminin","news-source-website"],"_links":{"self":[{"href":"https:\/\/euapp01.newsmemory.com\/lamarseillaise\/news\/wp-json\/wp\/v2\/posts\/38239","targetHints":{"allow":["GET"]}}],"collection":[{"href":"https:\/\/euapp01.newsmemory.com\/lamarseillaise\/news\/wp-json\/wp\/v2\/posts"}],"about":[{"href":"https:\/\/euapp01.newsmemory.com\/lamarseillaise\/news\/wp-json\/wp\/v2\/types\/post"}],"author":[{"embeddable":true,"href":"https:\/\/euapp01.newsmemory.com\/lamarseillaise\/news\/wp-json\/wp\/v2\/users\/1"}],"replies":[{"embeddable":true,"href":"https:\/\/euapp01.newsmemory.com\/lamarseillaise\/news\/wp-json\/wp\/v2\/comments?post=38239"}],"version-history":[{"count":1,"href":"https:\/\/euapp01.newsmemory.com\/lamarseillaise\/news\/wp-json\/wp\/v2\/posts\/38239\/revisions"}],"predecessor-version":[{"id":38241,"href":"https:\/\/euapp01.newsmemory.com\/lamarseillaise\/news\/wp-json\/wp\/v2\/posts\/38239\/revisions\/38241"}],"wp:featuredmedia":[{"embeddable":true,"href":"https:\/\/euapp01.newsmemory.com\/lamarseillaise\/news\/wp-json\/wp\/v2\/media\/38240"}],"wp:attachment":[{"href":"https:\/\/euapp01.newsmemory.com\/lamarseillaise\/news\/wp-json\/wp\/v2\/media?parent=38239"}],"wp:term":[{"taxonomy":"category","embeddable":true,"href":"https:\/\/euapp01.newsmemory.com\/lamarseillaise\/news\/wp-json\/wp\/v2\/categories?post=38239"},{"taxonomy":"post_tag","embeddable":true,"href":"https:\/\/euapp01.newsmemory.com\/lamarseillaise\/news\/wp-json\/wp\/v2\/tags?post=38239"},{"taxonomy":"news-destination","embeddable":true,"href":"https:\/\/euapp01.newsmemory.com\/lamarseillaise\/news\/wp-json\/wp\/v2\/news-destination?post=38239"},{"taxonomy":"news-source","embeddable":true,"href":"https:\/\/euapp01.newsmemory.com\/lamarseillaise\/news\/wp-json\/wp\/v2\/news-source?post=38239"},{"taxonomy":"is_homepage","embeddable":true,"href":"https:\/\/euapp01.newsmemory.com\/lamarseillaise\/news\/wp-json\/wp\/v2\/is_homepage?post=38239"},{"taxonomy":"ta_other","embeddable":true,"href":"https:\/\/euapp01.newsmemory.com\/lamarseillaise\/news\/wp-json\/wp\/v2\/ta_other?post=38239"}],"curies":[{"name":"wp","href":"https:\/\/api.w.org\/{rel}","templated":true}]}}