{"id":38236,"date":"2026-08-03T07:40:00","date_gmt":"2026-08-03T05:40:00","guid":{"rendered":"https:\/\/euapp01.newsmemory.com\/lamarseillaise\/news\/?p=38236"},"modified":"2026-08-08T08:28:10","modified_gmt":"2026-08-08T06:28:10","slug":"entretien-guillaume-roubaud-quashie-la-fondation-gabriel-peri-encore-plus-que-les-autres-est-menacee","status":"publish","type":"post","link":"https:\/\/euapp01.newsmemory.com\/lamarseillaise\/news\/2026\/08\/03\/entretien-guillaume-roubaud-quashie-la-fondation-gabriel-peri-encore-plus-que-les-autres-est-menacee\/","title":{"rendered":"[Entretien] Guillaume Roubaud-Quashie : \u00ab&nbsp;La Fondation Gabriel-P\u00e9ri, encore plus que les autres, est menac\u00e9e&nbsp;\u00bb"},"content":{"rendered":"<div class=\"paragraph\">\n<p>La Marseillaise\u00a0: <b>Vous avez alert\u00e9 sur la situation financi\u00e8re de la Fondation Gabriel-P\u00e9ri, son existence est-elle aujourd\u2019hui menac\u00e9e<\/b><b>\u00a0<\/b><b>?<\/b><\/p>\n<p>Guillaume Roubaud-Quashie\u00a0: Depuis le d\u00e9but de son financement public, la trajectoire est simple, on est autour d\u2019une division par quatre des budgets de la Fondation depuis 2007. Depuis l\u2019accession d\u2019Emmanuel Macron au pouvoir, donc sur seulement 10\u00a0ans, on a plus que divis\u00e9 par deux. Ce sont des baisses bien plus radicales que dans d\u2019autres secteurs, il y a des responsabilit\u00e9s politiques claires de ce c\u00f4t\u00e9-l\u00e0. Si on continue comme \u00e7a, dans peu de temps, \u00e7a sera fini, tout simplement. C\u2019est une mise en danger mortelle des fondations \u00e0 vocation politique, \u00e0 commencer par la Fondation Gabriel-P\u00e9ri qui, encore plus que les autres, est menac\u00e9e aujourd\u2019hui.<\/p>\n<p><b>Cet affaiblissement<br \/>des fondations politiques repr\u00e9sente-t-il un danger pour<br \/>le d\u00e9bat d\u00e9mocratique<\/b><b>\u00a0<\/b><b>?<\/b><\/p>\n<p>G.R.-Q.\u00a0: Oui, on vit un moment de crise d\u00e9mocratique consid\u00e9rable, et on a besoin de d\u00e9bats argument\u00e9s pour l\u2019affronter. Il faut savoir qu\u2019en France, ce qui a compt\u00e9 dans le d\u00e9veloppement des fondations, c\u2019est l\u2019accession pour la premi\u00e8re fois de l\u2019extr\u00eame droite au pouvoir le 21\u00a0avril 2002, et l\u2019id\u00e9e que la R\u00e9publique fran\u00e7aise \u00e9tait peut-\u00eatre menac\u00e9e. Il fallait r\u00e9fl\u00e9chir \u00e0 des structures contribuant \u00e0 renforcer l\u2019ampleur, la vitalit\u00e9 et la qualit\u00e9 du d\u00e9bat d\u00e9mocratique. C\u2019est dans cet esprit que la Fondation Gabriel-P\u00e9ri a \u00e9t\u00e9 cr\u00e9\u00e9e, en 2004, \u00e0 l\u2019initiative du Parti communiste fran\u00e7ais. Les raisons qui ont men\u00e9 \u00e0 la cr\u00e9ation de ces fondations sont aujourd\u2019hui encore plus fortes qu\u2019elles ne l\u2019\u00e9taient \u00e0 l\u2019\u00e9poque. Je pense que, par leur capacit\u00e9 \u00e0 produire des travaux qui vont au-del\u00e0 des tweets, des expressions courtes ou des pol\u00e9miques superficielles, les fondations ont aujourd\u2019hui un r\u00f4le tr\u00e8s pr\u00e9cieux.<\/p>\n<p><b>Vous vous \u00eates rendus mardi dernier \u00e0 Matignon, avez-vous eu les r\u00e9ponses que vous esp\u00e9riez<\/b><b>\u00a0<\/b><b>?<\/b><\/p>\n<p>G.R.-Q.\u00a0: Avec d\u2019autres fondations, nous avons alert\u00e9 le Premier ministre quant \u00e0 la situation d\u2019extinction des fondations. Nous sommes actuellement en discussion pour envisager la suite.<\/p>\n<p><b>Concr\u00e8tement, comment soutenir la Fondation<\/b><b>\u00a0<\/b><b>?<\/b><\/p>\n<p>G.R.-Q.\u00a0: On a l\u2019objectif de r\u00e9colter plusieurs dizaines de milliers d\u2019euros pour affronter les coupes de l\u2019ann\u00e9e. Il y a deux choses \u00e0 faire. D\u2019abord, souscrire est une aide concr\u00e8te et imm\u00e9diate. Sur le site de la Fondation, on peut faire des dons d\u00e9fiscalis\u00e9s. Le deuxi\u00e8me aspect, c\u2019est de participer aux activit\u00e9s qu\u2019organise la Fondation. Elle a une revue qui s\u2019appelle <i>La Pens\u00e9e<\/i> et propose aussi des expositions gratuites. Il faut faire vivre et conna\u00eetre la Fondation Gabriel-P\u00e9ri, nous solliciter pour l\u2019organisation de d\u00e9bats&#8230; Ce travail, il est \u00e0 la disposition de toutes et tous, et pour que \u00e7a puisse continuer, on a besoin d\u2019un soutien plus large. On a commenc\u00e9 \u00e0 recevoir un certain nombre de dons, c\u2019est encourageant, mais il faut que cette dynamique se poursuive. J\u2019esp\u00e8re que la p\u00e9riode de difficult\u00e9 financi\u00e8re lourde que nous affrontons sera l\u2019occasion pour celles et ceux qui ne connaissent pas encore la Fondation de d\u00e9couvrir ce qu\u2019elle fait et par la m\u00eame occasion, de multiplier les partenaires et les initiatives \u00e0 l\u2019\u00e9chelle nationale. La p\u00e9riode que l\u2019on vit m\u00e8ne \u00e0 beaucoup d\u2019interrogations, beaucoup de gens cherchent des r\u00e9ponses, des \u00e9l\u00e9ments de r\u00e9flexion, et s\u2019il y a une demande, nous on est l\u00e0 pour \u00e7a. Je suis confiant, m\u00eame s\u2019il y a des batailles \u00e0 mener, on a l\u2019habitude.<\/p>\n<p><b>Entretien r\u00e9alis\u00e9 par Andr\u00e9a Goyard-de Castro<\/b><\/p>\n<\/p><\/div>\n","protected":false},"excerpt":{"rendered":"La Marseillaise&nbsp;: Vous avez alert&eacute; sur la situation financi&egrave;re de la Fondation Gabriel-P&eacute;ri, son existence est-elle aujourd&rsquo;hui menac&eacute;e&nbsp;?","protected":false},"author":1,"featured_media":38237,"comment_status":"open","ping_status":"open","sticky":false,"template":"","format":"standard","meta":{"footnotes":""},"categories":[3926,3925,330],"tags":[430,481,1269,622,343,163,572,848,623,576,1729,833],"news-destination":[3944],"news-source":[475],"is_homepage":[],"ta_other":[],"class_list":["post-38236","post","type-post","status-publish","format-standard","has-post-thumbnail","hentry","category-accueil-merge","category-accueil-third","category-politique","tag-budget","tag-debat-public","tag-debats","tag-democratie","tag-entretien","tag-financement","tag-france","tag-matignon","tag-parti-communiste","tag-premier-ministre","tag-resistance","tag-sebastien-lecornu","news-destination-homepage","news-source-website"],"_links":{"self":[{"href":"https:\/\/euapp01.newsmemory.com\/lamarseillaise\/news\/wp-json\/wp\/v2\/posts\/38236","targetHints":{"allow":["GET"]}}],"collection":[{"href":"https:\/\/euapp01.newsmemory.com\/lamarseillaise\/news\/wp-json\/wp\/v2\/posts"}],"about":[{"href":"https:\/\/euapp01.newsmemory.com\/lamarseillaise\/news\/wp-json\/wp\/v2\/types\/post"}],"author":[{"embeddable":true,"href":"https:\/\/euapp01.newsmemory.com\/lamarseillaise\/news\/wp-json\/wp\/v2\/users\/1"}],"replies":[{"embeddable":true,"href":"https:\/\/euapp01.newsmemory.com\/lamarseillaise\/news\/wp-json\/wp\/v2\/comments?post=38236"}],"version-history":[{"count":1,"href":"https:\/\/euapp01.newsmemory.com\/lamarseillaise\/news\/wp-json\/wp\/v2\/posts\/38236\/revisions"}],"predecessor-version":[{"id":38238,"href":"https:\/\/euapp01.newsmemory.com\/lamarseillaise\/news\/wp-json\/wp\/v2\/posts\/38236\/revisions\/38238"}],"wp:featuredmedia":[{"embeddable":true,"href":"https:\/\/euapp01.newsmemory.com\/lamarseillaise\/news\/wp-json\/wp\/v2\/media\/38237"}],"wp:attachment":[{"href":"https:\/\/euapp01.newsmemory.com\/lamarseillaise\/news\/wp-json\/wp\/v2\/media?parent=38236"}],"wp:term":[{"taxonomy":"category","embeddable":true,"href":"https:\/\/euapp01.newsmemory.com\/lamarseillaise\/news\/wp-json\/wp\/v2\/categories?post=38236"},{"taxonomy":"post_tag","embeddable":true,"href":"https:\/\/euapp01.newsmemory.com\/lamarseillaise\/news\/wp-json\/wp\/v2\/tags?post=38236"},{"taxonomy":"news-destination","embeddable":true,"href":"https:\/\/euapp01.newsmemory.com\/lamarseillaise\/news\/wp-json\/wp\/v2\/news-destination?post=38236"},{"taxonomy":"news-source","embeddable":true,"href":"https:\/\/euapp01.newsmemory.com\/lamarseillaise\/news\/wp-json\/wp\/v2\/news-source?post=38236"},{"taxonomy":"is_homepage","embeddable":true,"href":"https:\/\/euapp01.newsmemory.com\/lamarseillaise\/news\/wp-json\/wp\/v2\/is_homepage?post=38236"},{"taxonomy":"ta_other","embeddable":true,"href":"https:\/\/euapp01.newsmemory.com\/lamarseillaise\/news\/wp-json\/wp\/v2\/ta_other?post=38236"}],"curies":[{"name":"wp","href":"https:\/\/api.w.org\/{rel}","templated":true}]}}