{"id":38233,"date":"2026-08-03T07:15:00","date_gmt":"2026-08-03T05:15:00","guid":{"rendered":"https:\/\/euapp01.newsmemory.com\/lamarseillaise\/news\/?p=38233"},"modified":"2026-08-08T08:29:33","modified_gmt":"2026-08-08T06:29:33","slug":"lete-du-sport-gratuit-pour-les-petits-aixois-qui-ne-partent-pas","status":"publish","type":"post","link":"https:\/\/euapp01.newsmemory.com\/lamarseillaise\/news\/2026\/08\/03\/lete-du-sport-gratuit-pour-les-petits-aixois-qui-ne-partent-pas\/","title":{"rendered":"L\u2019\u00e9t\u00e9, du sport gratuit pour les petits Aixois qui ne partent pas"},"content":{"rendered":"<div class=\"paragraph\">\n<p>L\u2019initiative est partie d\u2019un constat\u00a0: si associations et centres sociaux ferment leurs portes au mois d\u2019ao\u00fbt, beaucoup de familles ne partent pas. Pour la quatri\u00e8me ann\u00e9e, la mairie, dans le cadre de son contrat de Ville, relance ses Nocturnes\u00a02026, soir\u00e9es sportives et culturelles organis\u00e9es trois fois par semaine, tous les mercredis, jeudis et vendredis du 29\u00a0juillet au 21\u00a0ao\u00fbt, de 18h \u00e0 21h30. \u00ab<i>\u00a0<\/i><i>L\u2019id\u00e9e est de remobiliser toutes les associations avec lesquelles on travaille pendant l\u2019ann\u00e9e, on leur demande de venir et elles proposent des stands d\u2019activit\u00e9s<\/i>\u00a0\u00bb<i>,<\/i> pr\u00e9cise-t-on du c\u00f4t\u00e9 de la municipalit\u00e9.<\/p>\n<p>L\u2019\u00e9v\u00e9nement, est coorganis\u00e9 par l\u2019association F\u00eate le Mur, fond\u00e9e par Yannick Noah et destin\u00e9e \u00e0 accompagner les jeunes des quartiers prioritaires par le tennis. \u00ab\u00a0<i>Un rendez-vous incontournable de l\u2019\u00e9t\u00e9, <\/i>pr\u00e9cise Selma Mechiouki, pr\u00e9sidente de l\u2019association. <i>Nous sommes convaincus que le sport en g\u00e9n\u00e9ral est un v\u00e9ritable vecteur d\u2019inclusion, d\u2019\u00e9ducation, de confiance en soi et de r\u00e9ussite pour tous nos jeunes. Les Nocturnes participent \u00e0 cette dynamique. Elles permettent d\u2019animer le quartier, de cr\u00e9er du lien social, d\u2019offrir aux enfants et aux familles des moments de partage et de d\u00e9couverte<\/i>\u00a0\u00bb<i>. <\/i>L\u2019\u00e9v\u00e9nement des Nocturnes, s\u2019ouvre particuli\u00e8rement aux mineurs des quartiers populaires. Encadr\u00e9s par des dizaines d\u2019associations et structures, ils peuvent venir pratiquer, sur inscription, une multitude de sports mais aussi et depuis peu, des ateliers culturels. \u00ab\u00a0<i>Mais on a aussi des gens du centre-ville, m\u00eame si l\u2019\u00e9v\u00e9nement s\u2019adresse surtout \u00e0 un public qui en a le plus besoin<\/i>\u00a0\u00bb, pr\u00e9cise la municipalit\u00e9.<i><\/i><\/p>\n<p><i><\/i><\/p>\n<\/p><\/div>\n<div class=\"intext\"> En nocturne pour \u00e9viter<br \/>\n               <br \/>la chaleur\n              <\/div>\n<div class=\"paragraph\">\n<p>L\u2019inauguration de cette saison s\u2019est tenue vendredi 31\u00a0juillet, en pr\u00e9sence des \u00e9lus. Parmi lesquels Elisabeth Huard, \u00e9lue \u00e0 la politique de la Ville, Salah-Eddine Khouiel, \u00e9lu du quartier du Jas-de-Bouffan, Herv\u00e9 Liberman, \u00e9lu aux sports et Michel Boulan, d\u00e9l\u00e9gu\u00e9 aux sports pour la M\u00e9tropole, alors que des dizaines de jeunes envahissent d\u00e9j\u00e0 le terrain du gymnase Yves Blanc, o\u00f9 les activit\u00e9s sportives se d\u00e9rouleront. \u00ab\u00a0<i>Nous avons choisi de faire \u00e7a en nocturne parce que la journ\u00e9e, il fait une chaleur terrible, <\/i>pr\u00e9cise Elisabeth Huard<i>. Et ici, on peut aussi regrouper les familles.<\/i><i>\u00a0<\/i><i>\u00bb <\/i>L\u2019\u00e9v\u00e9nement<i>, <\/i>toujours selon l\u2019\u00e9lue, permet aussi aux associations sportives de se faire conna\u00eetre, \u00e0 quelques semaines de la Journ\u00e9e des associations.<\/p>\n<\/p><\/div>\n","protected":false},"excerpt":{"rendered":"L&rsquo;initiative est partie d&rsquo;un constat&nbsp;: si associations et centres sociaux ferment leurs portes au mois d&rsquo;ao&ucirc;t, beaucoup de familles ne partent pas. Pour la quatri&egrave;me ann&eacute;e, la mairie, dans le cadre de son &#8230;","protected":false},"author":1,"featured_media":38234,"comment_status":"open","ping_status":"open","sticky":false,"template":"","format":"standard","meta":{"footnotes":""},"categories":[3926,3925,20],"tags":[2873,556,168,10,1774,373,1083,59,55,253,6207,269,394,720,6206],"news-destination":[3944],"news-source":[475],"is_homepage":[],"ta_other":[],"class_list":["post-38233","post","type-post","status-publish","format-standard","has-post-thumbnail","hentry","category-accueil-merge","category-accueil-third","category-societe","tag-activites-de-loisirs","tag-aix-en-provence","tag-association","tag-bouches-du-rhone","tag-centres-sociaux","tag-chaleur","tag-gratuit","tag-jeunes","tag-loisirs","tag-mineurs","tag-nocturne","tag-quartiers-prioritaires","tag-sport","tag-ville","tag-yannick-noah","news-destination-homepage","news-source-website"],"_links":{"self":[{"href":"https:\/\/euapp01.newsmemory.com\/lamarseillaise\/news\/wp-json\/wp\/v2\/posts\/38233","targetHints":{"allow":["GET"]}}],"collection":[{"href":"https:\/\/euapp01.newsmemory.com\/lamarseillaise\/news\/wp-json\/wp\/v2\/posts"}],"about":[{"href":"https:\/\/euapp01.newsmemory.com\/lamarseillaise\/news\/wp-json\/wp\/v2\/types\/post"}],"author":[{"embeddable":true,"href":"https:\/\/euapp01.newsmemory.com\/lamarseillaise\/news\/wp-json\/wp\/v2\/users\/1"}],"replies":[{"embeddable":true,"href":"https:\/\/euapp01.newsmemory.com\/lamarseillaise\/news\/wp-json\/wp\/v2\/comments?post=38233"}],"version-history":[{"count":1,"href":"https:\/\/euapp01.newsmemory.com\/lamarseillaise\/news\/wp-json\/wp\/v2\/posts\/38233\/revisions"}],"predecessor-version":[{"id":38235,"href":"https:\/\/euapp01.newsmemory.com\/lamarseillaise\/news\/wp-json\/wp\/v2\/posts\/38233\/revisions\/38235"}],"wp:featuredmedia":[{"embeddable":true,"href":"https:\/\/euapp01.newsmemory.com\/lamarseillaise\/news\/wp-json\/wp\/v2\/media\/38234"}],"wp:attachment":[{"href":"https:\/\/euapp01.newsmemory.com\/lamarseillaise\/news\/wp-json\/wp\/v2\/media?parent=38233"}],"wp:term":[{"taxonomy":"category","embeddable":true,"href":"https:\/\/euapp01.newsmemory.com\/lamarseillaise\/news\/wp-json\/wp\/v2\/categories?post=38233"},{"taxonomy":"post_tag","embeddable":true,"href":"https:\/\/euapp01.newsmemory.com\/lamarseillaise\/news\/wp-json\/wp\/v2\/tags?post=38233"},{"taxonomy":"news-destination","embeddable":true,"href":"https:\/\/euapp01.newsmemory.com\/lamarseillaise\/news\/wp-json\/wp\/v2\/news-destination?post=38233"},{"taxonomy":"news-source","embeddable":true,"href":"https:\/\/euapp01.newsmemory.com\/lamarseillaise\/news\/wp-json\/wp\/v2\/news-source?post=38233"},{"taxonomy":"is_homepage","embeddable":true,"href":"https:\/\/euapp01.newsmemory.com\/lamarseillaise\/news\/wp-json\/wp\/v2\/is_homepage?post=38233"},{"taxonomy":"ta_other","embeddable":true,"href":"https:\/\/euapp01.newsmemory.com\/lamarseillaise\/news\/wp-json\/wp\/v2\/ta_other?post=38233"}],"curies":[{"name":"wp","href":"https:\/\/api.w.org\/{rel}","templated":true}]}}