{"id":38230,"date":"2026-08-03T07:18:00","date_gmt":"2026-08-03T05:18:00","guid":{"rendered":"https:\/\/euapp01.newsmemory.com\/lamarseillaise\/news\/?p=38230"},"modified":"2026-08-08T08:29:33","modified_gmt":"2026-08-08T06:29:33","slug":"loups-abattus-dans-les-hautes-alpes-one-voice-participera-au-proces","status":"publish","type":"post","link":"https:\/\/euapp01.newsmemory.com\/lamarseillaise\/news\/2026\/08\/03\/loups-abattus-dans-les-hautes-alpes-one-voice-participera-au-proces\/","title":{"rendered":"Loups abattus dans les Hautes-Alpes, One voice participera au proc\u00e8s"},"content":{"rendered":"<div class=\"paragraph\">\n<p>Alors qu\u2019\u00e0 l\u2019issue d\u2019une enqu\u00eate de pr\u00e8s d\u2019un an, la procureure de Gap, Marion Lozac\u2019hmeur, a annonc\u00e9 jeudi que trois personnes seront jug\u00e9es pour avoir abattu ill\u00e9galement neuf loups dans les Hautes-Alpes, l\u2019association One Voice a annonc\u00e9 dans un communiqu\u00e9 \u00eatre \u00ab\u00a0<i>partie prenante de la proc\u00e9dure<\/i>\u00a0\u00bb. \u00ab\u00a0<i>Neuf loups dans un seul d\u00e9partement<\/i>, <i>et pendant ce temps, 85<\/i><i>\u00a0<\/i><i>autres ont \u00e9t\u00e9 tu\u00e9s l\u00e9galement en France depuis janvier, sur un plafond national de 227 pour une population estim\u00e9e \u00e0 1<\/i><i>\u00a0<\/i><i>082<\/i><i>\u00a0<\/i><i>individus, tr\u00e8s loin du seuil de viabilit\u00e9 que les scientifiques situent a minima entre 2<\/i><i>\u00a0<\/i><i>500<\/i><i>\u00a0<\/i><i>et 5<\/i><i>\u00a0<\/i><i>000<\/i>\u00a0\u00bb, s\u2019indigne-t-elle.<\/p>\n<p>Pour One Voice, \u00ab\u00a0<i>le syst\u00e8me marche \u00e0 l\u2019envers<\/i>\u00a0\u00bb avec \u00ab\u00a0<i>un \u00e9leveur indemnis\u00e9 d\u00e8s lors que la responsabilit\u00e9 du loup &#8220;<\/i><i>n\u2019est pas \u00e9cart\u00e9e<\/i><i>&#8221; et ce sont ces m\u00eames constats qui servent ensuite \u00e0 justifier les tirs<\/i><i>\u00a0<\/i>\u00bb. Et de demander que \u00ab\u00a0<i>la logique soit invers\u00e9e<\/i>\u00a0\u00bb.<\/p>\n<p>Dans les Hautes-Alpes, les investigations avaient d\u00e9but\u00e9 en avril\u00a02025 \u00ab\u00a0<i>\u00e0 la suite d\u2019un signalement d\u2019atteintes \u00e0 la faune sauvage<\/i>\u00a0\u00bb dans le nord du d\u00e9partement, explique la procureure dans un communiqu\u00e9 sur ce \u00ab\u00a0<i>vaste coup de filet contre le braconnage des loups<\/i>\u00a0\u00bb.<\/p>\n<\/p><\/div>\n<div class=\"intext\"> Une esp\u00e8ce prot\u00e9g\u00e9e\n              <\/div>\n<div class=\"paragraph\">\n<p>Des mesures de surveillance sont alors mises en place par l\u2019Office fran\u00e7ais de biodiversit\u00e9 (OFB), qui permettent de d\u00e9couvrir \u00ab<i>\u00a0<\/i><i>des dispositifs de captation d\u2019images install\u00e9s \u00e0 proximit\u00e9 d\u2019une habitation<\/i><i>\u00a0<\/i>\u00bb. Presque un an plus tard, le 28\u00a0mars 2026, au cours d\u2019une de leurs observations sur ce site, les inspecteurs de l\u2019environnement font des constatations leur laissant pr\u00e9sumer qu\u2019un loup vient d\u2019\u00eatre abattu \u00ab\u00a0<i>en dehors de tout cadre l\u00e9gal<\/i>\u00a0\u00bb. Le lendemain, OFB et gendarmes perquisitionnent et tombent sur un charnier d\u2019animaux, vraisemblablement destin\u00e9 \u00e0 servir d\u2019app\u00e2ts, de \u00ab\u00a0<i>nombreuses<\/i><i>\u00a0<\/i>\u00bb armes \u00e0 feu et m\u00eame un cadavre de loup.<\/p>\n<p>Mardi, les enqu\u00eateurs ont proc\u00e9d\u00e9 \u00e0 l\u2019interpellation de trois personnes, plac\u00e9es en garde \u00e0 vue puis sous contr\u00f4le judiciaire dans l\u2019attente d\u2019un proc\u00e8s devant le tribunal correctionnel en janvier\u00a02027. Elles devront r\u00e9pondre de \u00ab\u00a0destruction et de complicit\u00e9 de destruction ill\u00e9gale d\u2019esp\u00e8ce prot\u00e9g\u00e9e\u00a0\u00bb.<\/p>\n<p>Six autres personnes ont par ailleurs \u00e9t\u00e9 entendues en audition libre. En France, l\u2019abattage de loups est encadr\u00e9 par la loi, l\u2019esp\u00e8ce restant toujours prot\u00e9g\u00e9e. Il est interdit en milieu naturel, sauf aux fins de d\u00e9fense des troupeaux. Des \u00ab\u00a0tirs de pr\u00e9l\u00e8vement\u00a0\u00bb sont autoris\u00e9s avec un nombre maximum de b\u00eates pouvant \u00eatre abattues.<\/p>\n<\/p><\/div>\n","protected":false},"excerpt":{"rendered":"Alors qu&rsquo;&agrave; l&rsquo;issue d&rsquo;une enqu&ecirc;te de pr&egrave;s d&rsquo;un an, la procureure de Gap, Marion Lozac&rsquo;hmeur, a annonc&eacute; jeudi que trois personnes seront jug&eacute;es pour avoir abattu ill&eacute;galement neuf &#8230;","protected":false},"author":1,"featured_media":38231,"comment_status":"open","ping_status":"open","sticky":false,"template":"","format":"standard","meta":{"footnotes":""},"categories":[3926,3925,333,20],"tags":[6205,4768,6204,84,3633,2823,1276,4032,376,1990,2237,3092,4416,178,4540,1694,2872,3948,204,3093],"news-destination":[3944],"news-source":[475],"is_homepage":[],"ta_other":[],"class_list":["post-38230","post","type-post","status-publish","format-standard","has-post-thumbnail","hentry","category-accueil-merge","category-accueil-third","category-environnement","category-societe","tag-abattage","tag-alpes","tag-armes-a-feu","tag-biodiversite","tag-controle-judiciaire","tag-destruction","tag-enquete","tag-especes-protegees","tag-faune-sauvage","tag-garde-a-vue","tag-gendarmes","tag-loups","tag-loups-gris","tag-population","tag-procedure","tag-proces","tag-scientifiques","tag-tirs","tag-tribunal-correctionnel","tag-troupeaux","news-destination-homepage","news-source-website"],"_links":{"self":[{"href":"https:\/\/euapp01.newsmemory.com\/lamarseillaise\/news\/wp-json\/wp\/v2\/posts\/38230","targetHints":{"allow":["GET"]}}],"collection":[{"href":"https:\/\/euapp01.newsmemory.com\/lamarseillaise\/news\/wp-json\/wp\/v2\/posts"}],"about":[{"href":"https:\/\/euapp01.newsmemory.com\/lamarseillaise\/news\/wp-json\/wp\/v2\/types\/post"}],"author":[{"embeddable":true,"href":"https:\/\/euapp01.newsmemory.com\/lamarseillaise\/news\/wp-json\/wp\/v2\/users\/1"}],"replies":[{"embeddable":true,"href":"https:\/\/euapp01.newsmemory.com\/lamarseillaise\/news\/wp-json\/wp\/v2\/comments?post=38230"}],"version-history":[{"count":1,"href":"https:\/\/euapp01.newsmemory.com\/lamarseillaise\/news\/wp-json\/wp\/v2\/posts\/38230\/revisions"}],"predecessor-version":[{"id":38232,"href":"https:\/\/euapp01.newsmemory.com\/lamarseillaise\/news\/wp-json\/wp\/v2\/posts\/38230\/revisions\/38232"}],"wp:featuredmedia":[{"embeddable":true,"href":"https:\/\/euapp01.newsmemory.com\/lamarseillaise\/news\/wp-json\/wp\/v2\/media\/38231"}],"wp:attachment":[{"href":"https:\/\/euapp01.newsmemory.com\/lamarseillaise\/news\/wp-json\/wp\/v2\/media?parent=38230"}],"wp:term":[{"taxonomy":"category","embeddable":true,"href":"https:\/\/euapp01.newsmemory.com\/lamarseillaise\/news\/wp-json\/wp\/v2\/categories?post=38230"},{"taxonomy":"post_tag","embeddable":true,"href":"https:\/\/euapp01.newsmemory.com\/lamarseillaise\/news\/wp-json\/wp\/v2\/tags?post=38230"},{"taxonomy":"news-destination","embeddable":true,"href":"https:\/\/euapp01.newsmemory.com\/lamarseillaise\/news\/wp-json\/wp\/v2\/news-destination?post=38230"},{"taxonomy":"news-source","embeddable":true,"href":"https:\/\/euapp01.newsmemory.com\/lamarseillaise\/news\/wp-json\/wp\/v2\/news-source?post=38230"},{"taxonomy":"is_homepage","embeddable":true,"href":"https:\/\/euapp01.newsmemory.com\/lamarseillaise\/news\/wp-json\/wp\/v2\/is_homepage?post=38230"},{"taxonomy":"ta_other","embeddable":true,"href":"https:\/\/euapp01.newsmemory.com\/lamarseillaise\/news\/wp-json\/wp\/v2\/ta_other?post=38230"}],"curies":[{"name":"wp","href":"https:\/\/api.w.org\/{rel}","templated":true}]}}