{"id":38224,"date":"2026-08-03T07:03:00","date_gmt":"2026-08-03T05:03:00","guid":{"rendered":"https:\/\/euapp01.newsmemory.com\/lamarseillaise\/news\/?p=38224"},"modified":"2026-08-08T08:16:28","modified_gmt":"2026-08-08T06:16:28","slug":"9-500-megots-ramasses-au-vallon-des-auffes","status":"publish","type":"post","link":"https:\/\/euapp01.newsmemory.com\/lamarseillaise\/news\/2026\/08\/03\/9-500-megots-ramasses-au-vallon-des-auffes\/","title":{"rendered":"9&nbsp;500&nbsp;m\u00e9gots ramass\u00e9s au Vallon des Auffes"},"content":{"rendered":"<div class=\"paragraph\">\n<p>\u00ab <i>P<\/i><i>ar l\u2019acte de ramasser b\u00e9n\u00e9volement, on montre aux gens qu\u2019on peut agir sans attendre que l\u2019initiative ne vienne des institutions<\/i>\u00a0\u00bb, raconte Naya, copr\u00e9sidente de l\u2019association Marseillaise 1\u00a0D\u00e9chet par jour. Ce dimanche, les \u00e9quipes \u00e9taient au Vallon des Auffes, pour une matin\u00e9e ramassage de d\u00e9chets. Avec les autres associations pr\u00e9sentes, AVA (Amis du Vallon des Auffes), et Boud\u2019mer, un nettoyage de la zone est organis\u00e9 une fois par mois, de mai \u00e0 septembre. \u00ab\u00a0<i>L\u2019id\u00e9e c\u2019est toujours de collaborer avec d\u2019autres associations, car au plus on est, au plus on va loin<\/i>\u00a0\u00bb, d\u00e9veloppe Anne Christelle, tr\u00e9sori\u00e8re d\u20191\u00a0D\u00e9chet par jour.<\/p>\n<\/p><\/div>\n<div class=\"intext\"> 9\u00a0kg de textile en deux heures\n              <\/div>\n<div class=\"paragraph\">\n<p>Dans l\u2019eau, plongeurs, apn\u00e9istes et kayaks ramassent toutes sortes de d\u00e9chets. Sur terre, les b\u00e9n\u00e9voles arpentent les rochers. Tous sont sur les lieux depuis 9h30 du matin. \u00ab\u00a0<i>On trouve beaucoup trop de m\u00e9gots, c\u2019est ce qu\u2019on ramasse le plus<\/i><i>\u00a0<\/i>\u00bb, se lamente Anne Christelle. Aux alentours de midi, les b\u00e9n\u00e9voles font leur inventaire et trient les d\u00e9chets selon le syst\u00e8me de la M\u00e9tropole en vue de leur recyclage. Certains chiffres sont particuli\u00e8rement significatifs\u00a0: ils ont ramass\u00e9, en 2\u00a0heures, 9\u00a0500\u00a0m\u00e9gots et 9\u00a0kg de textile. \u00ab\u00a0<i>Notre objectif est de faire en sorte que les gros d\u00e9chets restent le moins longtemps dans la mer, car une fois transform\u00e9s en microd\u00e9chets, on ne peut plus rien faire. Chaque semaine on ing\u00e8re 5<\/i><i>\u00a0<\/i><i>grammes de plastique<\/i><i>\u00a0<\/i>\u00bb, poursuit la tr\u00e9sori\u00e8re de l\u2019association.<\/p>\n<p>\u00ab\u00a0<i>On nettoie le vallon mais surtout on porte un message. Il y a toujours des gens qui sont curieux et qui posent des questions en passant<\/i><i>\u00a0<\/i>\u00bb, commente Augustin, b\u00e9n\u00e9vole depuis deux ans. La sensibilisation est un autre aspect central du travail de l\u2019association, qui intervient en milieu scolaire, professionnel et associatif. \u00ab\u00a0<i>80% des d\u00e9chets terriens finissent dans la mer, la sensibilisation est un acte citoyen<\/i><i>\u00a0<\/i>\u00bb conclut la copr\u00e9sidente.<\/p>\n<\/p><\/div>\n","protected":false},"excerpt":{"rendered":"&laquo; Par l&rsquo;acte de ramasser b&eacute;n&eacute;volement, on montre aux gens qu&rsquo;on peut agir sans attendre que l&rsquo;initiative ne vienne des institutions&nbsp;&raquo;, raconte Naya, copr&eacute;sidente de l&rsquo;association &#8230;","protected":false},"author":1,"featured_media":38225,"comment_status":"open","ping_status":"open","sticky":false,"template":"","format":"standard","meta":{"footnotes":""},"categories":[3926,3925,333],"tags":[6203,138,10,725,16,85,1700,3419,2239,1085,3868],"news-destination":[3944],"news-source":[475],"is_homepage":[],"ta_other":[],"class_list":["post-38224","post","type-post","status-publish","format-standard","has-post-thumbnail","hentry","category-accueil-merge","category-accueil-third","category-environnement","tag-1-dechet-par-jour","tag-associations","tag-bouches-du-rhone","tag-dechets","tag-marseille","tag-mer","tag-nettoyage","tag-ramassage","tag-recyclage","tag-sensibilisation","tag-vallon-des-auffes","news-destination-homepage","news-source-website"],"_links":{"self":[{"href":"https:\/\/euapp01.newsmemory.com\/lamarseillaise\/news\/wp-json\/wp\/v2\/posts\/38224","targetHints":{"allow":["GET"]}}],"collection":[{"href":"https:\/\/euapp01.newsmemory.com\/lamarseillaise\/news\/wp-json\/wp\/v2\/posts"}],"about":[{"href":"https:\/\/euapp01.newsmemory.com\/lamarseillaise\/news\/wp-json\/wp\/v2\/types\/post"}],"author":[{"embeddable":true,"href":"https:\/\/euapp01.newsmemory.com\/lamarseillaise\/news\/wp-json\/wp\/v2\/users\/1"}],"replies":[{"embeddable":true,"href":"https:\/\/euapp01.newsmemory.com\/lamarseillaise\/news\/wp-json\/wp\/v2\/comments?post=38224"}],"version-history":[{"count":1,"href":"https:\/\/euapp01.newsmemory.com\/lamarseillaise\/news\/wp-json\/wp\/v2\/posts\/38224\/revisions"}],"predecessor-version":[{"id":38226,"href":"https:\/\/euapp01.newsmemory.com\/lamarseillaise\/news\/wp-json\/wp\/v2\/posts\/38224\/revisions\/38226"}],"wp:featuredmedia":[{"embeddable":true,"href":"https:\/\/euapp01.newsmemory.com\/lamarseillaise\/news\/wp-json\/wp\/v2\/media\/38225"}],"wp:attachment":[{"href":"https:\/\/euapp01.newsmemory.com\/lamarseillaise\/news\/wp-json\/wp\/v2\/media?parent=38224"}],"wp:term":[{"taxonomy":"category","embeddable":true,"href":"https:\/\/euapp01.newsmemory.com\/lamarseillaise\/news\/wp-json\/wp\/v2\/categories?post=38224"},{"taxonomy":"post_tag","embeddable":true,"href":"https:\/\/euapp01.newsmemory.com\/lamarseillaise\/news\/wp-json\/wp\/v2\/tags?post=38224"},{"taxonomy":"news-destination","embeddable":true,"href":"https:\/\/euapp01.newsmemory.com\/lamarseillaise\/news\/wp-json\/wp\/v2\/news-destination?post=38224"},{"taxonomy":"news-source","embeddable":true,"href":"https:\/\/euapp01.newsmemory.com\/lamarseillaise\/news\/wp-json\/wp\/v2\/news-source?post=38224"},{"taxonomy":"is_homepage","embeddable":true,"href":"https:\/\/euapp01.newsmemory.com\/lamarseillaise\/news\/wp-json\/wp\/v2\/is_homepage?post=38224"},{"taxonomy":"ta_other","embeddable":true,"href":"https:\/\/euapp01.newsmemory.com\/lamarseillaise\/news\/wp-json\/wp\/v2\/ta_other?post=38224"}],"curies":[{"name":"wp","href":"https:\/\/api.w.org\/{rel}","templated":true}]}}