{"id":38221,"date":"2026-08-03T07:03:00","date_gmt":"2026-08-03T05:03:00","guid":{"rendered":"https:\/\/euapp01.newsmemory.com\/lamarseillaise\/news\/?p=38221"},"modified":"2026-08-08T08:29:33","modified_gmt":"2026-08-08T06:29:33","slug":"avec-la-grele-les-garagistes-et-les-assureurs-sont-sous-leau","status":"publish","type":"post","link":"https:\/\/euapp01.newsmemory.com\/lamarseillaise\/news\/2026\/08\/03\/avec-la-grele-les-garagistes-et-les-assureurs-sont-sous-leau\/","title":{"rendered":"Avec la gr\u00eale, les garagistes et les assureurs sont sous l\u2019eau"},"content":{"rendered":"<div class=\"paragraph\">\n<p><i>\u00ab O<\/i><i>n n\u2019est pas en capacit\u00e9 de r\u00e9pondre \u00e0 toutes les demandes<\/i>\u00a0\u00bb. Le discours revient en bouche chez les assureurs depuis le 25\u00a0juillet. Nombre de voitures ont en effet \u00e9t\u00e9 endommag\u00e9es par la gr\u00eale\u00a0: pare-brise fissur\u00e9s, carrosseries impact\u00e9es&#8230; et les appels aux assurances se multiplient. \u00ab\u00a0<i>Entre 20 et 30 par jour<\/i><i>\u00a0<\/i>\u00bb, explique l\u2019un d\u2019eux, soit \u00ab\u00a0<i>trois fois plus que d\u2019habitude<\/i>\u00a0\u00bb.<\/p>\n<p>Pour tous, le discours aux clients reste le m\u00eame\u00a0: se diriger vers les carrosseries agr\u00e9\u00e9es. Des garages partenaires, proposant g\u00e9n\u00e9ralement des prix avantageux, \u00ab\u00a0<i>n\u00e9goci\u00e9s<\/i>\u00a0\u00bb par les assurances avec la promesse d\u2019amener un important \u00ab\u00a0<i>volume de clients<\/i><i>\u00a0<\/i>\u00bb, explique Julien, agent g\u00e9n\u00e9ral \u00e0 Marseille. Si, au regard de la loi, rien n\u2019est impos\u00e9, le client pourrait avoir \u00e0 \u00ab\u00a0<i>prendre \u00e0 sa charge la diff\u00e9rence<\/i>\u00a0\u00bb dans le cas o\u00f9 un devis effectu\u00e9 par un garagiste non agr\u00e9\u00e9 serait sup\u00e9rieur \u00e0 celui d\u2019un carrossier agr\u00e9\u00e9, explique Sam, gestionnaire en assurance chez GMF.<\/p>\n<p>Des pratiques critiqu\u00e9es par les garagistes non agr\u00e9\u00e9s, comme Quentin, g\u00e9rant de la carrosserie Arago. Lui a re\u00e7u une dizaine de v\u00e9hicules endommag\u00e9s par la gr\u00eale, mais sait d\u2019ores et d\u00e9j\u00e0 qu\u2019il n\u2019aura \u00ab\u00a0<i>pas le droit de toucher la moiti\u00e9 d\u2019entre eux<\/i><i>\u00a0<\/i>\u00bb. Face \u00e0 cette situation, certaines assurances s\u2019organisent. \u00ab\u00a0<i>Deux centres de d\u00e9bosselage vont \u00eatre ouverts temporairement, dans le 11<\/i><i><sup>e<\/sup><\/i><i>\u00a0<\/i><i>et dans le centre, des lieux particuli\u00e8rement touch\u00e9s<\/i>\u00a0\u00bb, explique un agent d\u2019Allianz. Un dispositif partag\u00e9 avec d\u2019autres assureurs, souligne-t-il.<\/p>\n<\/p><\/div>\n","protected":false},"excerpt":{"rendered":"&laquo; On n&rsquo;est pas en capacit&eacute; de r&eacute;pondre &agrave; toutes les demandes&nbsp;&raquo;. Le discours revient en bouche chez les assureurs depuis le 25&nbsp;juillet. Nombre de voitures ont en effet &eacute;t&eacute; &#8230;","protected":false},"author":1,"featured_media":38222,"comment_status":"open","ping_status":"open","sticky":false,"template":"","format":"standard","meta":{"footnotes":""},"categories":[3926,3925,333,20],"tags":[2203,10,1141,5710,1343,16,1175],"news-destination":[3944],"news-source":[475],"is_homepage":[],"ta_other":[],"class_list":["post-38221","post","type-post","status-publish","format-standard","has-post-thumbnail","hentry","category-accueil-merge","category-accueil-third","category-environnement","category-societe","tag-assurances","tag-bouches-du-rhone","tag-garage","tag-grele","tag-intemperies","tag-marseille","tag-voitures","news-destination-homepage","news-source-website"],"_links":{"self":[{"href":"https:\/\/euapp01.newsmemory.com\/lamarseillaise\/news\/wp-json\/wp\/v2\/posts\/38221","targetHints":{"allow":["GET"]}}],"collection":[{"href":"https:\/\/euapp01.newsmemory.com\/lamarseillaise\/news\/wp-json\/wp\/v2\/posts"}],"about":[{"href":"https:\/\/euapp01.newsmemory.com\/lamarseillaise\/news\/wp-json\/wp\/v2\/types\/post"}],"author":[{"embeddable":true,"href":"https:\/\/euapp01.newsmemory.com\/lamarseillaise\/news\/wp-json\/wp\/v2\/users\/1"}],"replies":[{"embeddable":true,"href":"https:\/\/euapp01.newsmemory.com\/lamarseillaise\/news\/wp-json\/wp\/v2\/comments?post=38221"}],"version-history":[{"count":1,"href":"https:\/\/euapp01.newsmemory.com\/lamarseillaise\/news\/wp-json\/wp\/v2\/posts\/38221\/revisions"}],"predecessor-version":[{"id":38223,"href":"https:\/\/euapp01.newsmemory.com\/lamarseillaise\/news\/wp-json\/wp\/v2\/posts\/38221\/revisions\/38223"}],"wp:featuredmedia":[{"embeddable":true,"href":"https:\/\/euapp01.newsmemory.com\/lamarseillaise\/news\/wp-json\/wp\/v2\/media\/38222"}],"wp:attachment":[{"href":"https:\/\/euapp01.newsmemory.com\/lamarseillaise\/news\/wp-json\/wp\/v2\/media?parent=38221"}],"wp:term":[{"taxonomy":"category","embeddable":true,"href":"https:\/\/euapp01.newsmemory.com\/lamarseillaise\/news\/wp-json\/wp\/v2\/categories?post=38221"},{"taxonomy":"post_tag","embeddable":true,"href":"https:\/\/euapp01.newsmemory.com\/lamarseillaise\/news\/wp-json\/wp\/v2\/tags?post=38221"},{"taxonomy":"news-destination","embeddable":true,"href":"https:\/\/euapp01.newsmemory.com\/lamarseillaise\/news\/wp-json\/wp\/v2\/news-destination?post=38221"},{"taxonomy":"news-source","embeddable":true,"href":"https:\/\/euapp01.newsmemory.com\/lamarseillaise\/news\/wp-json\/wp\/v2\/news-source?post=38221"},{"taxonomy":"is_homepage","embeddable":true,"href":"https:\/\/euapp01.newsmemory.com\/lamarseillaise\/news\/wp-json\/wp\/v2\/is_homepage?post=38221"},{"taxonomy":"ta_other","embeddable":true,"href":"https:\/\/euapp01.newsmemory.com\/lamarseillaise\/news\/wp-json\/wp\/v2\/ta_other?post=38221"}],"curies":[{"name":"wp","href":"https:\/\/api.w.org\/{rel}","templated":true}]}}