{"id":38215,"date":"2026-08-03T06:49:00","date_gmt":"2026-08-03T04:49:00","guid":{"rendered":"https:\/\/euapp01.newsmemory.com\/lamarseillaise\/news\/?p=38215"},"modified":"2026-08-08T08:16:28","modified_gmt":"2026-08-08T06:16:28","slug":"au-centre-dhebergement-de-lorgues-la-solidarite-pour-rechauffer-le-coeur-des-evacues-de-lincendie-du-gros-bessillon","status":"publish","type":"post","link":"https:\/\/euapp01.newsmemory.com\/lamarseillaise\/news\/2026\/08\/03\/au-centre-dhebergement-de-lorgues-la-solidarite-pour-rechauffer-le-coeur-des-evacues-de-lincendie-du-gros-bessillon\/","title":{"rendered":"Au centre d\u2019h\u00e9bergement de Lorgues, la solidarit\u00e9 pour r\u00e9chauffer le c\u0153ur des \u00e9vacu\u00e9s de l\u2019incendie du Gros Bessillon"},"content":{"rendered":"<div class=\"paragraph\">\n<p>Samedi, midi et demi. L\u2019heure du repas au centre d\u2019h\u00e9bergement de la salle Fran\u00e7ois Mitterrand de Lorgues, o\u00f9 \u00e9taient accueillies jusqu\u2019\u00e0 90\u00a0personnes \u00e9vacu\u00e9es en provenance du Val, de Montfort-sur-Argens et de Carc\u00e8s, entre vendredi et dimanche. Dans les assiettes, taboul\u00e9 fait maison, gigot d\u2019agneau et boulettes de b\u0153uf. Et surtout, une bonne dose de r\u00e9confort pour celles et ceux dont le quotidien a \u00e0 nouveau \u00e9t\u00e9 boulevers\u00e9 par <a rel=\"noopener noreferrer\" href=\"https:\/\/www.lamarseillaise.fr\/societe\/le-feu-reprend-a-l-ouest-de-correns-dans-le-var-EB20560620\" target=\"_blank\">la reprise de l\u2019incendie du Gros Bessillon vendredi<\/a>. \u00ab\u00a0<i>\u00c0 Carc\u00e8s, on avait \u00e9t\u00e9 tr\u00e8s bien accueillis mais on n\u2019avait eu que des sandwichs, l\u00e0 c\u2019est un vrai bon repas<\/i>\u00a0\u00bb saluent Jacqueline et Fr\u00e9d\u00e9ric, couple de retrait\u00e9s vivant \u00e0 Montfort, dont c\u2019est la deuxi\u00e8me \u00e9vacuation. Ils passent la journ\u00e9e au centre, mais dorment dans un studio g\u00e9n\u00e9reusement mis \u00e0 disposition par une habitante de Lorgues, au vu de leur sant\u00e9 fragile.<\/p>\n<p>Un \u00e9lan de solidarit\u00e9 dont ils n\u2019ont pas \u00e9t\u00e9 les seuls \u00e0 profiter. \u00c0 leur table, Alexis, lui aussi r\u00e9sident de Montfort, a \u00e9t\u00e9 contraint d\u2019\u00e9vacuer dans la pr\u00e9cipitation, h\u00e2t\u00e9 par les cris des gendarmes venus sommer la population de plier bagage vendredi apr\u00e8s-midi. \u00ab\u00a0<i>Je ne voulais pas partir, je suis rest\u00e9 dans le secteur, mais j\u2019ai fini par ne pas avoir le choix<\/i><i>\u00a0<\/i>\u00bb, avoue-t-il, encore marqu\u00e9 par la vision \u00ab\u00a0<i>de la colline de Montfort d\u00e9vor\u00e9e par les flammes<\/i>\u00a0\u00bb. Toutefois, s\u2019il n\u2019a pas dormi de la nuit, c\u2019est moins par inqui\u00e9tude que pour l\u2019avoir pass\u00e9e \u00e0 discuter avec un \u00e9lu lorguais, venu tenir compagnie aux \u00e9vacu\u00e9s. \u00ab\u00a0<i>Je retiens davantage le merveilleux accueil qu\u2019on a re\u00e7u que la peur du feu<\/i>\u00a0\u00bb, s\u2019\u00e9meut-il. \u00c0 ses c\u00f4t\u00e9s, Maryline, sa voisine, qu\u2019il a embarqu\u00e9 avec lui au moment de fuir. Tous deux ont tout juste eu le temps de pr\u00e9parer quelques bricoles et de prendre leurs animaux de compagnie sous le bras. \u00ab\u00a0<i>Ce matin, un b\u00e9n\u00e9vole m\u2019a amen\u00e9 des affaires de rechange et d\u2019hygi\u00e8ne<\/i>\u00a0\u00bb, explique-t-elle. \u00ab\u00a0<i>J\u2019avais oubli\u00e9 ma brosse \u00e0 dents, et sans rien demander, on m\u2019en a ramen\u00e9 une avec du dentifrice dans l\u2019heure<\/i>\u00a0\u00bb, ajoute Alexis, reconnaissant au point de vouloir emm\u00e9nager dans la commune dans les prochains mois.<\/p>\n<\/p><\/div>\n<div class=\"intext\"> \u00ab\u00a0C\u2019est la Provence noire, plus la Provence verte\u00a0\u00bb\n              <\/div>\n<div class=\"paragraph\">\n<p>Rien de plus naturel pour celles et ceux qui donnent de leur temps. C\u2019est d\u00e9j\u00e0 la deuxi\u00e8me fois en l\u2019espace de quelques jours, \u00ab\u00a0<i>et jamais deux sans trois<\/i><i>\u00a0<\/i>\u00bb, plaisante Jean-Louis, l\u2019un d\u2019entre eux, sous les protestations des autres, qui aimeraient voir la situation se calmer. Parmi eux, Pouranne Weise, conseill\u00e8re municipale. Arriv\u00e9e \u00e0 Lorgues il y a quelques ann\u00e9es, elle a d\u00e9cid\u00e9 de s\u2019y engager pour \u00ab\u00a0<i>l\u2019esprit des habitants. Les gens sont tr\u00e8s accueillants, \u00e0 l\u2019\u00e9coute des autres.<\/i>\u00a0\u00bb Illustration\u00a0: au-del\u00e0 des vivres et des v\u00eatements, fruits de dons de particuliers, et de dotations du Secours Populaire, de la pr\u00e9fecture et de la mairie, une habitante, psychologue \u00e0 la retraite, est venue \u00e9couter ceux qui en avaient besoin samedi matin.<\/p>\n<p>Malgr\u00e9 tout, l\u2019inqui\u00e9tude reste dans un coin des t\u00eates. \u00ab\u00a0<i>On va peut-\u00eatre revenir dans une commune qu\u2019on ne conna\u00eet pas<\/i><i>\u00a0<\/i>\u00bb, se pr\u00e9pare d\u00e9j\u00e0 Alexis. Verdict le soir-m\u00eame, puisque les habitants de Montfort ont pu regagner leurs habitations au vue de l\u2019\u00e9volution positive de la situation, le c\u0153ur du village ayant \u00e9t\u00e9 \u00e9pargn\u00e9. La question de l\u2019origine du feu revient aussi, forc\u00e9ment. \u00ab\u00a0<i>J\u2019en suis persuad\u00e9e, c\u2019est pr\u00e9m\u00e9dit\u00e9<\/i>\u00a0\u00bb, n\u2019en d\u00e9mord pas Jacqueline, contrari\u00e9e par \u00ab\u00a0<i>un sentiment d\u2019impuissance<\/i>\u00a0\u00bb et qui imagine m\u00eame \u00ab\u00a0<i>un complot d\u2019\u00c9tat<\/i>\u00a0\u00bb comme explication \u00e0 ces incendies intempestifs. Maryline, elle, redoute \u00ab\u00a0<i>des actes terroristes avec tous ces d\u00e9parts de feu simultan\u00e9s<\/i>. <i><a rel=\"noopener noreferrer\" href=\"https:\/\/www.lamarseillaise.fr\/societe\/des-feux-fixes-mais-l-inquietude-demeure-avec-la-canicule-BD20547006\" target=\"_blank\">Quand on a annonc\u00e9 l\u2019incendie fix\u00e9<\/a>, je pensais que c\u2019\u00e9tait fini. J\u2019ai l\u2019impression d\u2019\u00eatre dans un film d\u2019horreur<\/i>\u00a0\u00bb. Quoi qu\u2019il en soit, elle sera d\u00e9sormais intransigeante\u00a0: \u00ab\u00a0<i>Si je vois quelqu\u2019un jeter son m\u00e9got, je n\u2019h\u00e9siterai plus \u00e0 appeler la police<\/i>\u00a0\u00bb, assure-t-elle, d\u00e9pit\u00e9e par le co\u00fbt de l\u2019irresponsabilit\u00e9, qui change \u00ab\u00a0<i>la Provence verte en Provence noire<\/i>\u00a0\u00bb.<\/p>\n<\/p><\/div>\n","protected":false},"excerpt":{"rendered":"Samedi, midi et demi. L&rsquo;heure du repas au centre d&rsquo;h&eacute;bergement de la salle Fran&ccedil;ois Mitterrand de Lorgues, o&ugrave; &eacute;taient accueillies jusqu&rsquo;&agrave; 90&nbsp;personnes &eacute;vacu&eacute;es en provenance du &#8230;","protected":false},"author":1,"featured_media":38216,"comment_status":"open","ping_status":"open","sticky":false,"template":"","format":"standard","meta":{"footnotes":""},"categories":[3926,3925,20,6201],"tags":[1508,183,3433,375,1569,318,316,1673,4015,418,3676,106,319,1396,3437,4317,6140,178,1283,260,31],"news-destination":[3944],"news-source":[475],"is_homepage":[],"ta_other":[],"class_list":["post-38215","post","type-post","status-publish","format-standard","has-post-thumbnail","hentry","category-accueil-merge","category-accueil-third","category-societe","category-solidarite","tag-accueil","tag-benevoles","tag-carces","tag-dons","tag-evacuation","tag-feu","tag-feu-de-foret","tag-feux","tag-feux-de-foret","tag-foret","tag-generosite","tag-habitants","tag-incendie","tag-incendies","tag-le-val","tag-lorgues","tag-montfort-sur-argens","tag-population","tag-repas","tag-solidarite","tag-var","news-destination-homepage","news-source-website"],"_links":{"self":[{"href":"https:\/\/euapp01.newsmemory.com\/lamarseillaise\/news\/wp-json\/wp\/v2\/posts\/38215","targetHints":{"allow":["GET"]}}],"collection":[{"href":"https:\/\/euapp01.newsmemory.com\/lamarseillaise\/news\/wp-json\/wp\/v2\/posts"}],"about":[{"href":"https:\/\/euapp01.newsmemory.com\/lamarseillaise\/news\/wp-json\/wp\/v2\/types\/post"}],"author":[{"embeddable":true,"href":"https:\/\/euapp01.newsmemory.com\/lamarseillaise\/news\/wp-json\/wp\/v2\/users\/1"}],"replies":[{"embeddable":true,"href":"https:\/\/euapp01.newsmemory.com\/lamarseillaise\/news\/wp-json\/wp\/v2\/comments?post=38215"}],"version-history":[{"count":1,"href":"https:\/\/euapp01.newsmemory.com\/lamarseillaise\/news\/wp-json\/wp\/v2\/posts\/38215\/revisions"}],"predecessor-version":[{"id":38217,"href":"https:\/\/euapp01.newsmemory.com\/lamarseillaise\/news\/wp-json\/wp\/v2\/posts\/38215\/revisions\/38217"}],"wp:featuredmedia":[{"embeddable":true,"href":"https:\/\/euapp01.newsmemory.com\/lamarseillaise\/news\/wp-json\/wp\/v2\/media\/38216"}],"wp:attachment":[{"href":"https:\/\/euapp01.newsmemory.com\/lamarseillaise\/news\/wp-json\/wp\/v2\/media?parent=38215"}],"wp:term":[{"taxonomy":"category","embeddable":true,"href":"https:\/\/euapp01.newsmemory.com\/lamarseillaise\/news\/wp-json\/wp\/v2\/categories?post=38215"},{"taxonomy":"post_tag","embeddable":true,"href":"https:\/\/euapp01.newsmemory.com\/lamarseillaise\/news\/wp-json\/wp\/v2\/tags?post=38215"},{"taxonomy":"news-destination","embeddable":true,"href":"https:\/\/euapp01.newsmemory.com\/lamarseillaise\/news\/wp-json\/wp\/v2\/news-destination?post=38215"},{"taxonomy":"news-source","embeddable":true,"href":"https:\/\/euapp01.newsmemory.com\/lamarseillaise\/news\/wp-json\/wp\/v2\/news-source?post=38215"},{"taxonomy":"is_homepage","embeddable":true,"href":"https:\/\/euapp01.newsmemory.com\/lamarseillaise\/news\/wp-json\/wp\/v2\/is_homepage?post=38215"},{"taxonomy":"ta_other","embeddable":true,"href":"https:\/\/euapp01.newsmemory.com\/lamarseillaise\/news\/wp-json\/wp\/v2\/ta_other?post=38215"}],"curies":[{"name":"wp","href":"https:\/\/api.w.org\/{rel}","templated":true}]}}