{"id":38206,"date":"2026-08-03T06:38:00","date_gmt":"2026-08-03T04:38:00","guid":{"rendered":"https:\/\/euapp01.newsmemory.com\/lamarseillaise\/news\/?p=38206"},"modified":"2026-08-08T08:16:28","modified_gmt":"2026-08-08T06:16:28","slug":"vent-de-colere-apres-lannonce-deconomies-sur-la-sante","status":"publish","type":"post","link":"https:\/\/euapp01.newsmemory.com\/lamarseillaise\/news\/2026\/08\/03\/vent-de-colere-apres-lannonce-deconomies-sur-la-sante\/","title":{"rendered":"Vent de col\u00e8re apr\u00e8s l\u2019annonce d\u2019\u00e9conomies sur la sant\u00e9"},"content":{"rendered":"<div class=\"paragraph\">\n<p>Le d\u00e9bat, d\u00e9j\u00e0 rejet\u00e9 \u00e0 l\u2019Assembl\u00e9e \u00e0 l\u2019automne dernier, revient sur la table pour freiner les d\u00e9penses de sant\u00e9. En 2024, le gouvernement avait d\u00e9j\u00e0 doubl\u00e9 les franchises m\u00e9dicales, passant de 0,50\u00a0\u00e0 1\u00a0euro. Aujourd\u2019hui, leurs montants unitaires restent inchang\u00e9s, avec 2\u00a0euros par consultation et 1\u00a0euro par bo\u00eete de m\u00e9dicaments. Jusque-l\u00e0 plafonn\u00e9 \u00e0 50\u00a0euros par an chacun, le plafond pourrait doubler avec la nouvelle mesure. Un rapport de la Cour des comptes, publi\u00e9 en mai, chiffre \u00e0 48\u00a0millions le nombre d\u2019assur\u00e9s concern\u00e9s. Les mineurs, les b\u00e9n\u00e9ficiaires de la Compl\u00e9mentaire sant\u00e9 solidaire ou de l\u2019aide m\u00e9dicale d\u2019\u00c9tat, ainsi que les femmes enceintes en fin de grossesse en restent dispens\u00e9s.<\/p>\n<p>Selon la ministre de la Sant\u00e9, la mesure repr\u00e9sente seulement \u00ab\u00a0<i>un petit effort extr\u00eamement mesur\u00e9 \u00e0 ceux qui ach\u00e8tent plus de cinquante bo\u00eetes de m\u00e9dicaments par an et qui vont plus de vingt-cinq fois chez le m\u00e9decin<\/i><i>\u00a0<\/i>\u00bb. Un discours que rejette Val\u00e9rie Ollier, pr\u00e9sidente du Syndicat g\u00e9n\u00e9ral des pharmaciens des Bouches-du-Rh\u00f4ne. Elle d\u00e9nonce une mesure qui \u00ab<i>\u00a0<\/i><i>pointe du doigt tous ceux qui consomment, alors que la plupart en ont besoin, en particulier les personnes \u00e2g\u00e9es et celles qui ont des pathologies avec des douleurs<\/i>\u00a0\u00bb.<\/p>\n<p>Elle prend l\u2019exemple d\u2019une patiente en oncologie\u00a0: \u00ab<i>\u00a0<\/i><i>\u00c0 chaque fois qu\u2019elle fait un traitement, elle a une visite obligatoire chez le m\u00e9decin. Donc, parfois, c\u2019est deux ou trois visites dans la semaine. Le message qu\u2019on donne \u00e0 cette personne, c\u2019est qu\u2019elle co\u00fbte cher \u00e0 la soci\u00e9t\u00e9, c\u2019est culpabilisant<\/i>\u00a0\u00bb. Pour la pharmacienne, \u00ab\u00a0<i>une solution plus judicieuse<\/i><i>\u00a0<\/i>\u00bb reposerait sur la S\u00e9curit\u00e9 sociale qui \u00ab\u00a0<i>pourrait, avec les syst\u00e8mes informatiques actuels, d\u00e9celer qui est le &#8220;<\/i><i>superconsommateur<\/i><i>&#8221; qui co\u00fbte cher et v\u00e9rifier pourquoi il co\u00fbte si cher<\/i>\u00a0\u00bb.<\/p>\n<p>\u00ab<i>\u00a0<\/i><i>C\u2019est un plafond que les Fran\u00e7ais, en moyenne, n\u2019atteignent pas. En moyenne, \u00e7a fera 18<\/i><i>\u00a0<\/i><i>euros en plus pour les Fran\u00e7ais<\/i>\u00a0\u00bb, tentait de rassurer St\u00e9phanie Rist en fin de semaine sur <i>Franceinfo<\/i>. Pourtant, \u00e0 la pharmacie du Grand Pavois, o\u00f9 exerce Val\u00e9rie Ollier, plusieurs clients d\u00e9passent d\u00e9j\u00e0 le seuil des 50\u00a0bo\u00eetes par an.<\/p>\n<\/p><\/div>\n<div class=\"intext\"> Un co\u00fbt suppl\u00e9mentaire pour les patients\n              <\/div>\n<div class=\"paragraph\">\n<p>C\u2019est le cas d\u2019une cliente de 86\u00a0ans, atteinte de Parkinson, qui ach\u00e8te six bo\u00eetes par mois. Apr\u00e8s la mesure, 22\u00a0bo\u00eetes ne lui seront plus rembours\u00e9es, soit 22\u00a0euros de d\u00e9penses en plus par an. \u00ab\u00a0<i>\u00c7a arrange peut-\u00eatre le gouvernement, mais c\u2019est nocif pour nous. En plus, on est mal inform\u00e9s \u00e0 ce sujet<\/i><i>\u00a0<\/i>\u00bb, r\u00e9agit la patiente. Sa pharmacienne s\u2019indigne du poids que l\u2019on fait peser sur ses \u00e9paules\u00a0: \u00ab\u00a0<i>Son traitement mensuel a \u00e9t\u00e9 prescrit par un sp\u00e9cialiste. Il faut \u00e0 tout prix qu\u2019elle le prenne pour pouvoir vivre normalement. Les politiques ne se rendent pas compte de ce que c\u2019est que de vivre avec une maladie chronique<\/i>\u00a0\u00bb.<\/p>\n<p>Pour Val\u00e9rie Ollier, le raisonnement du gouvernement \u00ab\u00a0<i>n\u2019est pas fait dans le bon sens<\/i><i>\u00a0<\/i>\u00bb\u00a0: \u00ab\u00a0<i>Il y a certainement des mesures \u00e0 prendre au niveau financier, mais ce n\u2019est pas parce que les gens consomment plus. Si on la compare aux autres pays europ\u00e9ens, la France n\u2019est pas en surconsommation, le nombre de bo\u00eetes de m\u00e9dicaments est m\u00eame en recul depuis quatre ans dans l\u2019hexagone. Ce sont les nouveaux traitements, tr\u00e8s chers, qui font exploser le budget de la S\u00e9curit\u00e9 sociale. Il vaudrait mieux que l\u2019\u00c9tat voit avec les laboratoires pourquoi ces m\u00e9dicaments sont si chers. Ce n\u2019est pas la bo\u00eete de Doliprane \u00e0 2<\/i><i>\u00a0<\/i><i>euros qui va changer la donne<\/i>\u00a0\u00bb. Et de synth\u00e9tiser\u00a0: \u00ab <i>on est l\u00e0 pour soigner, pas pour faire le percepteur de l\u2019<\/i><i><span class=\"mln_uppercase_mln\">\u00e9<\/span><\/i><i>tat<\/i>\u00a0\u00bb.<\/p>\n<p>M\u00eame inqui\u00e9tude chez St\u00e9phanie Gauthier, 55\u00a0ans, suivie pour une hypothyro\u00efdie, une tension oculaire et une d\u00e9pression.<\/p>\n<\/p><\/div>\n<div class=\"intext\"> \u00ab\u00a0Sans mon traitement, je meurs, tout simplement\u00a0\u00bb\n              <\/div>\n<div class=\"paragraph\">\n<p>Elle d\u00e9passe d\u00e9j\u00e0 le plafond actuel. \u00ab\u00a0<i>Je vais payer davantage mes m\u00e9dicaments car le remboursement sera moindre, mais je n\u2019ai pas choisi d\u2019avoir \u00e7a<\/i><i>\u00a0<\/i><i>! Ce n\u2019est pas normal<\/i>\u00a0\u00bb, s\u2019offusque-t-elle. La patiente d\u00e9nonce aussi un co\u00fbt \u00e9lev\u00e9 des franchises par bo\u00eetes qui contiennent d\u00e9j\u00e0 peu de comprim\u00e9s\u00a0: \u00ab<i>J\u2019ai besoin de 30<\/i><i>\u00a0<\/i><i>comprim\u00e9s par mois, c\u2019est compl\u00e8tement illogique de faire des bo\u00eetes \u00e0 seulement 10<\/i><i>\u00a0<\/i><i>comprim\u00e9s. Je suis pr\u00eate \u00e0 payer un petit peu, mais l\u00e0 1<\/i><i>\u00a0<\/i><i>euro par bo\u00eete&#8230;<\/i>\u00a0\u00bb<\/p>\n<p>Les syndicats, d\u00e9j\u00e0 mobilis\u00e9s en septembre dernier, d\u00e9noncent aujourd\u2019hui un \u00ab<i>\u00a0<\/i><i>passage en force pendant l\u2019\u00e9t\u00e9<\/i>\u00a0\u00bb. Val\u00e9rie Ollier insiste sur les in\u00e9galit\u00e9s d\u2019acc\u00e8s aux soins qu\u2019engendre la mesure\u00a0: \u00ab<i>\u00a0<\/i><i>On a choisi un syst\u00e8me o\u00f9 tout le monde paie en fonction de ses moyens. Si c\u2019est comme \u00e7a, on change de syst\u00e8me, comme aux \u00c9tats-Unis ou en Angleterre<\/i>\u00a0\u00bb.<\/p>\n<p><b>Andr\u00e9a Goyard de Castro<\/b><\/p>\n<\/p><\/div>\n","protected":false},"excerpt":{"rendered":"Le d&eacute;bat, d&eacute;j&agrave; rejet&eacute; &agrave; l&rsquo;Assembl&eacute;e &agrave; l&rsquo;automne dernier, revient sur la table pour freiner les d&eacute;penses de sant&eacute;. En 2024, le gouvernement avait d&eacute;j&agrave; &#8230;","protected":false},"author":1,"featured_media":38207,"comment_status":"open","ping_status":"open","sticky":false,"template":"","format":"standard","meta":{"footnotes":""},"categories":[3926,3925,4307,20],"tags":[10,572,16,1790,497,1943,587,877,364],"news-destination":[3944],"news-source":[475],"is_homepage":[],"ta_other":[],"class_list":["post-38206","post","type-post","status-publish","format-standard","has-post-thumbnail","hentry","category-accueil-merge","category-accueil-third","category-sante","category-societe","tag-bouches-du-rhone","tag-france","tag-marseille","tag-medicaments","tag-ministre","tag-personnes-agees","tag-remboursement","tag-securite-sociale","tag-syndicats","news-destination-homepage","news-source-website"],"_links":{"self":[{"href":"https:\/\/euapp01.newsmemory.com\/lamarseillaise\/news\/wp-json\/wp\/v2\/posts\/38206","targetHints":{"allow":["GET"]}}],"collection":[{"href":"https:\/\/euapp01.newsmemory.com\/lamarseillaise\/news\/wp-json\/wp\/v2\/posts"}],"about":[{"href":"https:\/\/euapp01.newsmemory.com\/lamarseillaise\/news\/wp-json\/wp\/v2\/types\/post"}],"author":[{"embeddable":true,"href":"https:\/\/euapp01.newsmemory.com\/lamarseillaise\/news\/wp-json\/wp\/v2\/users\/1"}],"replies":[{"embeddable":true,"href":"https:\/\/euapp01.newsmemory.com\/lamarseillaise\/news\/wp-json\/wp\/v2\/comments?post=38206"}],"version-history":[{"count":1,"href":"https:\/\/euapp01.newsmemory.com\/lamarseillaise\/news\/wp-json\/wp\/v2\/posts\/38206\/revisions"}],"predecessor-version":[{"id":38208,"href":"https:\/\/euapp01.newsmemory.com\/lamarseillaise\/news\/wp-json\/wp\/v2\/posts\/38206\/revisions\/38208"}],"wp:featuredmedia":[{"embeddable":true,"href":"https:\/\/euapp01.newsmemory.com\/lamarseillaise\/news\/wp-json\/wp\/v2\/media\/38207"}],"wp:attachment":[{"href":"https:\/\/euapp01.newsmemory.com\/lamarseillaise\/news\/wp-json\/wp\/v2\/media?parent=38206"}],"wp:term":[{"taxonomy":"category","embeddable":true,"href":"https:\/\/euapp01.newsmemory.com\/lamarseillaise\/news\/wp-json\/wp\/v2\/categories?post=38206"},{"taxonomy":"post_tag","embeddable":true,"href":"https:\/\/euapp01.newsmemory.com\/lamarseillaise\/news\/wp-json\/wp\/v2\/tags?post=38206"},{"taxonomy":"news-destination","embeddable":true,"href":"https:\/\/euapp01.newsmemory.com\/lamarseillaise\/news\/wp-json\/wp\/v2\/news-destination?post=38206"},{"taxonomy":"news-source","embeddable":true,"href":"https:\/\/euapp01.newsmemory.com\/lamarseillaise\/news\/wp-json\/wp\/v2\/news-source?post=38206"},{"taxonomy":"is_homepage","embeddable":true,"href":"https:\/\/euapp01.newsmemory.com\/lamarseillaise\/news\/wp-json\/wp\/v2\/is_homepage?post=38206"},{"taxonomy":"ta_other","embeddable":true,"href":"https:\/\/euapp01.newsmemory.com\/lamarseillaise\/news\/wp-json\/wp\/v2\/ta_other?post=38206"}],"curies":[{"name":"wp","href":"https:\/\/api.w.org\/{rel}","templated":true}]}}