{"id":38203,"date":"2026-08-03T06:28:00","date_gmt":"2026-08-03T04:28:00","guid":{"rendered":"https:\/\/euapp01.newsmemory.com\/lamarseillaise\/news\/?p=38203"},"modified":"2026-08-03T10:15:42","modified_gmt":"2026-08-03T08:15:42","slug":"coups-bas","status":"publish","type":"post","link":"https:\/\/euapp01.newsmemory.com\/lamarseillaise\/news\/2026\/08\/03\/coups-bas\/","title":{"rendered":"Coups bas"},"content":{"rendered":"<div class=\"paragraph\">\n<p>Faire toujours payer plus ceux qui sont malades et ont besoin de soins. C\u2019est la logique des gouvernements depuis des ann\u00e9es mais, cet \u00e9t\u00e9, celui de Lecornu pousse le cynisme encore plus loin en imposant par d\u00e9cret ce qui lui avait \u00e9t\u00e9 refus\u00e9 par les parlementaires lors du dernier d\u00e9bat sur le budget de la s\u00e9curit\u00e9 sociale\u00a0: la hausse des franchises m\u00e9dicales. Petit \u00e0 petit, les lib\u00e9raux torpillent la s\u00e9curit\u00e9 sociale, le syst\u00e8me imagin\u00e9 par Ambroise Croizat \u00e0 partir du programme du Conseil national de la r\u00e9sistance pour le transformer en assurance au rabais pour les pauvres, les riches pouvant se payer les soins de qualit\u00e9. En toile de fond, l\u2019\u00e9ternelle rengaine du \u00ab\u00a0trou de la s\u00e9cu\u00a0\u00bb qu\u2019il faudrait absolument combler sous peine de voir dispara\u00eetre cette merveilleuse \u00ab\u00a0exception fran\u00e7aise\u00a0\u00bb.<\/p>\n<p><b>211<\/b><b>\u00a0<\/b><b>milliards aux entreprises<\/b><\/p>\n<p>Ce discours est un leurre pour ne pas assumer les choix politiques qui sont ceux de ce gouvernement. Les \u00e9conomies attendues par les modifications impos\u00e9es par d\u00e9cret<br \/>&#8211; doublement des franchises, rel\u00e8vement du ticket mod\u00e9rateur et baisse du remboursement des m\u00e9dicaments \u00e0 service m\u00e9dical rendu faible ou mod\u00e9r\u00e9 &#8211; sont estim\u00e9es \u00e0 2,15\u00a0milliards d\u2019euros. Une somme \u00e0 mettre en balance face aux milliards accord\u00e9s aux entreprises\u00a0: 211\u00a0milliards. Un tiers du budget de l\u2019\u00c9tat.<\/p>\n<p>Sans oublier l\u2019argent que le gouvernement se refuse \u00e0 aller chercher. \u00ab\u00a0<i>Plut\u00f4t que de ponctionner quelques dizaines d\u2019euros suppl\u00e9mentaires sur<br \/>les malades, faisons contribuer les milliards<br \/>de revenus financiers qui \u00e9chappent aujourd\u2019hui aux cotisations sociales<\/i>\u00a0\u00bb, pointe ainsi le PCF.<\/p>\n<p>La sant\u00e9 n\u2019est ni un luxe, ni une marchandise. Mais un droit qu\u2019il faut v\u00e9ritablement d\u00e9fendre quand les coups bas se multiplient.<\/p>\n<\/p><\/div>\n","protected":false},"excerpt":{"rendered":"Faire toujours payer plus ceux qui sont malades et ont besoin de soins. C&rsquo;est la logique des gouvernements depuis des ann&eacute;es mais, cet &eacute;t&eacute;, celui de Lecornu pousse le cynisme encore plus loin en imposant par d&eacute;cret &#8230;","protected":false},"author":1,"featured_media":38204,"comment_status":"open","ping_status":"open","sticky":false,"template":"","format":"standard","meta":{"footnotes":""},"categories":[332],"tags":[2205,1381,1372,572,16,1790,3279,250,587,256,833,877],"news-destination":[],"news-source":[475],"is_homepage":[],"ta_other":[],"class_list":["post-38203","post","type-post","status-publish","format-standard","has-post-thumbnail","hentry","category-edito","tag-ambroise-croizat","tag-cnr","tag-editoriaux","tag-france","tag-marseille","tag-medicaments","tag-mutuelles","tag-pcf","tag-remboursement","tag-sante","tag-sebastien-lecornu","tag-securite-sociale","news-source-website"],"_links":{"self":[{"href":"https:\/\/euapp01.newsmemory.com\/lamarseillaise\/news\/wp-json\/wp\/v2\/posts\/38203","targetHints":{"allow":["GET"]}}],"collection":[{"href":"https:\/\/euapp01.newsmemory.com\/lamarseillaise\/news\/wp-json\/wp\/v2\/posts"}],"about":[{"href":"https:\/\/euapp01.newsmemory.com\/lamarseillaise\/news\/wp-json\/wp\/v2\/types\/post"}],"author":[{"embeddable":true,"href":"https:\/\/euapp01.newsmemory.com\/lamarseillaise\/news\/wp-json\/wp\/v2\/users\/1"}],"replies":[{"embeddable":true,"href":"https:\/\/euapp01.newsmemory.com\/lamarseillaise\/news\/wp-json\/wp\/v2\/comments?post=38203"}],"version-history":[{"count":1,"href":"https:\/\/euapp01.newsmemory.com\/lamarseillaise\/news\/wp-json\/wp\/v2\/posts\/38203\/revisions"}],"predecessor-version":[{"id":38205,"href":"https:\/\/euapp01.newsmemory.com\/lamarseillaise\/news\/wp-json\/wp\/v2\/posts\/38203\/revisions\/38205"}],"wp:featuredmedia":[{"embeddable":true,"href":"https:\/\/euapp01.newsmemory.com\/lamarseillaise\/news\/wp-json\/wp\/v2\/media\/38204"}],"wp:attachment":[{"href":"https:\/\/euapp01.newsmemory.com\/lamarseillaise\/news\/wp-json\/wp\/v2\/media?parent=38203"}],"wp:term":[{"taxonomy":"category","embeddable":true,"href":"https:\/\/euapp01.newsmemory.com\/lamarseillaise\/news\/wp-json\/wp\/v2\/categories?post=38203"},{"taxonomy":"post_tag","embeddable":true,"href":"https:\/\/euapp01.newsmemory.com\/lamarseillaise\/news\/wp-json\/wp\/v2\/tags?post=38203"},{"taxonomy":"news-destination","embeddable":true,"href":"https:\/\/euapp01.newsmemory.com\/lamarseillaise\/news\/wp-json\/wp\/v2\/news-destination?post=38203"},{"taxonomy":"news-source","embeddable":true,"href":"https:\/\/euapp01.newsmemory.com\/lamarseillaise\/news\/wp-json\/wp\/v2\/news-source?post=38203"},{"taxonomy":"is_homepage","embeddable":true,"href":"https:\/\/euapp01.newsmemory.com\/lamarseillaise\/news\/wp-json\/wp\/v2\/is_homepage?post=38203"},{"taxonomy":"ta_other","embeddable":true,"href":"https:\/\/euapp01.newsmemory.com\/lamarseillaise\/news\/wp-json\/wp\/v2\/ta_other?post=38203"}],"curies":[{"name":"wp","href":"https:\/\/api.w.org\/{rel}","templated":true}]}}