{"id":38199,"date":"2026-08-01T21:57:00","date_gmt":"2026-08-01T19:57:00","guid":{"rendered":"https:\/\/euapp01.newsmemory.com\/lamarseillaise\/news\/?p=38199"},"modified":"2026-08-08T07:24:15","modified_gmt":"2026-08-08T05:24:15","slug":"var-1800-hectares-parcourus-par-le-feu-depuis-vendredi-mais-le-pire-evite-dans-le-gros-bessillon","status":"publish","type":"post","link":"https:\/\/euapp01.newsmemory.com\/lamarseillaise\/news\/2026\/08\/01\/var-1800-hectares-parcourus-par-le-feu-depuis-vendredi-mais-le-pire-evite-dans-le-gros-bessillon\/","title":{"rendered":"Var : 1800 hectares parcourus par le feu depuis vendredi mais le pire \u00e9vit\u00e9 dans le Gros Bessillon"},"content":{"rendered":"<div class=\"paragraph\">\n<p>Samedi soir, Simon Babre, le pr\u00e9fet du Var, ne boudait pas sa satisfaction, qualifiant de \u00ab <i>v\u00e9ritable exploit<\/i> \u00bb la capacit\u00e9 des sapeurs-pompiers \u00e0 contenir la progression de l\u2019incendie du massif du Gros Bessillon, <a rel=\"noopener noreferrer\" href=\"https:\/\/www.lamarseillaise.fr\/societe\/le-feu-reprend-a-l-ouest-de-correns-dans-le-var-EB20560620\" target=\"_blank\">qui a connu une reprise vendredi en d\u00e9but d\u2019apr\u00e8s-midi \u00e0 l\u2019ouest de la commune de Correns<\/a>, parcourant 1000 hectares en quelques heures. Car leur mobilisation au nord de la commune du Val a permis d\u2019\u00e9viter que le feu \u00ab <i>ne franchisse de nouvelles vall\u00e9es et ne rejoigne un autre massif bois\u00e9, ce qui l\u2019aurait conduit a \u00e9pouser le couloir de feu du grand incendie de 1965, mena\u00e7ant 3 \u00e0 4000 hectares suppl\u00e9mentaires.<\/i> \u00bb<\/p>\n<p>Durant la nuit de vendredi \u00e0 samedi, 1300 sapeurs-pompiers s\u2019\u00e9taient \u00e9chin\u00e9s \u00e0 d\u00e9fendre les secteurs les plus expos\u00e9s \u00e0 Correns et Montfort-sur-Argens, les deux communes les plus menac\u00e9es, et \u00e0 freiner la progression de l\u2019incendie. 250 hectares suppl\u00e9mentaires avaient n\u00e9anmoins \u00e9t\u00e9 parcourus au matin, dont une partie sous l\u2019effet de br\u00fblages tactiques pour \u00e9viter que l\u2019incendie ne s\u2019\u00e9tende plus tard, avant une apr\u00e8s-midi particuli\u00e8rement redout\u00e9e pour la chaleur annonc\u00e9e et la violence du mistral. 1500 sapeurs pompiers \u00e9taient ainsi mobilis\u00e9s, avec 4 Canadairs ; 2 avions Dash et 5 h\u00e9licopt\u00e8res bombardiers d\u2019eau (2 du Conseil d\u00e9partemental, 2 europ\u00e9ens, 1 du minist\u00e8re des Arm\u00e9es).<\/p>\n<p>\u00ab <i>La strat\u00e9gie fix\u00e9e hier soir, qui a \u00e9t\u00e9 respect\u00e9e toute la nuit, de traiter les points sensibles, de rouvrir la route vers Correns et de mettre en place un verrou avec de nombreux sapeurs-pompiers au sol pour \u00e9viter que les massifs qui avaient d\u00e9j\u00e0 \u00e9t\u00e9 parcourus par les flammes ne communiquent avec un autre massif qui menacerait trois communes plus au sud du feu actuel [Montfort, le Val, Vins-sur-Caramy, NDLR], reste d\u2019actualit\u00e9<\/i> \u00bb, annon\u00e7ait le pr\u00e9fet en d\u00e9but d\u2019apr\u00e8s-midi. Sept nouvelles habitations ont n\u00e9anmoins \u00e9t\u00e9 touch\u00e9es par les flammes.<\/p>\n<\/p><\/div>\n<div class=\"intext\"> 1800 hectares parcourus, focus sur le nord du massif dimanche\n              <\/div>\n<div class=\"paragraph\">\n<p>La lutte aura une nouvelle fois \u00e9t\u00e9 intense, et plusieurs centaines d\u2019habitants du Val ont d\u00fb \u00eatre \u00e9vacu\u00e9s en direction de Brignoles en milieu d\u2019apr\u00e8s-midi. La population de Correns a \u00e9galement \u00e9t\u00e9 accompagn\u00e9e. Une livraison de 450 repas, fournis par le Conseil d\u00e9partemental du Var, a pu \u00eatre effectu\u00e9e, l\u2019axe routier avec le village ayant \u00e9t\u00e9 r\u00e9tabli, afin de r\u00e9pondre aux besoins des personnes mobilis\u00e9es et des habitants concern\u00e9s. Par ailleurs, une citerne d\u2019une capacit\u00e9 de 30 m\u00b3 a \u00e9t\u00e9 mise \u00e0 disposition par l\u2019Organisation des transporteurs routiers europ\u00e9ens (OTRE) afin de renforcer les moyens n\u00e9cessaires sur le secteur. Enfin, 15 000 masques ont \u00e9t\u00e9 achemin\u00e9s gr\u00e2ce \u00e0 l\u2019appui de l\u2019Agence r\u00e9gionale de sant\u00e9 (ARS) et du Centre hospitalier intercommunal Toulon-La Seyne (CHITS) afin de renforcer les moyens de protection disponibles pour la population et, si n\u00e9cessaire, pour les services de s\u00e9curit\u00e9 et de secours engag\u00e9s dans les op\u00e9rations.<\/p>\n<p>Le soir, les d\u00e9g\u00e2ts avaient ainsi \u00e9t\u00e9 limit\u00e9s, \u00ab <i>gr\u00e2ce \u00e0 450 largages, ce qui est un record, et un chiffre qui explique pourquoi le feu, qui n\u2019est pas du tout fix\u00e9 ce soir, est stabilis\u00e9<\/i> \u00bb, annon\u00e7ait le pr\u00e9fet, qui faisait part d\u2019un bilan de 1800 hectares parcourus depuis vendredi, pour un total de 6300, et un feu contenu dans son enveloppe. \u00ab <i>C\u2019est une bataille remport\u00e9e ce soir mais pas la fin de la guerre<\/i> \u00bb, mettait-il en garde, appelant \u00e0 la \u00ab <i>prudence car le vent tournant et v\u00e9rit\u00e9 d\u2019un soir n\u2019est pas celle du lendemain matin.<\/i> \u00bb<\/p>\n<p>Car ce dimanche, ce \u00ab <i>feu toupie<\/i> \u00bb va une nouvelle fois changer de direction, sous l\u2019influence d\u2019un vent du sud, apr\u00e8s deux jours de mistral. \u00ab <i>L\u2019objectif sera de traiter le nord du brasier ce soir pour \u00e9viter que le feu ne menace de nouvelles \u00e9tendues au nord du Gros Bessillon l\u00e0 o\u00f9 feu a commenc\u00e9 il y a douze jours <\/i>\u00bb, concluait Simon Babre, au terme d\u2019une nouvelle journ\u00e9e \u00e9prouvante, qui ne sera certainement pas la derni\u00e8re.<\/p>\n<p>La bonne nouvelle de la soir\u00e9e : les habitants de Montfort ont \u00e9t\u00e9 autoris\u00e9s \u00e0 rentrer chez eux, et les mesures de confinement du village et de Correns ont \u00e9galement \u00e9t\u00e9 lev\u00e9es.<\/p>\n<\/p><\/div>\n","protected":false},"excerpt":{"rendered":"Samedi soir, Simon Babre, le pr&eacute;fet du Var, ne boudait pas sa satisfaction, qualifiant de &laquo; v&eacute;ritable exploit &raquo; la capacit&eacute; des sapeurs-pompiers &agrave; contenir la progression de l&rsquo;incendie du massif du Gros &#8230;","protected":false},"author":1,"featured_media":38200,"comment_status":"open","ping_status":"open","sticky":false,"template":"","format":"standard","meta":{"footnotes":""},"categories":[3926,3925,20],"tags":[6147,318,316,1673,4015,6036,418,319,1396,3437,3239,2500,4303,6140,1567,3316,1674,5879,6003,3600,4877,31,6200],"news-destination":[3944],"news-source":[475],"is_homepage":[],"ta_other":[],"class_list":["post-38199","post","type-post","status-publish","format-standard","has-post-thumbnail","hentry","category-accueil-merge","category-accueil-third","category-societe","tag-correns","tag-feu","tag-feu-de-foret","tag-feux","tag-feux-de-foret","tag-flammes","tag-foret","tag-incendie","tag-incendies","tag-le-val","tag-massif","tag-massifs","tag-mistral","tag-montfort-sur-argens","tag-prefet","tag-reprise","tag-sapeurs-pompiers","tag-sdis","tag-sdis-83","tag-sdis13","tag-sdis83","tag-var","tag-vins-sur-caramy","news-destination-homepage","news-source-website"],"_links":{"self":[{"href":"https:\/\/euapp01.newsmemory.com\/lamarseillaise\/news\/wp-json\/wp\/v2\/posts\/38199","targetHints":{"allow":["GET"]}}],"collection":[{"href":"https:\/\/euapp01.newsmemory.com\/lamarseillaise\/news\/wp-json\/wp\/v2\/posts"}],"about":[{"href":"https:\/\/euapp01.newsmemory.com\/lamarseillaise\/news\/wp-json\/wp\/v2\/types\/post"}],"author":[{"embeddable":true,"href":"https:\/\/euapp01.newsmemory.com\/lamarseillaise\/news\/wp-json\/wp\/v2\/users\/1"}],"replies":[{"embeddable":true,"href":"https:\/\/euapp01.newsmemory.com\/lamarseillaise\/news\/wp-json\/wp\/v2\/comments?post=38199"}],"version-history":[{"count":1,"href":"https:\/\/euapp01.newsmemory.com\/lamarseillaise\/news\/wp-json\/wp\/v2\/posts\/38199\/revisions"}],"predecessor-version":[{"id":38201,"href":"https:\/\/euapp01.newsmemory.com\/lamarseillaise\/news\/wp-json\/wp\/v2\/posts\/38199\/revisions\/38201"}],"wp:featuredmedia":[{"embeddable":true,"href":"https:\/\/euapp01.newsmemory.com\/lamarseillaise\/news\/wp-json\/wp\/v2\/media\/38200"}],"wp:attachment":[{"href":"https:\/\/euapp01.newsmemory.com\/lamarseillaise\/news\/wp-json\/wp\/v2\/media?parent=38199"}],"wp:term":[{"taxonomy":"category","embeddable":true,"href":"https:\/\/euapp01.newsmemory.com\/lamarseillaise\/news\/wp-json\/wp\/v2\/categories?post=38199"},{"taxonomy":"post_tag","embeddable":true,"href":"https:\/\/euapp01.newsmemory.com\/lamarseillaise\/news\/wp-json\/wp\/v2\/tags?post=38199"},{"taxonomy":"news-destination","embeddable":true,"href":"https:\/\/euapp01.newsmemory.com\/lamarseillaise\/news\/wp-json\/wp\/v2\/news-destination?post=38199"},{"taxonomy":"news-source","embeddable":true,"href":"https:\/\/euapp01.newsmemory.com\/lamarseillaise\/news\/wp-json\/wp\/v2\/news-source?post=38199"},{"taxonomy":"is_homepage","embeddable":true,"href":"https:\/\/euapp01.newsmemory.com\/lamarseillaise\/news\/wp-json\/wp\/v2\/is_homepage?post=38199"},{"taxonomy":"ta_other","embeddable":true,"href":"https:\/\/euapp01.newsmemory.com\/lamarseillaise\/news\/wp-json\/wp\/v2\/ta_other?post=38199"}],"curies":[{"name":"wp","href":"https:\/\/api.w.org\/{rel}","templated":true}]}}