{"id":38196,"date":"2026-08-01T08:03:00","date_gmt":"2026-08-01T06:03:00","guid":{"rendered":"https:\/\/euapp01.newsmemory.com\/lamarseillaise\/news\/?p=38196"},"modified":"2026-08-07T08:06:03","modified_gmt":"2026-08-07T06:06:03","slug":"patrimoine-lhotel-de-pesciolini-et-ses-atlantes-baroques","status":"publish","type":"post","link":"https:\/\/euapp01.newsmemory.com\/lamarseillaise\/news\/2026\/08\/01\/patrimoine-lhotel-de-pesciolini-et-ses-atlantes-baroques\/","title":{"rendered":"[Patrimoine] L\u2019H\u00f4tel de Pesciolini et ses atlantes baroques"},"content":{"rendered":"<div class=\"paragraph\">\n<p>L\u2019h\u00f4tel de Pesciolini est class\u00e9 au titre des monuments historiques depuis l\u2019an dernier en tant que \u00ab\u00a0<i>rare t\u00e9moignage de l\u2019urbanisme, de l\u2019architecture et de la sculpture baroques \u00e0 Marseille, plac\u00e9 dans la sc\u00e9nographie urbaine exceptionnelle du Cours Belsunce issue de l\u2019agrandissement urbain du dernier tiers du XVII<\/i><i><sup>e<\/sup><\/i><i>\u00a0<\/i><i>si\u00e8cle<\/i>\u00a0\u00bb. Sa porte a d\u2019abord \u00e9t\u00e9 inscrite au titre des monuments historiques en 1929. L\u2019immeuble a subi il y a deux\u00a0ans un incendie qui a heureusement vite \u00e9t\u00e9 circonscrit.<\/p>\n<p>L\u2019historien Georges Reynaud a retrac\u00e9 l\u2019identit\u00e9 de cette demeure de la noblesse marchande qu\u2019il qualifie de \u00ab\u00a0<i>pi\u00e8ce ma\u00eetresse du baroque marseillais<\/i><i>\u00a0<\/i>\u00bb. En avril 1672, Amant de Venerosi-Pesciolini, issu d\u2019une lign\u00e9e de banquiers et de n\u00e9gociants toscans ayant fait souche \u00e0 Marseille, ach\u00e8te \u00e0 son beau-p\u00e8re un terrain \u00e0 b\u00e2tir d\u2019environ 180m<sup>2<\/sup> pr\u00e8s du couvent des R\u00e9collets qui alors fait face au cours \u00e0 l\u2019angle de la rue de Dauphine, actuel rue National. Ce beau-p\u00e8re, c\u2019est Barth\u00e9lemy Cousin\u00e9ry, un conseiller du commerce \u00e9lu second \u00e9chevin de Marseille en 1668.<\/p>\n<p>Amant engage les entrepreneurs C\u00e9sar Portal et Alexandre Casteau pour construire son h\u00f4tel particulier avec des boutiques au rez-de-chauss\u00e9e au prix convenu de 10\u00a0200\u00a0livres. La pierre vient des carri\u00e8res de la Couronne. Initialement, il demande aux b\u00e2tisseurs de prendre exemple sur les atlantes sculpt\u00e9s par Pierre Puget pour l\u2019h\u00f4tel de ville de Toulon en 1657. En cours de projet, le commanditaire se ravise et veut des atlantes semblables au luxueux h\u00f4tel d\u2019Espagnet b\u00e2ti en 1651 au 38, cours Mirabeau \u00e0 Aix-en-Provence. Les atlantes de l\u2019h\u00f4tel de Pesciolini avaient leur pendant de l\u2019autre c\u00f4t\u00e9 de la rue d\u2019Aix avec deux cariatides portant le balcon d\u2019un h\u00f4tel disparu. Leur sym\u00e9trie composait un fond de sc\u00e8ne \u00e0 l\u2019extr\u00e9mit\u00e9 montante de ce cours royal.<\/p>\n<p>On ne sait pas si Pesciolini y a v\u00e9cu. Jean-Paul de Foresta, juge de paix, louait la demeure en 1692. L\u2019h\u00f4tel est vendu en 1708 \u00e0 Joseph Villet, un courtier royal qui le revend en 1714 \u00e0 Gantel-Guitton, futur seigneur de Mazargues. Durant la R\u00e9volution, son fils qui fut maire de Marseille de 1779 \u00e0 1782, s\u2019enfuit \u00e0 Lyon apr\u00e8s l\u2019incendie de son ch\u00e2teau de Mazargues. L\u2019h\u00f4tel particulier est alors vendu en 1794 aux ench\u00e8res \u00e0 Barth\u00e9l\u00e9my Girard, un ancien charcutier, puis en 1806 \u00e0 Jean-Sylvestre Reynard, raffineur de sucres et n\u00e9gociant en denr\u00e9es coloniales. Endett\u00e9 jusqu\u2019au cou, il le revend quinze\u00a0ans plus tard \u00e0 Jean-Joseph Martin, le savonnier le plus riche de Marseille. L\u2019historien Georges Reynaud identifie trois commerces en 1848 dont des bains publics cot\u00e9 rue d\u2019Aix et un d\u00e9bit de tabac \u00e0 l\u2019angle. Une salle de billard est sans doute install\u00e9e selon lui dans l\u2019entresol.<\/p>\n<p>\u00c0 pr\u00e9sent, son propri\u00e9taire, l\u2019important professionnel de l\u2019immobilier Auguste Lafon, a pr\u00e9vu de restaurer l\u2019\u00e9difice pour \u00e9tablir un commerce et un restaurant en pied d\u2019immeuble, un local de stockage au premier \u00e9tage, des bureaux associatifs au second, et des logements du 3<sup>e<\/sup> au 5<sup>e<\/sup> \u00e9tage. Une autorisation de travaux a \u00e9t\u00e9 d\u00e9livr\u00e9e par la conservation r\u00e9gionale des monuments historiques. Le permis pr\u00e9voit de restituer les chapiteaux ioniques. Les pierres de parement et les mod\u00e9natures seront restaur\u00e9es en pierre de la Couronne. Les seuils des portes et commerces, et les soubassements, le seront en pierre de Cassis. Un protocole de restauration des sculptures doit \u00eatre \u00e9labor\u00e9. Le Centre interdisciplinaire de conservation et de restauration du patrimoine sera associ\u00e9 aux protocoles de nettoyage des parties sculpt\u00e9es. Les menuiseries de fen\u00eatres anciennes XVII<sup>e<\/sup> et XVIII<sup>e<\/sup> en fa\u00e7ade et les impostes seront restaur\u00e9s. Les vantaux de la porte d\u2019entr\u00e9e seront remplac\u00e9s sur mod\u00e8le du XVII<sup>e<\/sup>. Un ferronnier d\u2019art bichonnera le garde-corps de ce somptueux balcon.<\/p>\n<\/p><\/div>\n","protected":false},"excerpt":{"rendered":"Sa fa&ccedil;ade sud offre un d&eacute;cor exceptionnel : un balcon en ferronnerie soutenu par les efforts conjugu&eacute;s de deux atlantes monumentaux. Sous l&rsquo;&oelig;il-de-b&oelig;uf m&eacute;dian d&rsquo;entresol, deux sphinges &#8230;","protected":false},"author":1,"featured_media":38197,"comment_status":"open","ping_status":"open","sticky":false,"template":"","format":"standard","meta":{"footnotes":""},"categories":[3926,3925,32,20],"tags":[10,2783,750,696,1904,838,489,16,1377,1700,97,895,1747,180,1620,2146,3106,2167,988,2001],"news-destination":[3944],"news-source":[475],"is_homepage":[],"ta_other":[],"class_list":["post-38196","post","type-post","status-publish","format-standard","has-post-thumbnail","hentry","category-accueil-merge","category-accueil-third","category-culture","category-societe","tag-bouches-du-rhone","tag-boutiques","tag-commerce","tag-commerces","tag-conservation","tag-entrepreneurs","tag-logements","tag-marseille","tag-monuments","tag-nettoyage","tag-patrimoine","tag-provence","tag-restaurant","tag-restauration","tag-revolution","tag-sculpture","tag-sculptures","tag-temoignage","tag-week-end","tag-weekend","news-destination-homepage","news-source-website"],"_links":{"self":[{"href":"https:\/\/euapp01.newsmemory.com\/lamarseillaise\/news\/wp-json\/wp\/v2\/posts\/38196","targetHints":{"allow":["GET"]}}],"collection":[{"href":"https:\/\/euapp01.newsmemory.com\/lamarseillaise\/news\/wp-json\/wp\/v2\/posts"}],"about":[{"href":"https:\/\/euapp01.newsmemory.com\/lamarseillaise\/news\/wp-json\/wp\/v2\/types\/post"}],"author":[{"embeddable":true,"href":"https:\/\/euapp01.newsmemory.com\/lamarseillaise\/news\/wp-json\/wp\/v2\/users\/1"}],"replies":[{"embeddable":true,"href":"https:\/\/euapp01.newsmemory.com\/lamarseillaise\/news\/wp-json\/wp\/v2\/comments?post=38196"}],"version-history":[{"count":3,"href":"https:\/\/euapp01.newsmemory.com\/lamarseillaise\/news\/wp-json\/wp\/v2\/posts\/38196\/revisions"}],"predecessor-version":[{"id":38690,"href":"https:\/\/euapp01.newsmemory.com\/lamarseillaise\/news\/wp-json\/wp\/v2\/posts\/38196\/revisions\/38690"}],"wp:featuredmedia":[{"embeddable":true,"href":"https:\/\/euapp01.newsmemory.com\/lamarseillaise\/news\/wp-json\/wp\/v2\/media\/38197"}],"wp:attachment":[{"href":"https:\/\/euapp01.newsmemory.com\/lamarseillaise\/news\/wp-json\/wp\/v2\/media?parent=38196"}],"wp:term":[{"taxonomy":"category","embeddable":true,"href":"https:\/\/euapp01.newsmemory.com\/lamarseillaise\/news\/wp-json\/wp\/v2\/categories?post=38196"},{"taxonomy":"post_tag","embeddable":true,"href":"https:\/\/euapp01.newsmemory.com\/lamarseillaise\/news\/wp-json\/wp\/v2\/tags?post=38196"},{"taxonomy":"news-destination","embeddable":true,"href":"https:\/\/euapp01.newsmemory.com\/lamarseillaise\/news\/wp-json\/wp\/v2\/news-destination?post=38196"},{"taxonomy":"news-source","embeddable":true,"href":"https:\/\/euapp01.newsmemory.com\/lamarseillaise\/news\/wp-json\/wp\/v2\/news-source?post=38196"},{"taxonomy":"is_homepage","embeddable":true,"href":"https:\/\/euapp01.newsmemory.com\/lamarseillaise\/news\/wp-json\/wp\/v2\/is_homepage?post=38196"},{"taxonomy":"ta_other","embeddable":true,"href":"https:\/\/euapp01.newsmemory.com\/lamarseillaise\/news\/wp-json\/wp\/v2\/ta_other?post=38196"}],"curies":[{"name":"wp","href":"https:\/\/api.w.org\/{rel}","templated":true}]}}