{"id":38193,"date":"2026-08-01T10:02:00","date_gmt":"2026-08-01T08:02:00","guid":{"rendered":"https:\/\/euapp01.newsmemory.com\/lamarseillaise\/news\/?p=38193"},"modified":"2026-08-01T13:33:40","modified_gmt":"2026-08-01T11:33:40","slug":"privatisation-de-la-coupe-du-monde-infantino-jette-leponge","status":"publish","type":"post","link":"https:\/\/euapp01.newsmemory.com\/lamarseillaise\/news\/2026\/08\/01\/privatisation-de-la-coupe-du-monde-infantino-jette-leponge\/","title":{"rendered":"Privatisation de la Coupe du Monde : Infantino jette l\u2019\u00e9ponge"},"content":{"rendered":"<div class=\"paragraph\">\n<p>La soif d\u2019argent de Gianni Infantino a \u00e9t\u00e9 mat\u00e9e par la r\u00e9bellion de la majorit\u00e9 des conf\u00e9d\u00e9rations de football. Le patron de la Fifa r\u00eavait d\u2019une soci\u00e9t\u00e9 priv\u00e9e, impliquant des proches du pr\u00e9sident des Etats-unis Donald Trump. Mais les refus cat\u00e9goriques de la Concacaf (Am\u00e9rique du nord et centrale), ACF (Asie) et UEFA (Europe), cette derni\u00e8re mena\u00e7ant de boycotter les coupes du Monde, ont contraint celui qui brigue un nouveau mandat de pr\u00e9sident \u00e0 renoncer. \u00ab<i>Apr\u00e8s avoir \u00e9cout\u00e9 attentivement tous les points de vue, il est devenu clair que le projet a cr\u00e9\u00e9 des divisions (&#8230;) qui ne sont plus dans l\u2019int\u00e9r\u00eat de l\u2019objectif initial. Notre but a toujours \u00e9t\u00e9, et sera toujours, d\u2019unir et de progresser. La proposition ne sera donc pas retenue\u00bb,<\/i> a reconnu dans un communiqu\u00e9 Gianni Infantino, par ailleurs fragilis\u00e9 apr\u00e8s la toute r\u00e9cente d\u00e9mission de son conseiller principal, Carlos Cordeiro.<\/p>\n<\/p><\/div>\n","protected":false},"excerpt":{"rendered":"La soif d&rsquo;argent de Gianni Infantino a &eacute;t&eacute; mat&eacute;e par la r&eacute;bellion de la majorit&eacute; des conf&eacute;d&eacute;rations de football. Le patron de la Fifa r&ecirc;vait d&rsquo;une soci&eacute;t&eacute; &#8230;","protected":false},"author":1,"featured_media":38194,"comment_status":"open","ping_status":"open","sticky":false,"template":"","format":"standard","meta":{"footnotes":""},"categories":[3926,3924,7],"tags":[1097,5818,13,967],"news-destination":[3944],"news-source":[475],"is_homepage":[],"ta_other":[],"class_list":["post-38193","post","type-post","status-publish","format-standard","has-post-thumbnail","hentry","category-accueil-merge","category-accueil-second","category-sports","tag-coupe-du-monde","tag-fifa","tag-football","tag-suisse","news-destination-homepage","news-source-website"],"_links":{"self":[{"href":"https:\/\/euapp01.newsmemory.com\/lamarseillaise\/news\/wp-json\/wp\/v2\/posts\/38193","targetHints":{"allow":["GET"]}}],"collection":[{"href":"https:\/\/euapp01.newsmemory.com\/lamarseillaise\/news\/wp-json\/wp\/v2\/posts"}],"about":[{"href":"https:\/\/euapp01.newsmemory.com\/lamarseillaise\/news\/wp-json\/wp\/v2\/types\/post"}],"author":[{"embeddable":true,"href":"https:\/\/euapp01.newsmemory.com\/lamarseillaise\/news\/wp-json\/wp\/v2\/users\/1"}],"replies":[{"embeddable":true,"href":"https:\/\/euapp01.newsmemory.com\/lamarseillaise\/news\/wp-json\/wp\/v2\/comments?post=38193"}],"version-history":[{"count":1,"href":"https:\/\/euapp01.newsmemory.com\/lamarseillaise\/news\/wp-json\/wp\/v2\/posts\/38193\/revisions"}],"predecessor-version":[{"id":38195,"href":"https:\/\/euapp01.newsmemory.com\/lamarseillaise\/news\/wp-json\/wp\/v2\/posts\/38193\/revisions\/38195"}],"wp:featuredmedia":[{"embeddable":true,"href":"https:\/\/euapp01.newsmemory.com\/lamarseillaise\/news\/wp-json\/wp\/v2\/media\/38194"}],"wp:attachment":[{"href":"https:\/\/euapp01.newsmemory.com\/lamarseillaise\/news\/wp-json\/wp\/v2\/media?parent=38193"}],"wp:term":[{"taxonomy":"category","embeddable":true,"href":"https:\/\/euapp01.newsmemory.com\/lamarseillaise\/news\/wp-json\/wp\/v2\/categories?post=38193"},{"taxonomy":"post_tag","embeddable":true,"href":"https:\/\/euapp01.newsmemory.com\/lamarseillaise\/news\/wp-json\/wp\/v2\/tags?post=38193"},{"taxonomy":"news-destination","embeddable":true,"href":"https:\/\/euapp01.newsmemory.com\/lamarseillaise\/news\/wp-json\/wp\/v2\/news-destination?post=38193"},{"taxonomy":"news-source","embeddable":true,"href":"https:\/\/euapp01.newsmemory.com\/lamarseillaise\/news\/wp-json\/wp\/v2\/news-source?post=38193"},{"taxonomy":"is_homepage","embeddable":true,"href":"https:\/\/euapp01.newsmemory.com\/lamarseillaise\/news\/wp-json\/wp\/v2\/is_homepage?post=38193"},{"taxonomy":"ta_other","embeddable":true,"href":"https:\/\/euapp01.newsmemory.com\/lamarseillaise\/news\/wp-json\/wp\/v2\/ta_other?post=38193"}],"curies":[{"name":"wp","href":"https:\/\/api.w.org\/{rel}","templated":true}]}}