{"id":38189,"date":"2026-08-01T08:52:00","date_gmt":"2026-08-01T06:52:00","guid":{"rendered":"https:\/\/euapp01.newsmemory.com\/lamarseillaise\/news\/?p=38189"},"modified":"2026-08-07T08:32:03","modified_gmt":"2026-08-07T06:32:03","slug":"paradis-perdu-un-autreregard-sur-lamerique","status":"publish","type":"post","link":"https:\/\/euapp01.newsmemory.com\/lamarseillaise\/news\/2026\/08\/01\/paradis-perdu-un-autreregard-sur-lamerique\/","title":{"rendered":"\u00ab&nbsp;Paradis perdu&nbsp;\u00bb, un autreregard sur l\u2019Am\u00e9rique"},"content":{"rendered":"<div class=\"paragraph\">\n<p>Intitul\u00e9e \u00ab\u00a0Paradis perdu\u00a0\u00bb, l\u2019exposition<i> \u00ab<\/i><i>\u00a0<\/i><i>est une suite de celle de 2025, toujours dans notre envie de faire r\u00e9fl\u00e9chir, de sensibiliser le public en lui montrant des travaux photographiques de longue haleine et engag\u00e9s<\/i><i>\u00a0<\/i><i>\u00bb<\/i>, avance Val\u00e9rie Laquittant, directrice d\u2019ImageSinguli\u00e8res. Apr\u00e8s le g\u00e9nocide des Am\u00e9rindiens (Curtis), la crise de 1929 (Lange), l\u2019internement d\u2019Am\u00e9ricains d\u2019origine japonaise pendant la Seconde Guerre mondiale (Adams), ce sont l\u2019\u00e9cologie et le social qui sont mis en lumi\u00e8re \u00e0 la Cure d\u2019Aumessas. Une exposition cette fois-ci plus contemporaine puisque les travaux r\u00e9alis\u00e9s par les deux artistes datent du d\u00e9but du XXI<sup>e<\/sup>\u00a0si\u00e8cle.<\/p>\n<p>Deux regards<\/p>\n<p>La premi\u00e8re s\u00e9rie, No agua, No vida, r\u00e9alis\u00e9e par John Trotter, s\u2019int\u00e9resse aux dommages caus\u00e9s par l\u2019Homme sur l\u2019environnement. \u00ab<i>\u00a0<\/i><i>Entre<\/i><i>\u00a0<\/i><i>2001 et<\/i><i>\u00a0<\/i><i>2017, John Trotter a travaill\u00e9 sur le fleuve Colorado, il documente comment &#8211; depuis les montagnes rocheuses &#8211; ce fleuve a fini par s\u2019ass\u00e9cher et n\u2019arrive quasiment plus au delta du golfe de Californie. C\u2019est notre petit coup de gueule \u00e9cologique sur la crise terrible qui est en train de toucher le monde entier, sur la probl\u00e9matique de l\u2019acc\u00e8s \u00e0 l\u2019eau<\/i><i>\u00a0<\/i>\u00bb<i>,<\/i> d\u00e9taille Val\u00e9rie Laquittant. Une probl\u00e9matique d\u2019autant plus actuelle \u00e0 l\u2019heure o\u00f9 les fortes temp\u00e9ratures et la canicule font partie int\u00e9grante de la saison estivale.<i> \u00ab<\/i><i>\u00a0<\/i><i>On touche ici \u00e0 la surexploitation des industries et \u00e0 la non-pr\u00e9servation des zones humides, des fleuves. L\u2019expansionnisme des villes tue petit \u00e0 petit ce fleuve<\/i><i>\u00a0<\/i><i>\u00bb, <\/i>poursuit Val\u00e9rie Laquittant.<\/p>\n<p>ImageSiguli\u00e8res emm\u00e8ne ensuite les visiteurs \u00e0 New-York, plus pr\u00e9cis\u00e9ment dans le Queens, pour prendre une claque devant la s\u00e9rie de Juliana Beasley, Last stop Rockaway Park<i>. \u00ab<\/i><i>\u00a0<\/i><i>L\u2019artiste \u00e9tait en immersion \u00e0 Rockaway Park, un coin perdu du Queens. Entre 2002 et 2010, les habitants ont \u00e9t\u00e9 abandonn\u00e9s \u00e0 leur sort et la plupart avaient des probl\u00e9matiques sociales, psychologiques. C\u2019est un travail magnifique de portraits avec un style flashy, un peu trash<\/i><i>\u00a0<\/i><i>\u00bb,<\/i> d\u00e9taille la directrice d\u2019ImageSinguli\u00e8res. Ce n\u2019est d\u2019ailleurs pas la premi\u00e8re collaboration entre Beasley et l\u2019\u00e9quipe d\u2019ImageSinguli\u00e8res. L\u2019Am\u00e9ricaine \u00e9tait d\u00e9j\u00e0 venue \u00e0 S\u00e8te en r\u00e9sidence en 2010 pour sa deuxi\u00e8me monographie, S\u00e8te#2010.<i> \u00ab<\/i><i>\u00a0<\/i><i>Avec cette s\u00e9rie, Juliana s\u2019int\u00e9resse aux marges de la soci\u00e9t\u00e9, s\u2019est attach\u00e9e \u00e0 des personnes que l\u2019on cherche \u00e0 cacher. On est face \u00e0 des personnes que notre soci\u00e9t\u00e9 nous pousse \u00e0 ne plus regarder car il faut \u00eatre instagrammable ou je ne sais quoi.<\/i><i>\u00a0<\/i><i>\u00bb <\/i>Deux regards pour montrer une Am\u00e9rique tr\u00e8s diff\u00e9rente de l\u2019imaginaire collectif. \u00ab\u00a0<i>Ces photos nous parlent de ce r\u00eave am\u00e9ricain qui est en train de s\u2019\u00e9crouler. Les \u00c9tats-Unis, ce ne sont pas seulement les posts de Donald Trump mais c\u2019est aussi \u00e7a.<\/i><i>\u00a0<\/i><i>\u00bb <\/i><\/p>\n<p><b><span class=\"mln_small-caps_mln\">Louis Dupin<\/span><\/b><\/p>\n<\/p><\/div>\n","protected":false},"excerpt":{"rendered":"Intitul&eacute;e &laquo;&nbsp;Paradis perdu&nbsp;&raquo;, l&rsquo;exposition &laquo;&nbsp;est une suite de celle de 2025, toujours dans notre envie de faire r&eacute;fl&eacute;chir, de sensibiliser le public en lui montrant des travaux &#8230;","protected":false},"author":1,"featured_media":38190,"comment_status":"open","ping_status":"open","sticky":false,"template":"","format":"standard","meta":{"footnotes":""},"categories":[3926,3925,32],"tags":[275,276,279,238,277,263,278],"news-destination":[3944],"news-source":[475],"is_homepage":[],"ta_other":[],"class_list":["post-38189","post","type-post","status-publish","format-standard","has-post-thumbnail","hentry","category-accueil-merge","category-accueil-third","category-culture","tag-aumessas","tag-etats-unis","tag-exposition","tag-gard","tag-imagesingulieres","tag-photographie","tag-valerie-laquittant","news-destination-homepage","news-source-website"],"_links":{"self":[{"href":"https:\/\/euapp01.newsmemory.com\/lamarseillaise\/news\/wp-json\/wp\/v2\/posts\/38189","targetHints":{"allow":["GET"]}}],"collection":[{"href":"https:\/\/euapp01.newsmemory.com\/lamarseillaise\/news\/wp-json\/wp\/v2\/posts"}],"about":[{"href":"https:\/\/euapp01.newsmemory.com\/lamarseillaise\/news\/wp-json\/wp\/v2\/types\/post"}],"author":[{"embeddable":true,"href":"https:\/\/euapp01.newsmemory.com\/lamarseillaise\/news\/wp-json\/wp\/v2\/users\/1"}],"replies":[{"embeddable":true,"href":"https:\/\/euapp01.newsmemory.com\/lamarseillaise\/news\/wp-json\/wp\/v2\/comments?post=38189"}],"version-history":[{"count":1,"href":"https:\/\/euapp01.newsmemory.com\/lamarseillaise\/news\/wp-json\/wp\/v2\/posts\/38189\/revisions"}],"predecessor-version":[{"id":38191,"href":"https:\/\/euapp01.newsmemory.com\/lamarseillaise\/news\/wp-json\/wp\/v2\/posts\/38189\/revisions\/38191"}],"wp:featuredmedia":[{"embeddable":true,"href":"https:\/\/euapp01.newsmemory.com\/lamarseillaise\/news\/wp-json\/wp\/v2\/media\/38190"}],"wp:attachment":[{"href":"https:\/\/euapp01.newsmemory.com\/lamarseillaise\/news\/wp-json\/wp\/v2\/media?parent=38189"}],"wp:term":[{"taxonomy":"category","embeddable":true,"href":"https:\/\/euapp01.newsmemory.com\/lamarseillaise\/news\/wp-json\/wp\/v2\/categories?post=38189"},{"taxonomy":"post_tag","embeddable":true,"href":"https:\/\/euapp01.newsmemory.com\/lamarseillaise\/news\/wp-json\/wp\/v2\/tags?post=38189"},{"taxonomy":"news-destination","embeddable":true,"href":"https:\/\/euapp01.newsmemory.com\/lamarseillaise\/news\/wp-json\/wp\/v2\/news-destination?post=38189"},{"taxonomy":"news-source","embeddable":true,"href":"https:\/\/euapp01.newsmemory.com\/lamarseillaise\/news\/wp-json\/wp\/v2\/news-source?post=38189"},{"taxonomy":"is_homepage","embeddable":true,"href":"https:\/\/euapp01.newsmemory.com\/lamarseillaise\/news\/wp-json\/wp\/v2\/is_homepage?post=38189"},{"taxonomy":"ta_other","embeddable":true,"href":"https:\/\/euapp01.newsmemory.com\/lamarseillaise\/news\/wp-json\/wp\/v2\/ta_other?post=38189"}],"curies":[{"name":"wp","href":"https:\/\/api.w.org\/{rel}","templated":true}]}}