{"id":38186,"date":"2026-08-01T08:50:00","date_gmt":"2026-08-01T06:50:00","guid":{"rendered":"https:\/\/euapp01.newsmemory.com\/lamarseillaise\/news\/?p=38186"},"modified":"2026-08-07T08:19:45","modified_gmt":"2026-08-07T06:19:45","slug":"100-propre-en-2030","status":"publish","type":"post","link":"https:\/\/euapp01.newsmemory.com\/lamarseillaise\/news\/2026\/08\/01\/100-propre-en-2030\/","title":{"rendered":"Le r\u00e9seau Tango \u00e0 N\u00eemes \u00ab&nbsp;100% propre&nbsp;\u00bb en 2030"},"content":{"rendered":"<div class=\"paragraph\">\n<p>La promesse a \u00e9t\u00e9 lanc\u00e9e, les \u00e9lus m\u00e9tropolitains ont d\u00e9sormais trois ans et demi pour l\u2019appliquer. Sur le d\u00e9p\u00f4t des bus Tango, ils ont en effet annonc\u00e9 le passage de \u00ab\u00a0<i>l\u2019ensemble des bus du r\u00e9seau urbain vers des motorisations 100% propre<\/i>\u00a0\u00bb. Pour l\u2019heure, la collectivit\u00e9 compte une centaine de v\u00e9hicules \u00e0 \u00ab\u00a0\u00e9nergie propre\u00a0\u00bb, fonctionnant \u00e0 l\u2019\u00e9lectricit\u00e9, au biogaz ou au biocarburant. Cela repr\u00e9sente la moiti\u00e9 de la flotte de v\u00e9hicules actuellement exploit\u00e9s par Keolis.<\/p>\n<\/p><\/div>\n<div class=\"intext\"> Ombri\u00e8re photovolta\u00efque\n              <\/div>\n<div class=\"paragraph\">\n<p>Fin juillet, les \u00e9lus m\u00e9tropolitains \u00e9taient donc fiers de pr\u00e9senter les tout nouveaux bus articul\u00e9s 100% \u00e9lectriques de 18 m\u00e8tres de long qui sont dot\u00e9s \u00ab\u00a0<i>d\u2019une autonomie pouvant atteindre 340 km gr\u00e2ce \u00e0 leurs neuf packs de batteries haute capacit\u00e9 de 623 kWh<\/i>\u00a0\u00bb. Ils offrent ainsi \u00ab\u00a0<i>une capacit\u00e9 d\u2019accueil de 104<\/i><i>\u00a0<\/i><i>voyageurs<\/i>\u00a0\u00bb. Cinq d\u2019entre eux sont d\u00e9j\u00e0 en circulation et quatre arriveront dans les prochains jours. L\u2019investissement pour ces v\u00e9hicules repr\u00e9sente tout de m\u00eame 7,6\u00a0millions d\u2019euros. En moyenne ces derni\u00e8res ann\u00e9es, ce sont 8\u00a0millions d\u2019euros qui sont mobilis\u00e9s dans la modernisation des \u00e9quipements des bus Tango.<\/p>\n<p>Lors de cette pr\u00e9sentation, les \u00e9lus ont \u00e9galement annonc\u00e9 la construction d\u2019une ombri\u00e8re photovolta\u00efque sur le d\u00e9p\u00f4t Tango qui sera mise en service en fin d\u2019ann\u00e9e. \u00ab<i>\u00a0<\/i><i>Nous agissons simultan\u00e9ment sur deux leviers essentiels<\/i><i>\u00a0<\/i><i>: la d\u00e9carbonation de notre flotte et la production locale d\u2019une \u00e9nergie renouvelable. Aujourd\u2019hui, 100<\/i><i>\u00a0<\/i><i>v\u00e9hicules \u00e0 \u00e9nergie propre circulent d\u00e9j\u00e0 sur le r\u00e9seau Tango et notre ambition est claire<\/i><i>\u00a0<\/i><i>: disposer d\u2019un r\u00e9seau urbain compos\u00e9 \u00e0 100% de v\u00e9hicules propres d\u2019ici 2030<\/i>\u00a0\u00bb, confirme Vincent Bouget, le nouveau pr\u00e9sident de N\u00eemes M\u00e9tropole.<\/p>\n<\/p><\/div>\n","protected":false},"excerpt":{"rendered":"La promesse a &eacute;t&eacute; lanc&eacute;e, les &eacute;lus m&eacute;tropolitains ont d&eacute;sormais trois ans et demi pour l&rsquo;appliquer. Sur le d&eacute;p&ocirc;t des bus Tango, ils ont en effet annonc&eacute; le passage de &#8230;","protected":false},"author":1,"featured_media":38187,"comment_status":"open","ping_status":"open","sticky":false,"template":"","format":"standard","meta":{"footnotes":""},"categories":[3926,3925,333],"tags":[247,1386,1026,238,241,4440,250,3039,666,2418,3704],"news-destination":[3944],"news-source":[475],"is_homepage":[],"ta_other":[],"class_list":["post-38186","post","type-post","status-publish","format-standard","has-post-thumbnail","hentry","category-accueil-merge","category-accueil-third","category-environnement","tag-247","tag-bus","tag-electricite","tag-gard","tag-nimes","tag-nimes-en-commun","tag-pcf","tag-trafic-routier","tag-transports","tag-vincent-bouget","tag-voiture-electrique","news-destination-homepage","news-source-website"],"_links":{"self":[{"href":"https:\/\/euapp01.newsmemory.com\/lamarseillaise\/news\/wp-json\/wp\/v2\/posts\/38186","targetHints":{"allow":["GET"]}}],"collection":[{"href":"https:\/\/euapp01.newsmemory.com\/lamarseillaise\/news\/wp-json\/wp\/v2\/posts"}],"about":[{"href":"https:\/\/euapp01.newsmemory.com\/lamarseillaise\/news\/wp-json\/wp\/v2\/types\/post"}],"author":[{"embeddable":true,"href":"https:\/\/euapp01.newsmemory.com\/lamarseillaise\/news\/wp-json\/wp\/v2\/users\/1"}],"replies":[{"embeddable":true,"href":"https:\/\/euapp01.newsmemory.com\/lamarseillaise\/news\/wp-json\/wp\/v2\/comments?post=38186"}],"version-history":[{"count":2,"href":"https:\/\/euapp01.newsmemory.com\/lamarseillaise\/news\/wp-json\/wp\/v2\/posts\/38186\/revisions"}],"predecessor-version":[{"id":38192,"href":"https:\/\/euapp01.newsmemory.com\/lamarseillaise\/news\/wp-json\/wp\/v2\/posts\/38186\/revisions\/38192"}],"wp:featuredmedia":[{"embeddable":true,"href":"https:\/\/euapp01.newsmemory.com\/lamarseillaise\/news\/wp-json\/wp\/v2\/media\/38187"}],"wp:attachment":[{"href":"https:\/\/euapp01.newsmemory.com\/lamarseillaise\/news\/wp-json\/wp\/v2\/media?parent=38186"}],"wp:term":[{"taxonomy":"category","embeddable":true,"href":"https:\/\/euapp01.newsmemory.com\/lamarseillaise\/news\/wp-json\/wp\/v2\/categories?post=38186"},{"taxonomy":"post_tag","embeddable":true,"href":"https:\/\/euapp01.newsmemory.com\/lamarseillaise\/news\/wp-json\/wp\/v2\/tags?post=38186"},{"taxonomy":"news-destination","embeddable":true,"href":"https:\/\/euapp01.newsmemory.com\/lamarseillaise\/news\/wp-json\/wp\/v2\/news-destination?post=38186"},{"taxonomy":"news-source","embeddable":true,"href":"https:\/\/euapp01.newsmemory.com\/lamarseillaise\/news\/wp-json\/wp\/v2\/news-source?post=38186"},{"taxonomy":"is_homepage","embeddable":true,"href":"https:\/\/euapp01.newsmemory.com\/lamarseillaise\/news\/wp-json\/wp\/v2\/is_homepage?post=38186"},{"taxonomy":"ta_other","embeddable":true,"href":"https:\/\/euapp01.newsmemory.com\/lamarseillaise\/news\/wp-json\/wp\/v2\/ta_other?post=38186"}],"curies":[{"name":"wp","href":"https:\/\/api.w.org\/{rel}","templated":true}]}}