{"id":38183,"date":"2026-08-01T08:47:00","date_gmt":"2026-08-01T06:47:00","guid":{"rendered":"https:\/\/euapp01.newsmemory.com\/lamarseillaise\/news\/?p=38183"},"modified":"2026-08-07T08:06:03","modified_gmt":"2026-08-07T06:06:03","slug":"occitanie-preparer-la-securite-civile-de-demain","status":"publish","type":"post","link":"https:\/\/euapp01.newsmemory.com\/lamarseillaise\/news\/2026\/08\/01\/occitanie-preparer-la-securite-civile-de-demain\/","title":{"rendered":"Occitanie, pr\u00e9parer la s\u00e9curit\u00e9 civile de demain"},"content":{"rendered":"<div class=\"paragraph\">\n<p>Face \u00e0 des incendies plus fr\u00e9quents, plus violents et qui s\u2019\u00e9tendent d\u00e9sormais bien au-del\u00e0 du pourtour m\u00e9diterran\u00e9en, la France doit revoir en profondeur sa strat\u00e9gie de s\u00e9curit\u00e9 civile. C\u2019est le constat dress\u00e9 par les d\u00e9put\u00e9s Sophie Pantel (PS) et Damien Maudet (LFI), co-auteurs d\u2019un rapport parlementaire consacr\u00e9 aux moyens a\u00e9riens de la s\u00e9curit\u00e9 civile. Au-del\u00e0 du renouvellement des bombardiers d\u2019eau, les deux parlementaires plaident pour une planification de long terme, un renforcement des moyens des services de secours, une loi d\u2019investissement pluriannuel et une meilleure anticipation des cons\u00e9quences du d\u00e9r\u00e8glement climatique.<\/p>\n<p>\u00ab\u00a0<i>On voit bien aujourd\u2019hui, avec ce qu\u2019il se passe en Gironde, qu\u2019on a une acc\u00e9l\u00e9ration et que c\u2019est l\u2019ensemble du territoire national qui est ou qui va \u00eatre concern\u00e9. Donc il faut se pr\u00e9parer \u00e0 ces cons\u00e9quences li\u00e9es au changement climatique pour pouvoir faire face et avoir des moyens de lutte qui permettent, en cas de feux multiples, de pouvoir r\u00e9pondre partout aux besoins<\/i><i>\u00a0<\/i>\u00bb<i>, <\/i>pr\u00e9cise Sophie Pantel, pour qui cette \u00e9volution justifie une r\u00e9vision compl\u00e8te de la politique de s\u00e9curit\u00e9 civile.<\/p>\n<\/p><\/div>\n<div class=\"intext\"> La n\u00e9cessit\u00e9<br \/>\n               <br \/>de fixer un cap\n              <\/div>\n<div class=\"paragraph\">\n<p>Pour la d\u00e9put\u00e9e, le principal enjeu ne se r\u00e9sume pas \u00e0 une question budg\u00e9taire. C\u2019est avant tout l\u2019absence de vision d\u2019ensemble qui freine l\u2019adaptation du pays. \u00ab\u00a0<i>Avec mon coll\u00e8gue Damien Maudet, on avait demand\u00e9, dans l\u2019int\u00e9r\u00eat de l\u2019\u00c9tat, d\u2019avoir un document transversal de l\u2019ensemble des cr\u00e9dits affect\u00e9s \u00e0 la s\u00e9curit\u00e9 civile.<\/i><i>\u00a0<\/i>\u00bb Ce document permettrait d\u2019offrir une vision globale, jug\u00e9e indispensable pour d\u00e9finir une strat\u00e9gie. Une strat\u00e9gie qui, selon les auteurs du rapport, passe par une r\u00e9forme plus large de la s\u00e9curit\u00e9 civile, bien au-del\u00e0 du seul renouvellement de la flotte a\u00e9rienne. \u00ab\u00a0<i>Il faut vraiment avoir, d\u2019une part une loi de modernisation ambitieuse pour la s\u00e9curit\u00e9 civile, qui va traiter \u00e9videmment de la question des feux, mais qui va surtout s\u2019int\u00e9resser au volontariat, qui va donner des axes sur la diversification des choix \u00e0 faire dans l\u2019investissement, qui peut apporter un nouveau pacte capacitaire<\/i><i>\u00a0<\/i>\u00bb<i>, <\/i>pr\u00e9cise-t-elle.<\/p>\n<p>Face \u00e0 des catastrophes appel\u00e9es \u00e0 se multiplier, la d\u00e9put\u00e9e socialiste estime qu\u2019il faut d\u00e9velopper une v\u00e9ritable culture du risque au sein de la population, pour permettre notamment, sur chaque commune, d\u2019avoir des r\u00e9serves communales de s\u00e9curit\u00e9 civile. Si la pr\u00e9vention et la r\u00e9silience constituent un premier pilier de cette r\u00e9forme, les moyens mat\u00e9riels restent tout aussi essentiels. Pour les auteurs du rapport, l\u2019enjeu est d\u00e9sormais de trouver un \u00e9quilibre entre coop\u00e9ration europ\u00e9enne et maintien d\u2019une capacit\u00e9 nationale. \u00ab\u00a0<i>Il faut \u00e9videmment une flotte nationale souveraine. Il faut s\u2019inscrire dans le cadre du programme RescEU dans la solidarit\u00e9 europ\u00e9enne, mais on ne peut pas se contenter uniquement de la solidarit\u00e9 europ\u00e9enne<\/i><i>\u00a0<\/i>\u00bb, estime Sophie Pantel. Selon elle, cet \u00e9quilibre passe aussi par un soutien renforc\u00e9 aux industriels fran\u00e7ais afin de garantir, \u00e0 terme, une autonomie durable face \u00e0 des crises appel\u00e9es \u00e0 se multiplier.<br \/>Il ne s\u2019agit donc plus seulement de renforcer les moyens existants, mais de repenser en profondeur la s\u00e9curit\u00e9 civile afin de r\u00e9pondre \u00e0 des risques appel\u00e9s \u00e0 s\u2019intensifier sous l\u2019effet du d\u00e9r\u00e8glement climatique, des feux de for\u00eats en passant par les risques d\u2019inondation plus accrues.<\/p>\n<\/p><\/div>\n","protected":false},"excerpt":{"rendered":"Face &agrave; des incendies plus fr&eacute;quents, plus violents et qui s&rsquo;&eacute;tendent d&eacute;sormais bien au-del&agrave; du pourtour m&eacute;diterran&eacute;en, la France doit revoir en profondeur sa strat&eacute;gie de &#8230;","protected":false},"author":1,"featured_media":38184,"comment_status":"open","ping_status":"open","sticky":false,"template":"","format":"standard","meta":{"footnotes":""},"categories":[3926,3925,338],"tags":[1550,4015,624,1130,284,1613],"news-destination":[3944],"news-source":[475],"is_homepage":[],"ta_other":[],"class_list":["post-38183","post","type-post","status-publish","format-standard","has-post-thumbnail","hentry","category-accueil-merge","category-accueil-third","category-economie","tag-dereglement-climatique","tag-feux-de-foret","tag-industrie","tag-inondations","tag-occitanie","tag-securite-civile","news-destination-homepage","news-source-website"],"_links":{"self":[{"href":"https:\/\/euapp01.newsmemory.com\/lamarseillaise\/news\/wp-json\/wp\/v2\/posts\/38183","targetHints":{"allow":["GET"]}}],"collection":[{"href":"https:\/\/euapp01.newsmemory.com\/lamarseillaise\/news\/wp-json\/wp\/v2\/posts"}],"about":[{"href":"https:\/\/euapp01.newsmemory.com\/lamarseillaise\/news\/wp-json\/wp\/v2\/types\/post"}],"author":[{"embeddable":true,"href":"https:\/\/euapp01.newsmemory.com\/lamarseillaise\/news\/wp-json\/wp\/v2\/users\/1"}],"replies":[{"embeddable":true,"href":"https:\/\/euapp01.newsmemory.com\/lamarseillaise\/news\/wp-json\/wp\/v2\/comments?post=38183"}],"version-history":[{"count":1,"href":"https:\/\/euapp01.newsmemory.com\/lamarseillaise\/news\/wp-json\/wp\/v2\/posts\/38183\/revisions"}],"predecessor-version":[{"id":38185,"href":"https:\/\/euapp01.newsmemory.com\/lamarseillaise\/news\/wp-json\/wp\/v2\/posts\/38183\/revisions\/38185"}],"wp:featuredmedia":[{"embeddable":true,"href":"https:\/\/euapp01.newsmemory.com\/lamarseillaise\/news\/wp-json\/wp\/v2\/media\/38184"}],"wp:attachment":[{"href":"https:\/\/euapp01.newsmemory.com\/lamarseillaise\/news\/wp-json\/wp\/v2\/media?parent=38183"}],"wp:term":[{"taxonomy":"category","embeddable":true,"href":"https:\/\/euapp01.newsmemory.com\/lamarseillaise\/news\/wp-json\/wp\/v2\/categories?post=38183"},{"taxonomy":"post_tag","embeddable":true,"href":"https:\/\/euapp01.newsmemory.com\/lamarseillaise\/news\/wp-json\/wp\/v2\/tags?post=38183"},{"taxonomy":"news-destination","embeddable":true,"href":"https:\/\/euapp01.newsmemory.com\/lamarseillaise\/news\/wp-json\/wp\/v2\/news-destination?post=38183"},{"taxonomy":"news-source","embeddable":true,"href":"https:\/\/euapp01.newsmemory.com\/lamarseillaise\/news\/wp-json\/wp\/v2\/news-source?post=38183"},{"taxonomy":"is_homepage","embeddable":true,"href":"https:\/\/euapp01.newsmemory.com\/lamarseillaise\/news\/wp-json\/wp\/v2\/is_homepage?post=38183"},{"taxonomy":"ta_other","embeddable":true,"href":"https:\/\/euapp01.newsmemory.com\/lamarseillaise\/news\/wp-json\/wp\/v2\/ta_other?post=38183"}],"curies":[{"name":"wp","href":"https:\/\/api.w.org\/{rel}","templated":true}]}}