{"id":38180,"date":"2026-08-02T12:44:00","date_gmt":"2026-08-02T10:44:00","guid":{"rendered":"https:\/\/euapp01.newsmemory.com\/lamarseillaise\/news\/?p=38180"},"modified":"2026-08-08T08:02:14","modified_gmt":"2026-08-08T06:02:14","slug":"comment-est-calculee-la-valeur-du-sauve-dans-lherault","status":"publish","type":"post","link":"https:\/\/euapp01.newsmemory.com\/lamarseillaise\/news\/2026\/08\/02\/comment-est-calculee-la-valeur-du-sauve-dans-lherault\/","title":{"rendered":"[Incendies] Comment est calcul\u00e9e la \u00ab&nbsp;valeur du sauv\u00e9&nbsp;\u00bb dans l\u2019H\u00e9rault ?"},"content":{"rendered":"<div class=\"paragraph\">\n<p>La \u00ab\u00a0valeur du sauv\u00e9\u00a0\u00bb est un outil permettant de chiffrer les pertes mat\u00e9rielles qu\u2019aurait engendr\u00e9es un feu sans l\u2019intervention des pompiers. Depuis quelques ann\u00e9es, elle est calcul\u00e9e par la s\u00e9curit\u00e9 civile dans plusieurs d\u00e9partements, notamment dans l\u2019H\u00e9rault. \u00ab<i>\u00a0<\/i><i>Cela permet de valoriser l\u2019activit\u00e9 du Sdis par rapport \u00e0 son co\u00fbt financier pour les collectivit\u00e9s<\/i><i>\u00a0<\/i>\u00bb, affirme le commandant S\u00e9bastien Nicelli, du Sdis 34.<\/p>\n<p>Le professionnel explique que le logiciel du Sdis recoupe de nombreuses donn\u00e9es telles que les conditions m\u00e9t\u00e9o, le sens du vent ou encore les reliefs concern\u00e9s par un incendie avec le niveau de s\u00e9v\u00e9rit\u00e9 du risque d\u2019incendie au moment d\u2019un d\u00e9part de feu. Cela permet alors de simuler une enveloppe de feu correspondant \u00e0 la surface qui aurait \u00e9t\u00e9 touch\u00e9e par l\u2019incendie en propagation libre. Le service d\u2019information g\u00e9ographique compare ensuite cette enveloppe avec le v\u00e9ritable parcours de l\u2019incendie. \u00ab<i>\u00a0<\/i><i>Et c\u2019est dans ce diff\u00e9rentiel qu\u2019on regarde en d\u00e9tail ce qui se trouve comme v\u00e9g\u00e9tation ou comme constructions<\/i>, explique le commandant Nicelli. <i>Pour chiffrer la valeur d\u2019une zone, on se sert par exemple des sites des notaires, pour conna\u00eetre le prix du m\u00e8tre carr\u00e9 dans les communes concern\u00e9es<\/i>.\u00a0\u00bb<\/p>\n<\/p><\/div>\n<div class=\"intext\"> Un mod\u00e8le perfectible\n              <\/div>\n<div class=\"paragraph\">\n<p>Dans leur rapport, Damien Maudet et Sophie Pantel (voir article ci-dessus) prennent l\u2019exemple d\u2019un calcul de la \u00ab\u00a0valeur du sauv\u00e9\u00a0\u00bb effectu\u00e9 par le Sdis 34 en juillet 2025 sur un feu ayant parcouru 271,97 hectares \u00e0 proximit\u00e9 de la commune de Fabr\u00e8gues. L\u2019action des sapeurs-pompiers aurait alors permis de sauver 17\u00a0048\u00a0305\u00a0euros de biens mat\u00e9riels.<\/p>\n<p><i>\u00ab<\/i><i>\u00a0<\/i><i>Bien s\u00fbr, le mod\u00e8le a des limites et il n\u2019est pas encore d\u2019une pr\u00e9cision chirurgicale, <\/i>continue S\u00e9bastien Nicelli. <i>Si une exploitation agricole br\u00fble, on peut chiffrer le co\u00fbt de la perte d\u2019un tracteur, mais on ne peut pas encore chiffrer celui de la perte d\u2019activit\u00e9 \u00e9conomique, l\u2019impact sur les sous-traitants ou le ch\u00f4mage technique par exemple.<\/i><i>\u00a0<\/i><i>\u00bb <\/i>Par ailleurs, le professionnel pr\u00e9cise que d\u00e9sormais, le Sdis 34 \u00e9value \u00e9galement l\u2019impact environnemental \u00e9vit\u00e9 par une intervention, en calculant notamment la quantit\u00e9 de carbone qui aurait \u00e9t\u00e9 d\u00e9gag\u00e9e dans l\u2019air sans l\u2019intervention des secours. <i>\u00ab<\/i><i>\u00a0<\/i><i>Au fil des ann\u00e9es on affine nos sources d\u2019information<\/i>, assure le commandant. <i>Ces donn\u00e9es sont ensuite remont\u00e9es \u00e0 mes sup\u00e9rieurs, qui peuvent y trouver une utilit\u00e9 aupr\u00e8s de nos \u00e9lus.<\/i><i>\u00a0<\/i><i>\u00bb <\/i>Nina Bailly<\/p>\n<\/p><\/div>\n","protected":false},"excerpt":{"rendered":"La &laquo;&nbsp;valeur du sauv&eacute;&nbsp;&raquo; est un outil permettant de chiffrer les pertes mat&eacute;rielles qu&rsquo;aurait engendr&eacute;es un feu sans l&rsquo;intervention des pompiers. Depuis quelques ann&eacute;es, elle est &#8230;","protected":false},"author":1,"featured_media":38181,"comment_status":"open","ping_status":"open","sticky":false,"template":"","format":"standard","meta":{"footnotes":""},"categories":[3926,3925,333,20],"tags":[239,1396,284,320,5696,160],"news-destination":[3944],"news-source":[475],"is_homepage":[],"ta_other":[],"class_list":["post-38180","post","type-post","status-publish","format-standard","has-post-thumbnail","hentry","category-accueil-merge","category-accueil-third","category-environnement","category-societe","tag-herault","tag-incendies","tag-occitanie","tag-pompiers","tag-sdis-34","tag-vegetation","news-destination-homepage","news-source-website"],"_links":{"self":[{"href":"https:\/\/euapp01.newsmemory.com\/lamarseillaise\/news\/wp-json\/wp\/v2\/posts\/38180","targetHints":{"allow":["GET"]}}],"collection":[{"href":"https:\/\/euapp01.newsmemory.com\/lamarseillaise\/news\/wp-json\/wp\/v2\/posts"}],"about":[{"href":"https:\/\/euapp01.newsmemory.com\/lamarseillaise\/news\/wp-json\/wp\/v2\/types\/post"}],"author":[{"embeddable":true,"href":"https:\/\/euapp01.newsmemory.com\/lamarseillaise\/news\/wp-json\/wp\/v2\/users\/1"}],"replies":[{"embeddable":true,"href":"https:\/\/euapp01.newsmemory.com\/lamarseillaise\/news\/wp-json\/wp\/v2\/comments?post=38180"}],"version-history":[{"count":2,"href":"https:\/\/euapp01.newsmemory.com\/lamarseillaise\/news\/wp-json\/wp\/v2\/posts\/38180\/revisions"}],"predecessor-version":[{"id":38302,"href":"https:\/\/euapp01.newsmemory.com\/lamarseillaise\/news\/wp-json\/wp\/v2\/posts\/38180\/revisions\/38302"}],"wp:featuredmedia":[{"embeddable":true,"href":"https:\/\/euapp01.newsmemory.com\/lamarseillaise\/news\/wp-json\/wp\/v2\/media\/38181"}],"wp:attachment":[{"href":"https:\/\/euapp01.newsmemory.com\/lamarseillaise\/news\/wp-json\/wp\/v2\/media?parent=38180"}],"wp:term":[{"taxonomy":"category","embeddable":true,"href":"https:\/\/euapp01.newsmemory.com\/lamarseillaise\/news\/wp-json\/wp\/v2\/categories?post=38180"},{"taxonomy":"post_tag","embeddable":true,"href":"https:\/\/euapp01.newsmemory.com\/lamarseillaise\/news\/wp-json\/wp\/v2\/tags?post=38180"},{"taxonomy":"news-destination","embeddable":true,"href":"https:\/\/euapp01.newsmemory.com\/lamarseillaise\/news\/wp-json\/wp\/v2\/news-destination?post=38180"},{"taxonomy":"news-source","embeddable":true,"href":"https:\/\/euapp01.newsmemory.com\/lamarseillaise\/news\/wp-json\/wp\/v2\/news-source?post=38180"},{"taxonomy":"is_homepage","embeddable":true,"href":"https:\/\/euapp01.newsmemory.com\/lamarseillaise\/news\/wp-json\/wp\/v2\/is_homepage?post=38180"},{"taxonomy":"ta_other","embeddable":true,"href":"https:\/\/euapp01.newsmemory.com\/lamarseillaise\/news\/wp-json\/wp\/v2\/ta_other?post=38180"}],"curies":[{"name":"wp","href":"https:\/\/api.w.org\/{rel}","templated":true}]}}