{"id":38174,"date":"2026-08-01T08:48:00","date_gmt":"2026-08-01T06:48:00","guid":{"rendered":"https:\/\/euapp01.newsmemory.com\/lamarseillaise\/news\/?p=38174"},"modified":"2026-08-07T08:19:45","modified_gmt":"2026-08-07T06:19:45","slug":"les-menaces-de-mort-contre-chloe-ridel-prises-au-serieux","status":"publish","type":"post","link":"https:\/\/euapp01.newsmemory.com\/lamarseillaise\/news\/2026\/08\/01\/les-menaces-de-mort-contre-chloe-ridel-prises-au-serieux\/","title":{"rendered":"Les menaces de mort contre Chlo\u00e9 Ridel prises au s\u00e9rieux"},"content":{"rendered":"<div class=\"paragraph\">\n<p>Planqu\u00e9s derri\u00e8re leur \u00e9cran, les haineux qui ont d\u00e9vers\u00e9 ces derniers jours sur internet un torrent d\u2019insultes et de menaces contre l\u2019eurod\u00e9put\u00e9e gardoise Chlo\u00e9 Ridel font probablement moins les malins d\u00e9sormais.<\/p>\n<p>Mardi 28 juillet, l\u2019enqu\u00eate qui \u00e9tait jusque-l\u00e0 men\u00e9e par le Parquet de N\u00eemes a \u00e9t\u00e9 confi\u00e9e \u00e0 celui de Paris \u00ab<i>\u00a0<\/i><i>en raison de la nature sensible des faits et leur ampleur<\/i><i>\u00a0<\/i>\u00bb, a indiqu\u00e9 C\u00e9cile Gensac, la procureure de N\u00eemes. Ce dossier sensible a \u00e9t\u00e9 transmis au p\u00f4le sp\u00e9cialis\u00e9 de lutte contre la haine en ligne. C\u2019est dire si la Justice prend tr\u00e8s aux s\u00e9rieux les tentatives d\u2019intimidation contre la jeune \u00e9lue socialiste harcel\u00e9e et menac\u00e9e de mort.<\/p>\n<\/p><\/div>\n<div class=\"intext\"> Soutien du PS et du PCF\n              <\/div>\n<div class=\"paragraph\">\n<p>Suite \u00e0 sa prise de position dans <i>Objectif Gard<\/i> (aux c\u00f4t\u00e9s de deux associations), cons\u00e9cutive \u00e0 un d\u00e9part de feu (500\u00a0ha br\u00fbl\u00e9s) le 5 juillet \u00e0 proximit\u00e9 du circuit de L\u00e9denon (visiblement sans lien avec le circuit), sur la n\u00e9cessit\u00e9 de fermer ce circuit les jours de risques incendies, Chlo\u00e9 Ridel a subi la b\u00eatise crasse et la haine de certains internautes. Notamment sur la plateforme de discussion du magazine <i>Auto-moto<\/i>.<\/p>\n<p>Des posts plus abjects les uns que les autres appelaient \u00e0 mettre la conseill\u00e8re municipale n\u00eemoise \u00ab<i>\u00a0<\/i><i>dans le viseur comme en Corse<\/i><i>\u00a0<\/i>\u00bb, \u00e0 la \u00ab<i>\u00a0<\/i><i>tra\u00eener derri\u00e8re une voiture<\/i><i>\u00a0<\/i>\u00bb ou encore \u00e0 faire \u00ab<i>\u00a0<\/i><i>exploser le domicile de ses parents<\/i><i>\u00a0<\/i>\u00bb. Chlo\u00e9 Ridel a aussit\u00f4t port\u00e9 plainte et obtenu du magazine via une demande de la procureure de N\u00eemes, le blocage et l\u2019emp\u00eachement des commentaires insultants et mena\u00e7ants. \u00ab<i>\u00a0<\/i><i>Pour avoir simplement demand\u00e9 que les r\u00e8gles de pr\u00e9vention soient les m\u00eames pour tous et que le circuit prenne sa part, j\u2019ai re\u00e7u de nombreuses menaces sur les r\u00e9seaux sociaux comme par message priv\u00e9 <\/i>(&#8230;). <i>Je ne me laisserai pas intimider par ces menaces.<\/i><i>\u00a0<\/i>\u00bb<\/p>\n<p>Plusieurs messages de soutien ont imm\u00e9diatement afflu\u00e9. Notamment du maire de N\u00eemes Vincent Bouget, des sections PS et PCF du Gard et de l\u2019H\u00e9rault. Mercredi 29 juillet, le conseil municipal de L\u00e9denon s\u2019est r\u00e9uni pour permettre \u00e0 l\u2019ONF de vendre le bois des arbres suite au feu du 5 juillet. Si le maire Christophe Zaragoza (SE) condamne les attaques contre Chlo\u00e9 Ridel, il a confi\u00e9 \u00e0 <i>Objectif Gard <\/i>ne pas partager sa position et d\u00e9fendre le circuit. \u00ab<i>\u00a0<\/i><i>Le circuit n\u2019est pas le probl\u00e8me, c\u2019est l\u2019humain <\/i>(&#8230;). <i>Sur le fond, il faut raison garder.<\/i><i>\u00a0<\/i>\u00bb<i> <\/i><\/p>\n<\/p><\/div>\n","protected":false},"excerpt":{"rendered":"Planqu&eacute;s derri&egrave;re leur &eacute;cran, les haineux qui ont d&eacute;vers&eacute; ces derniers jours sur internet un torrent d&rsquo;insultes et de menaces contre l&rsquo;eurod&eacute;put&eacute;e gardoise Chlo&eacute; Ridel font &#8230;","protected":false},"author":1,"featured_media":38175,"comment_status":"open","ping_status":"open","sticky":false,"template":"","format":"standard","meta":{"footnotes":""},"categories":[3926,3925,330],"tags":[6199,4036,4174,1673,238,923,1396,2637,6198,2917,2636,3663,250,2361,1980,543,1916],"news-destination":[3944],"news-source":[475],"is_homepage":[],"ta_other":[],"class_list":["post-38174","post","type-post","status-publish","format-standard","has-post-thumbnail","hentry","category-accueil-merge","category-accueil-third","category-politique","tag-cecile-gensac","tag-chloe-ridel","tag-circuit-automobile","tag-feux","tag-gard","tag-harcelement","tag-incendies","tag-insultes","tag-ledenon","tag-magazine","tag-menaces","tag-mort","tag-pcf","tag-plainte","tag-procureur","tag-ps","tag-risques-majeurs","news-destination-homepage","news-source-website"],"_links":{"self":[{"href":"https:\/\/euapp01.newsmemory.com\/lamarseillaise\/news\/wp-json\/wp\/v2\/posts\/38174","targetHints":{"allow":["GET"]}}],"collection":[{"href":"https:\/\/euapp01.newsmemory.com\/lamarseillaise\/news\/wp-json\/wp\/v2\/posts"}],"about":[{"href":"https:\/\/euapp01.newsmemory.com\/lamarseillaise\/news\/wp-json\/wp\/v2\/types\/post"}],"author":[{"embeddable":true,"href":"https:\/\/euapp01.newsmemory.com\/lamarseillaise\/news\/wp-json\/wp\/v2\/users\/1"}],"replies":[{"embeddable":true,"href":"https:\/\/euapp01.newsmemory.com\/lamarseillaise\/news\/wp-json\/wp\/v2\/comments?post=38174"}],"version-history":[{"count":1,"href":"https:\/\/euapp01.newsmemory.com\/lamarseillaise\/news\/wp-json\/wp\/v2\/posts\/38174\/revisions"}],"predecessor-version":[{"id":38176,"href":"https:\/\/euapp01.newsmemory.com\/lamarseillaise\/news\/wp-json\/wp\/v2\/posts\/38174\/revisions\/38176"}],"wp:featuredmedia":[{"embeddable":true,"href":"https:\/\/euapp01.newsmemory.com\/lamarseillaise\/news\/wp-json\/wp\/v2\/media\/38175"}],"wp:attachment":[{"href":"https:\/\/euapp01.newsmemory.com\/lamarseillaise\/news\/wp-json\/wp\/v2\/media?parent=38174"}],"wp:term":[{"taxonomy":"category","embeddable":true,"href":"https:\/\/euapp01.newsmemory.com\/lamarseillaise\/news\/wp-json\/wp\/v2\/categories?post=38174"},{"taxonomy":"post_tag","embeddable":true,"href":"https:\/\/euapp01.newsmemory.com\/lamarseillaise\/news\/wp-json\/wp\/v2\/tags?post=38174"},{"taxonomy":"news-destination","embeddable":true,"href":"https:\/\/euapp01.newsmemory.com\/lamarseillaise\/news\/wp-json\/wp\/v2\/news-destination?post=38174"},{"taxonomy":"news-source","embeddable":true,"href":"https:\/\/euapp01.newsmemory.com\/lamarseillaise\/news\/wp-json\/wp\/v2\/news-source?post=38174"},{"taxonomy":"is_homepage","embeddable":true,"href":"https:\/\/euapp01.newsmemory.com\/lamarseillaise\/news\/wp-json\/wp\/v2\/is_homepage?post=38174"},{"taxonomy":"ta_other","embeddable":true,"href":"https:\/\/euapp01.newsmemory.com\/lamarseillaise\/news\/wp-json\/wp\/v2\/ta_other?post=38174"}],"curies":[{"name":"wp","href":"https:\/\/api.w.org\/{rel}","templated":true}]}}