{"id":38171,"date":"2026-08-01T08:50:00","date_gmt":"2026-08-01T06:50:00","guid":{"rendered":"https:\/\/euapp01.newsmemory.com\/lamarseillaise\/news\/?p=38171"},"modified":"2026-08-07T08:19:45","modified_gmt":"2026-08-07T06:19:45","slug":"ales-lenquete-sur-les-menaces-recues-par-christophe-rivenq-se-poursuit","status":"publish","type":"post","link":"https:\/\/euapp01.newsmemory.com\/lamarseillaise\/news\/2026\/08\/01\/ales-lenquete-sur-les-menaces-recues-par-christophe-rivenq-se-poursuit\/","title":{"rendered":"Al\u00e8s, l\u2019enqu\u00eate sur les menaces re\u00e7ues par Christophe Rivenq se poursuit"},"content":{"rendered":"<div class=\"paragraph\">\n<p>Depuis le mardi 21 juillet, le parquet national anticriminalit\u00e9 organis\u00e9e (Pnaco) s\u2019est saisi de l\u2019affaire qui secoue la ville d\u2019Al\u00e8s et son maire, Christophe Rivenq, depuis une dizaine de jours. Pour rappel, le 16\u00a0juillet, ce dernier a re\u00e7u une enveloppe contenant deux balles de calibre 9\u00a0mm dans sa bo\u00eete aux lettres. Celle-ci \u00e9tait accompagn\u00e9e d\u2019inscriptions mena\u00e7antes tagu\u00e9es sur le mur de son domicile. Le tout sign\u00e9 \u00ab\u00a0DZ NG\u00a0\u00bb, pour DZ Mafia Nouvelle g\u00e9n\u00e9ration, en r\u00e9f\u00e9rence au groupe criminel marseillais \u00e9ponyme qui se serait install\u00e9 dans la ville du Gard depuis l\u2019\u00e9t\u00e9 2025. Quelques jours apr\u00e8s ce premier \u00e9pisode, dans la nuit du 20 au 21 juillet, le maire \u00e9tait exfiltr\u00e9 de son domicile par le Raid apr\u00e8s la remont\u00e9e d\u2019une menace \u00e9voquant la possible pr\u00e9sence d\u2019une voiture pi\u00e9g\u00e9e, une information non confirm\u00e9e \u00e0 ce stade. D\u00e8s le mercredi 22 juillet, une vid\u00e9o montrant des personnes cagoul\u00e9es se revendiquant de la DZ Mafia \u00e9tait diffus\u00e9e sur les r\u00e9seaux sociaux pour nier toute implication du groupe criminel. Cependant, Le Pnaco a indiqu\u00e9 \u00e0 l\u2019AFP n\u2019avoir \u00ab<i>\u00a0<\/i><i>aucune confirmation \u00e0 donner \u00e0 ce stade<\/i><i>\u00a0<\/i>\u00bb sur l\u2019authenticit\u00e9 de cette vid\u00e9o.<\/p>\n<\/p><\/div>\n<div class=\"intext\"> \u00ab\u00a0\u00c9radiquer le narcotrafic\u00a0\u00bb\n              <\/div>\n<div class=\"paragraph\">\n<p>\u00ab<i>\u00a0<\/i><i>Les menaces, pour moi, sont r\u00e9elles et il faut les prendre avec s\u00e9rieux et gravit\u00e9, <\/i>a confi\u00e9 lundi \u00e0 l\u2019AFP le procureur d\u2019Al\u00e8s, Abdelkrim Grini. <i>Un palier grave a \u00e9t\u00e9 franchi, puisqu\u2019on s\u2019en prend \u00e0 un \u00e9lu de la R\u00e9publique qui fait son travail et rien que son travail.<\/i><i>\u00a0<\/i>\u00bb Pour \u00ab<i>\u00a0<\/i><i>\u00e9radiquer le narcotrafic<\/i><i>\u00a0<\/i>\u00bb<i>,<\/i> poursuit le procureur, \u00ab<i>\u00a0<\/i><i>il faut s\u2019en donner les moyens. Il ne faut pas se r\u00e9signer, il faut rester d\u00e9termin\u00e9s et mener une v\u00e9ritable guerre contre le narcotrafic<\/i><i>\u00a0<\/i>\u00bb.<\/p>\n<p>De son c\u00f4t\u00e9, Christophe Rivenq a pris part \u00e0 la c\u00e9r\u00e9monie de prise de fonction de la nouvelle sous-pr\u00e9f\u00e8te d\u2019Al\u00e8s, Lucie Roesch, le 27 juillet. \u00ab<i>\u00a0<\/i><i>J\u2019ai re\u00e7u des centaines, des milliers de messages de solidarit\u00e9<\/i><i>\u00a0<\/i>\u00bb, a-t-il confi\u00e9 \u00e0 l\u2019AFP. L\u2019\u00e9lu a \u00e9galement assur\u00e9 poursuivre sa \u00ab<i>\u00a0<\/i><i>t\u00e2che<\/i><i>\u00a0<\/i>\u00bb<i>\u00a0<\/i>: \u00ab<i>\u00a0<\/i><i>Il y a beaucoup d\u2019inqui\u00e9tude. Mais la s\u00e9curit\u00e9 est au top et la vie continue. On s\u2019en sortira.<\/i><i>\u00a0<\/i>\u00bb<i> <\/i><\/p>\n<p>Le 28 juillet, le maire d\u2019Al\u00e8s a assur\u00e9 son traditionnel live sur <i>Facebook<\/i>, un rendez-vous qu\u2019il propose tous les derniers mardis du mois et dans lequel il a d\u00e9clar\u00e9\u00a0: \u00ab<i>\u00a0<\/i><i>Je ne m\u2019exprimerais pas sur l\u2019affaire en cours, pour beaucoup de raisons que vous comprendrez plus tard.<\/i><i>\u00a0<\/i>\u00bb<i><\/i><\/p>\n<\/p><\/div>\n","protected":false},"excerpt":{"rendered":"Depuis le mardi 21 juillet, le parquet national anticriminalit&eacute; organis&eacute;e (Pnaco) s&rsquo;est saisi de l&rsquo;affaire qui secoue la ville d&rsquo;Al&egrave;s et son maire, Christophe Rivenq, depuis une dizaine de jours. Pour rappel, &#8230;","protected":false},"author":1,"featured_media":38172,"comment_status":"open","ping_status":"open","sticky":false,"template":"","format":"standard","meta":{"footnotes":""},"categories":[3926,3925,330],"tags":[663,1276,2636],"news-destination":[3944],"news-source":[475],"is_homepage":[],"ta_other":[],"class_list":["post-38171","post","type-post","status-publish","format-standard","has-post-thumbnail","hentry","category-accueil-merge","category-accueil-third","category-politique","tag-ales","tag-enquete","tag-menaces","news-destination-homepage","news-source-website"],"_links":{"self":[{"href":"https:\/\/euapp01.newsmemory.com\/lamarseillaise\/news\/wp-json\/wp\/v2\/posts\/38171","targetHints":{"allow":["GET"]}}],"collection":[{"href":"https:\/\/euapp01.newsmemory.com\/lamarseillaise\/news\/wp-json\/wp\/v2\/posts"}],"about":[{"href":"https:\/\/euapp01.newsmemory.com\/lamarseillaise\/news\/wp-json\/wp\/v2\/types\/post"}],"author":[{"embeddable":true,"href":"https:\/\/euapp01.newsmemory.com\/lamarseillaise\/news\/wp-json\/wp\/v2\/users\/1"}],"replies":[{"embeddable":true,"href":"https:\/\/euapp01.newsmemory.com\/lamarseillaise\/news\/wp-json\/wp\/v2\/comments?post=38171"}],"version-history":[{"count":1,"href":"https:\/\/euapp01.newsmemory.com\/lamarseillaise\/news\/wp-json\/wp\/v2\/posts\/38171\/revisions"}],"predecessor-version":[{"id":38173,"href":"https:\/\/euapp01.newsmemory.com\/lamarseillaise\/news\/wp-json\/wp\/v2\/posts\/38171\/revisions\/38173"}],"wp:featuredmedia":[{"embeddable":true,"href":"https:\/\/euapp01.newsmemory.com\/lamarseillaise\/news\/wp-json\/wp\/v2\/media\/38172"}],"wp:attachment":[{"href":"https:\/\/euapp01.newsmemory.com\/lamarseillaise\/news\/wp-json\/wp\/v2\/media?parent=38171"}],"wp:term":[{"taxonomy":"category","embeddable":true,"href":"https:\/\/euapp01.newsmemory.com\/lamarseillaise\/news\/wp-json\/wp\/v2\/categories?post=38171"},{"taxonomy":"post_tag","embeddable":true,"href":"https:\/\/euapp01.newsmemory.com\/lamarseillaise\/news\/wp-json\/wp\/v2\/tags?post=38171"},{"taxonomy":"news-destination","embeddable":true,"href":"https:\/\/euapp01.newsmemory.com\/lamarseillaise\/news\/wp-json\/wp\/v2\/news-destination?post=38171"},{"taxonomy":"news-source","embeddable":true,"href":"https:\/\/euapp01.newsmemory.com\/lamarseillaise\/news\/wp-json\/wp\/v2\/news-source?post=38171"},{"taxonomy":"is_homepage","embeddable":true,"href":"https:\/\/euapp01.newsmemory.com\/lamarseillaise\/news\/wp-json\/wp\/v2\/is_homepage?post=38171"},{"taxonomy":"ta_other","embeddable":true,"href":"https:\/\/euapp01.newsmemory.com\/lamarseillaise\/news\/wp-json\/wp\/v2\/ta_other?post=38171"}],"curies":[{"name":"wp","href":"https:\/\/api.w.org\/{rel}","templated":true}]}}