{"id":38168,"date":"2026-08-01T16:37:00","date_gmt":"2026-08-01T14:37:00","guid":{"rendered":"https:\/\/euapp01.newsmemory.com\/lamarseillaise\/news\/?p=38168"},"modified":"2026-08-08T07:11:12","modified_gmt":"2026-08-08T05:11:12","slug":"fabienne-decottignies-nommee-prefete-du-gard","status":"publish","type":"post","link":"https:\/\/euapp01.newsmemory.com\/lamarseillaise\/news\/2026\/08\/01\/fabienne-decottignies-nommee-prefete-du-gard\/","title":{"rendered":"Fabienne Decottignies nomm\u00e9e pr\u00e9f\u00e8te du Gard"},"content":{"rendered":"<div class=\"paragraph\">\n<p>Avec Anne Levasseur au Vigan, Lucie Roesch d\u00e9sormais \u00e0 Al\u00e8s et dans quinze jours Fabienne Decottignies \u00e0 N\u00eemes, c\u2019est un trio de femmes qui va d\u00e9sormais repr\u00e9senter l\u2019\u00c9tat dans le d\u00e9partement gardois. Arriv\u00e9 \u00e0 l\u2019\u00e9t\u00e9 2023, J\u00e9r\u00f4me Bonet laisse la trace d\u2019un pr\u00e9fet s\u00e9rieux, efficace et \u00e0 l\u2019\u00e9coute mais qui aura aussi d\u00e9montr\u00e9 toute l\u2019impuissance de l\u2019\u00c9tat sur les sujets de d\u00e9sindustrialisation, \u00e0 l\u2019image de la fermeture de la verrerie \u00e0 Verg\u00e8ze.<\/p>\n<p>Comme J\u00e9r\u00f4me Bonet, Fabienne Decottignies poss\u00e8de un profil atypique puisqu\u2019elle n\u2019a pas encha\u00een\u00e9 les postes de sous-pr\u00e9f\u00e8te avant d\u2019arriver dans le Gard. Si son pr\u00e9d\u00e9cesseur a principalement travaill\u00e9 dans les plus hautes instances polici\u00e8res, Fabienne Decottignies a longtemps occup\u00e9 des responsabilit\u00e9s au sein de l\u2019administration centrale, notamment dans le domaine de la sant\u00e9.<\/p>\n<p>N\u00e9e en 1971 \u00e0 Tourcoing, elle suit un parcours universitaire brillant (hypokh\u00e2gne, kh\u00e2gne, ma\u00eetrise d\u2019histoire moderne, Institut d\u2019\u00e9tudes politiques et Institut r\u00e9gional d\u2019administration) avant de multiplier les postes dans l\u2019administration. En 2007, elle devient cheffe du bureau du budget, de la performance et du contr\u00f4le interne \u00e0 la Direction g\u00e9n\u00e9rale de la sant\u00e9. Elle rejoint ensuite la pr\u00e9fecture de police de Paris en 2012 et entre dans le corps pr\u00e9fectoral en 2015 en devenant sous-pr\u00e9f\u00e8te dans l\u2019Oise. Apr\u00e8s un retour \u00e0 Paris, elle est ensuite sous-pr\u00e9f\u00e8te de Lille (2022-2024) puis devient pr\u00e9f\u00e8te de la Ni\u00e8vre. Elle est \u00e9galement officier de l\u2019Ordre national du M\u00e9rite et a re\u00e7u la L\u00e9gion d\u2019honneur. T.A.<\/p>\n<\/p><\/div>\n","protected":false},"excerpt":{"rendered":"Avec Anne Levasseur au Vigan, Lucie Roesch d&eacute;sormais &agrave; Al&egrave;s et dans quinze jours Fabienne Decottignies &agrave; N&icirc;mes, c&rsquo;est un trio de femmes qui va d&eacute;sormais repr&eacute;senter l&rsquo;&Eacute;tat dans le &#8230;","protected":false},"author":1,"featured_media":38169,"comment_status":"open","ping_status":"open","sticky":false,"template":"","format":"standard","meta":{"footnotes":""},"categories":[3926,3925,330],"tags":[247,238,268,241,763,191,1131,1567,256,3069],"news-destination":[3944],"news-source":[475],"is_homepage":[],"ta_other":[],"class_list":["post-38168","post","type-post","status-publish","format-standard","has-post-thumbnail","hentry","category-accueil-merge","category-accueil-third","category-politique","tag-247","tag-gard","tag-narcotrafic","tag-nimes","tag-police","tag-politique","tag-prefecture","tag-prefet","tag-sante","tag-sous-prefet","news-destination-homepage","news-source-website"],"_links":{"self":[{"href":"https:\/\/euapp01.newsmemory.com\/lamarseillaise\/news\/wp-json\/wp\/v2\/posts\/38168","targetHints":{"allow":["GET"]}}],"collection":[{"href":"https:\/\/euapp01.newsmemory.com\/lamarseillaise\/news\/wp-json\/wp\/v2\/posts"}],"about":[{"href":"https:\/\/euapp01.newsmemory.com\/lamarseillaise\/news\/wp-json\/wp\/v2\/types\/post"}],"author":[{"embeddable":true,"href":"https:\/\/euapp01.newsmemory.com\/lamarseillaise\/news\/wp-json\/wp\/v2\/users\/1"}],"replies":[{"embeddable":true,"href":"https:\/\/euapp01.newsmemory.com\/lamarseillaise\/news\/wp-json\/wp\/v2\/comments?post=38168"}],"version-history":[{"count":1,"href":"https:\/\/euapp01.newsmemory.com\/lamarseillaise\/news\/wp-json\/wp\/v2\/posts\/38168\/revisions"}],"predecessor-version":[{"id":38170,"href":"https:\/\/euapp01.newsmemory.com\/lamarseillaise\/news\/wp-json\/wp\/v2\/posts\/38168\/revisions\/38170"}],"wp:featuredmedia":[{"embeddable":true,"href":"https:\/\/euapp01.newsmemory.com\/lamarseillaise\/news\/wp-json\/wp\/v2\/media\/38169"}],"wp:attachment":[{"href":"https:\/\/euapp01.newsmemory.com\/lamarseillaise\/news\/wp-json\/wp\/v2\/media?parent=38168"}],"wp:term":[{"taxonomy":"category","embeddable":true,"href":"https:\/\/euapp01.newsmemory.com\/lamarseillaise\/news\/wp-json\/wp\/v2\/categories?post=38168"},{"taxonomy":"post_tag","embeddable":true,"href":"https:\/\/euapp01.newsmemory.com\/lamarseillaise\/news\/wp-json\/wp\/v2\/tags?post=38168"},{"taxonomy":"news-destination","embeddable":true,"href":"https:\/\/euapp01.newsmemory.com\/lamarseillaise\/news\/wp-json\/wp\/v2\/news-destination?post=38168"},{"taxonomy":"news-source","embeddable":true,"href":"https:\/\/euapp01.newsmemory.com\/lamarseillaise\/news\/wp-json\/wp\/v2\/news-source?post=38168"},{"taxonomy":"is_homepage","embeddable":true,"href":"https:\/\/euapp01.newsmemory.com\/lamarseillaise\/news\/wp-json\/wp\/v2\/is_homepage?post=38168"},{"taxonomy":"ta_other","embeddable":true,"href":"https:\/\/euapp01.newsmemory.com\/lamarseillaise\/news\/wp-json\/wp\/v2\/ta_other?post=38168"}],"curies":[{"name":"wp","href":"https:\/\/api.w.org\/{rel}","templated":true}]}}