{"id":38165,"date":"2026-08-01T07:54:00","date_gmt":"2026-08-01T05:54:00","guid":{"rendered":"https:\/\/euapp01.newsmemory.com\/lamarseillaise\/news\/?p=38165"},"modified":"2026-08-07T07:40:07","modified_gmt":"2026-08-07T05:40:07","slug":"un-pari-fou-et-reussi-le-corso-de-la-lavande-a-lance-sa-80e-edition-a-digne","status":"publish","type":"post","link":"https:\/\/euapp01.newsmemory.com\/lamarseillaise\/news\/2026\/08\/01\/un-pari-fou-et-reussi-le-corso-de-la-lavande-a-lance-sa-80e-edition-a-digne\/","title":{"rendered":"\u00ab&nbsp;Un pari fou et r\u00e9ussi&nbsp;\u00bb : le Corso de la lavande a lanc\u00e9 sa 80e \u00e9dition \u00e0 Digne"},"content":{"rendered":"<div class=\"paragraph\">\n<p>U<i>n miracle perp\u00e9tu\u00e9<\/i><i>\u00a0<\/i>\u00bb\u00a0:\u00a0le maire de Digne, Julien Di Benedetto (SE), a ouvert, vendredi soir, la 80<sup>e<\/sup>\u00a0\u00e9dition du Corso de la lavande, c\u00e9l\u00e9bration embl\u00e9matique et traditionnelle des Alpes du Sud.<\/p>\n<p>\u00ab\u00a0<i>C\u2019est \u00e0 nous tous que revient l\u2019immense honneur de le pr\u00e9server<\/i><i>\u00a0<\/i>\u00bb, a avanc\u00e9 le maire lors de la soir\u00e9e d\u2019ouverture, saluant \u00ab\u00a0<i>tous les pr\u00e9sidents des comit\u00e9s des f\u00eates qui ont sacrifi\u00e9 une partie de leur vie pour que vive le Corso<\/i><i>\u00a0<\/i>\u00bb. Julien Di Benedetto a, comme beaucoup de Dignois, grandi sur les chars iconiques de cette f\u00eate sud-alpine. \u00ab\u00a0<i>Vous pouvez compter sur moi pour continuer \u00e0 f\u00eater longtemps le Corso<\/i><i>\u00a0<\/i>\u00bb, a-t-il promis vendredi.<\/p>\n<p>Les festivit\u00e9s se poursuivront tout au long du week-end et jusqu\u2019\u00e0 mardi soir. Au menu ce samedi matin\u00a0: un march\u00e9 proven\u00e7al, suivi de nombreux concerts toute la journ\u00e9e. \u00c0 21h, une \u00ab\u00a0<i>rencontre sous forme de joute musicale entre diff\u00e9rentes nationalit\u00e9s<\/i><i>\u00a0<\/i>\u00bb aura lieu au palais des congr\u00e8s.<\/p>\n<\/p><\/div>\n<div class=\"intext\"> Une surprise dimanche\n              <\/div>\n<div class=\"paragraph\">\n<p>Dimanche, le public pourra assister \u00e0 une d\u00e9monstration de distillation de la lavande d\u00e8s 9h30, place du G\u00e9n\u00e9ral-de-Gaulle. Un pr\u00e9-d\u00e9fil\u00e9 aura lieu \u00e0 14h boulevard Gassendi, puis le v\u00e9ritable d\u00e9fil\u00e9 \u00e0 15h, avec seize chars et seize groupes internationaux. Une surprise est annonc\u00e9e \u00e0 21h, place du G\u00e9n\u00e9ral-de-Gaulle, avant le grand bal pr\u00e9vu \u00e0 22h15.<\/p>\n<p><span class=\"mln_uppercase_mln\">\u00e0<\/span> l\u2019occasion du Corso, la Ville met en place un dispositif exceptionnel de circulation, de stationnement et de s\u00e9curit\u00e9. Pendant toute la dur\u00e9e du Corso, le boulevard Gassendi (partie basse) sera enti\u00e8rement r\u00e9serv\u00e9 aux animations et aux d\u00e9fil\u00e9s. La circulation et le stationnement y sont interdits jusqu\u2019\u00e0 jeudi 23h.<\/p>\n<\/p><\/div>\n","protected":false},"excerpt":{"rendered":"Un miracle perp&eacute;tu&eacute;&nbsp;&raquo;&nbsp;:&nbsp;le maire de Digne, Julien Di Benedetto (SE), a ouvert, vendredi soir, la 80e&nbsp;&eacute;dition du Corso de la lavande, c&eacute;l&eacute;bration embl&eacute;matique et traditionnelle des &#8230;","protected":false},"author":1,"featured_media":38166,"comment_status":"open","ping_status":"open","sticky":false,"template":"","format":"standard","meta":{"footnotes":""},"categories":[3926,3925,20],"tags":[447,4768,4467,34,466,5807,51,1749],"news-destination":[3944],"news-source":[475],"is_homepage":[],"ta_other":[],"class_list":["post-38165","post","type-post","status-publish","format-standard","has-post-thumbnail","hentry","category-accueil-merge","category-accueil-third","category-societe","tag-agriculture","tag-alpes","tag-alpes-de-haute-provence","tag-concert","tag-fete","tag-lavande","tag-societe","tag-tradition","news-destination-homepage","news-source-website"],"_links":{"self":[{"href":"https:\/\/euapp01.newsmemory.com\/lamarseillaise\/news\/wp-json\/wp\/v2\/posts\/38165","targetHints":{"allow":["GET"]}}],"collection":[{"href":"https:\/\/euapp01.newsmemory.com\/lamarseillaise\/news\/wp-json\/wp\/v2\/posts"}],"about":[{"href":"https:\/\/euapp01.newsmemory.com\/lamarseillaise\/news\/wp-json\/wp\/v2\/types\/post"}],"author":[{"embeddable":true,"href":"https:\/\/euapp01.newsmemory.com\/lamarseillaise\/news\/wp-json\/wp\/v2\/users\/1"}],"replies":[{"embeddable":true,"href":"https:\/\/euapp01.newsmemory.com\/lamarseillaise\/news\/wp-json\/wp\/v2\/comments?post=38165"}],"version-history":[{"count":1,"href":"https:\/\/euapp01.newsmemory.com\/lamarseillaise\/news\/wp-json\/wp\/v2\/posts\/38165\/revisions"}],"predecessor-version":[{"id":38167,"href":"https:\/\/euapp01.newsmemory.com\/lamarseillaise\/news\/wp-json\/wp\/v2\/posts\/38165\/revisions\/38167"}],"wp:featuredmedia":[{"embeddable":true,"href":"https:\/\/euapp01.newsmemory.com\/lamarseillaise\/news\/wp-json\/wp\/v2\/media\/38166"}],"wp:attachment":[{"href":"https:\/\/euapp01.newsmemory.com\/lamarseillaise\/news\/wp-json\/wp\/v2\/media?parent=38165"}],"wp:term":[{"taxonomy":"category","embeddable":true,"href":"https:\/\/euapp01.newsmemory.com\/lamarseillaise\/news\/wp-json\/wp\/v2\/categories?post=38165"},{"taxonomy":"post_tag","embeddable":true,"href":"https:\/\/euapp01.newsmemory.com\/lamarseillaise\/news\/wp-json\/wp\/v2\/tags?post=38165"},{"taxonomy":"news-destination","embeddable":true,"href":"https:\/\/euapp01.newsmemory.com\/lamarseillaise\/news\/wp-json\/wp\/v2\/news-destination?post=38165"},{"taxonomy":"news-source","embeddable":true,"href":"https:\/\/euapp01.newsmemory.com\/lamarseillaise\/news\/wp-json\/wp\/v2\/news-source?post=38165"},{"taxonomy":"is_homepage","embeddable":true,"href":"https:\/\/euapp01.newsmemory.com\/lamarseillaise\/news\/wp-json\/wp\/v2\/is_homepage?post=38165"},{"taxonomy":"ta_other","embeddable":true,"href":"https:\/\/euapp01.newsmemory.com\/lamarseillaise\/news\/wp-json\/wp\/v2\/ta_other?post=38165"}],"curies":[{"name":"wp","href":"https:\/\/api.w.org\/{rel}","templated":true}]}}