{"id":38161,"date":"2026-08-02T07:39:00","date_gmt":"2026-08-02T05:39:00","guid":{"rendered":"https:\/\/euapp01.newsmemory.com\/lamarseillaise\/news\/?p=38161"},"modified":"2026-08-08T07:50:21","modified_gmt":"2026-08-08T05:50:21","slug":"la-camargue-officiellement-sur-les-rangs","status":"publish","type":"post","link":"https:\/\/euapp01.newsmemory.com\/lamarseillaise\/news\/2026\/08\/02\/la-camargue-officiellement-sur-les-rangs\/","title":{"rendered":"[Unesco] La Camargue officiellement sur les rangs"},"content":{"rendered":"<div class=\"paragraph\">\n<p>Les protagonistes de cette candidature ne partent pas de rien. \u00ab\u00a0<i>La Camargue a \u00e9t\u00e9 reconnue par l\u2019Unesco comme r\u00e9serve de biosph\u00e8re et inscrite sur la liste indicative en 2002<\/i>\u00a0\u00bb, rappelle V\u00e9ronique Jullian, la vice-pr\u00e9sidente de l\u2019association La Carmague \u00e0 l\u2019Unesco. C\u2019est ce m\u00eame p\u00e9rim\u00e8tre, du Delta du Rh\u00f4ne et toutes ses activit\u00e9s qui allient \u00ab\u00a0nature et culture\u00a0\u00bb, que souhaite faire reconna\u00eetre la structure, \u00ab\u00a0<i>au plus haut niveau<\/i><i>\u00a0<\/i>\u00bb. \u00ab\u00a0<i>Notre action s\u2019inscrit dans un temps long<\/i>, pr\u00e9cise-t-elle. <i>Car nous sommes dans une co\u00e9volution, une cohabitation avec l\u2019humain, ses activit\u00e9s, sa diversit\u00e9<\/i><i>\u00a0<\/i>\u00bb, insiste V\u00e9ronique Jullian. Et qui n\u00e9cessite que \u00ab\u00a0<i>tout le monde se mette autour de la table<\/i>\u00a0\u00bb\u00a0: R\u00e9gions, D\u00e9partements, EPCI, mairies, habitants, professionnels&#8230; Sachant que \u00ab\u00a0<i>cette reconnaissance aura des effets positifs en termes de tourisme, mais aussi de financements europ\u00e9ens et internationaux pour faire face \u00e0 la salinit\u00e9 et au changement climatique<\/i>\u00a0\u00bb, d\u00e9taille-t-elle.<\/p>\n<p>L\u2019association a \u00e9galement demand\u00e9 une \u00e9tude sur l\u2019impact de la ligne \u00e0 tr\u00e8s haute tension sur la candidature \u00e0 l\u2019Unesco.<\/p>\n<\/p><\/div>\n","protected":false},"excerpt":{"rendered":"Les protagonistes de cette candidature ne partent pas de rien. &laquo;&nbsp;La Camargue a &eacute;t&eacute; reconnue par l&rsquo;Unesco comme r&eacute;serve de biosph&egrave;re et inscrite sur la liste indicative en 2002&nbsp;&raquo;, rappelle &#8230;","protected":false},"author":1,"featured_media":38162,"comment_status":"open","ping_status":"open","sticky":false,"template":"","format":"standard","meta":{"footnotes":""},"categories":[3926,3925,338,333,20],"tags":[207,35,1022,598,163,567,938,284,97,222,137,347,3808,209],"news-destination":[3944],"news-source":[475],"is_homepage":[],"ta_other":[],"class_list":["post-38161","post","type-post","status-publish","format-standard","has-post-thumbnail","hentry","category-accueil-merge","category-accueil-third","category-economie","category-environnement","category-societe","tag-changement-climatique","tag-culture","tag-energie","tag-europe","tag-financement","tag-ligne-tht","tag-nature","tag-occitanie","tag-patrimoine","tag-region-sud-paca","tag-territoire","tag-tourisme","tag-unesco","tag-zones-humides","news-destination-homepage","news-source-website"],"_links":{"self":[{"href":"https:\/\/euapp01.newsmemory.com\/lamarseillaise\/news\/wp-json\/wp\/v2\/posts\/38161","targetHints":{"allow":["GET"]}}],"collection":[{"href":"https:\/\/euapp01.newsmemory.com\/lamarseillaise\/news\/wp-json\/wp\/v2\/posts"}],"about":[{"href":"https:\/\/euapp01.newsmemory.com\/lamarseillaise\/news\/wp-json\/wp\/v2\/types\/post"}],"author":[{"embeddable":true,"href":"https:\/\/euapp01.newsmemory.com\/lamarseillaise\/news\/wp-json\/wp\/v2\/users\/1"}],"replies":[{"embeddable":true,"href":"https:\/\/euapp01.newsmemory.com\/lamarseillaise\/news\/wp-json\/wp\/v2\/comments?post=38161"}],"version-history":[{"count":2,"href":"https:\/\/euapp01.newsmemory.com\/lamarseillaise\/news\/wp-json\/wp\/v2\/posts\/38161\/revisions"}],"predecessor-version":[{"id":38303,"href":"https:\/\/euapp01.newsmemory.com\/lamarseillaise\/news\/wp-json\/wp\/v2\/posts\/38161\/revisions\/38303"}],"wp:featuredmedia":[{"embeddable":true,"href":"https:\/\/euapp01.newsmemory.com\/lamarseillaise\/news\/wp-json\/wp\/v2\/media\/38162"}],"wp:attachment":[{"href":"https:\/\/euapp01.newsmemory.com\/lamarseillaise\/news\/wp-json\/wp\/v2\/media?parent=38161"}],"wp:term":[{"taxonomy":"category","embeddable":true,"href":"https:\/\/euapp01.newsmemory.com\/lamarseillaise\/news\/wp-json\/wp\/v2\/categories?post=38161"},{"taxonomy":"post_tag","embeddable":true,"href":"https:\/\/euapp01.newsmemory.com\/lamarseillaise\/news\/wp-json\/wp\/v2\/tags?post=38161"},{"taxonomy":"news-destination","embeddable":true,"href":"https:\/\/euapp01.newsmemory.com\/lamarseillaise\/news\/wp-json\/wp\/v2\/news-destination?post=38161"},{"taxonomy":"news-source","embeddable":true,"href":"https:\/\/euapp01.newsmemory.com\/lamarseillaise\/news\/wp-json\/wp\/v2\/news-source?post=38161"},{"taxonomy":"is_homepage","embeddable":true,"href":"https:\/\/euapp01.newsmemory.com\/lamarseillaise\/news\/wp-json\/wp\/v2\/is_homepage?post=38161"},{"taxonomy":"ta_other","embeddable":true,"href":"https:\/\/euapp01.newsmemory.com\/lamarseillaise\/news\/wp-json\/wp\/v2\/ta_other?post=38161"}],"curies":[{"name":"wp","href":"https:\/\/api.w.org\/{rel}","templated":true}]}}