{"id":38158,"date":"2026-08-01T07:44:00","date_gmt":"2026-08-01T05:44:00","guid":{"rendered":"https:\/\/euapp01.newsmemory.com\/lamarseillaise\/news\/?p=38158"},"modified":"2026-08-07T07:00:44","modified_gmt":"2026-08-07T05:00:44","slug":"les-acteurs-de-lhebergement-durgence-disent-non-a-letat-dans-les-bouches-du-rhone","status":"publish","type":"post","link":"https:\/\/euapp01.newsmemory.com\/lamarseillaise\/news\/2026\/08\/01\/les-acteurs-de-lhebergement-durgence-disent-non-a-letat-dans-les-bouches-du-rhone\/","title":{"rendered":"Les acteurs de l\u2019h\u00e9bergement d\u2019urgence disent \u00ab&nbsp;non&nbsp;\u00bb \u00e0 l\u2019\u00c9tat dans les Bouches-du-Rh\u00f4ne"},"content":{"rendered":"<div class=\"paragraph\">\n<p>Un non, \u00ab\u00a0<i>en lettres majuscules<\/i><i>\u00a0<\/i>\u00bb. Unies, la vingtaine d\u2019associations qui agissent dans l\u2019h\u00e9bergement d\u2019urgence dans les Bouches-du-Rh\u00f4ne opposent un front commun aux directives re\u00e7ues par courriel, lundi soir, de la DEETS (Direction d\u00e9partementale de l\u2019emploi, du travail et des solidarit\u00e9s), demandant de remettre \u00e0 la rue six m\u00e9nages actuellement h\u00e9berg\u00e9s \u00e0 l\u2019h\u00f4tel, faute de mieux.<\/p>\n<p>Une d\u00e9cision qui arrive au bout de lentes restrictions. \u00ab<i>\u00a0<\/i><i>Il y a eu, depuis deux ans, une s\u00e9lection sur des crit\u00e8res de vuln\u00e9rabilit\u00e9, sur l\u2019\u00e2ge, la pr\u00e9sence de b\u00e9b\u00e9s, les malades<\/i>\u00a0\u00bb, explique Christophe Magnan, administrateur du SIAO 13, plateforme en charge notamment du 115. Puis \u00ab<i>\u00a0<\/i><i>les crit\u00e8res ont laiss\u00e9 place \u00e0 un crit\u00e8re<\/i>\u00a0\u00bb, les femmes victimes de violences, poursuit-il, pour arriver \u00e0 un conditionnement \u00e0 \u00ab\u00a0<i>la persistance d\u2019une menace active<\/i>\u00a0\u00bb. Ce qui a \u00ab\u00a0<i>conduit le SIAO \u00e0 orienter entre 0 et 2 personnes par jour<\/i>\u00a0\u00bb avec 267\u00a0personnes sans solution, s\u2019indigne-t-il. Puis, \u00ab\u00a0<i>il nous a \u00e9t\u00e9 interdit de proposer des solutions d\u2019h\u00e9bergement d\u2019\u00c9tat \u00e0 des femmes isol\u00e9es, enceintes, ou ayant au moins un enfant de moins de 3<\/i><i>\u00a0<\/i><i>ans<\/i><i>\u00a0<\/i>\u00bb<i>, <\/i>au motif qu\u2019elles rel\u00e8vent de la comp\u00e9tence du D\u00e9partement.<\/p>\n<p>Le courriel de la DEETS vient couronner le tout. \u00ab\u00a0<i>Il s\u2019agissait de nous demander de mettre fin \u00e0 l\u2019h\u00e9bergement de six m\u00e9nages en h\u00f4tel avec au moins trois enfants en bas \u00e2ge<\/i>\u00a0\u00bb, pr\u00e9cise Christophe Magnan. Au total, 19\u00a0personnes sont pri\u00e9es de retourner \u00e0 la rue, faute de proposition alternative, pour r\u00e9pondre \u00e0 un objectif \u00ab\u00a0<i>comptable<\/i>\u00a0\u00bb, fix\u00e9 par l\u2019\u00c9tat, de 1\u00a0500\u00a0nuit\u00e9es par jour. Inacceptable pour les associatifs, qui ont signifi\u00e9 leur refus d\u2019ob\u00e9ir en retour de message. \u00ab\u00a0<i>Non, le groupement ne mettra pas ces personnes \u00e0 la rue. Ni celle-l\u00e0, ni les suivantes<\/i>\u00a0\u00bb, mart\u00e8le le responsable du SIAO13.<\/p>\n<\/p><\/div>\n<div class=\"intext\"> En toute ill\u00e9galit\u00e9\n              <\/div>\n<div class=\"paragraph\">\n<p>Pour des raisons humanitaires, \u00e9videntes, et l\u00e9gales. Car selon les articles L. 345-2-2 et 2-3 du Code de l\u2019action sociale et des familles, le droit \u00e0 l\u2019h\u00e9bergement d\u2019urgence est inconditionnel, rappelle Thierry Mila pr\u00e9sident de la F\u00e9d\u00e9ration des acteurs de la solidarit\u00e9 Paca Corse, r\u00e9clamant au passage l\u2019ouverture du dialogue pour la mise en place d\u2019une strat\u00e9gie durable et de moyens \u00ab<i>\u00a0<\/i><i>budg\u00e9taires \u00e0 la hauteur<\/i><i>\u00a0<\/i>\u00bb.<\/p>\n<p>Les associations se disent pr\u00eates \u00e0 engager un recours en justice si le pr\u00e9fet venait \u00e0 utiliser la force publique. Toutes craignent que cette instruction ne soit qu\u2019un \u00ab\u00a0<i>ballon d\u2019essai<\/i><i>\u00a0<\/i>\u00bb. Comme cela s\u2019est pass\u00e9 \u00ab\u00a0<i>\u00e0 Strasbourg, Bordeaux, Toulouse ou Montpellier<\/i>\u00a0\u00bb, t\u00e9moigne Thierry Mila. M\u00eame si, dans les faits, bien que concepteur de la base de donn\u00e9es du SIAO, qui sert \u00e0 \u00e9tablir des statistiques et coordonner l\u2019action des travailleurs sociaux, l\u2019\u00c9tat ne dispose pas, a priori, des noms et de la situation exacte des familles.<\/p>\n<p>Cette d\u00e9cision s\u2019inscrit dans un contexte d\u00e9j\u00e0 catastrophique. Avec 5\u00a0400\u00a0places d\u2019h\u00e9bergement d\u2019urgence disponibles dans les Bouches-du-Rh\u00f4ne, 9\u00a0000\u00a0demandes ont \u00e9t\u00e9 recens\u00e9es par le SIAO, 4\u00a0000\u00a0personnes sont toujours en attente, \u00e0 la rue ou dans un h\u00e9bergement de fortune. Et ce n\u2019est que \u00ab\u00a0<i>le sommet de l\u2019iceberg<\/i><i>\u00a0<\/i>\u00bb, pointe Francis Vern\u00e8de, directeur r\u00e9gional Paca de la Fondation pour le logement des d\u00e9favoris\u00e9s, quand seulement une personne sur cinq appelle le 115. Il souligne aussi un manque de vision, dont le co\u00fbt sera social, sanitaire, judiciaire. En se mettant \u00ab\u00a0<i>dans la peau d\u2019un lib\u00e9ral<\/i>\u00a0\u00bb, il insiste\u00a0: \u00ab\u00a0<i>Proposer des h\u00e9bergements dignes \u00e0 des m\u00e9nages, c\u2019est pourtant leur donner la possibilit\u00e9, demain, de devenir solvable, de participer \u00e0 l\u2019\u00e9conomie classique.<\/i>\u00a0\u00bb<\/p>\n<p>\u00c0 la suite du SIAO, les f\u00e9d\u00e9rations d\u2019acteurs sociaux puis le Secours catholique, ce vendredi, ont aussi interpell\u00e9 le pr\u00e9fet par courrier. Le maire de Marseille a \u00e9galement pris la plume, s\u2019adressant directement au Premier ministre.<\/p>\n<p>Contact\u00e9 de nouveau par <i>La<\/i><i>\u00a0<\/i><i>Marseillaise<\/i>, le pr\u00e9fet n\u2019a pas r\u00e9pondu. Cette instruction intervient dans une certaine vacance administrative, o\u00f9 la pr\u00e9f\u00e8te d\u00e9l\u00e9gu\u00e9e \u00e0 l\u2019\u00e9galit\u00e9 des chances, promue pr\u00e9f\u00e8te de l\u2019Aisne, prendra ses fonctions au 31\u00a0ao\u00fbt, ainsi que son rempla\u00e7ant.<\/p>\n<\/p><\/div>\n","protected":false},"excerpt":{"rendered":"Un non, &laquo;&nbsp;en lettres majuscules&nbsp;&raquo;. Unies, la vingtaine d&rsquo;associations qui agissent dans l&rsquo;h&eacute;bergement d&rsquo;urgence dans les Bouches-du-Rh&ocirc;ne opposent un front commun aux directives re&ccedil;ues par &#8230;","protected":false},"author":1,"featured_media":38159,"comment_status":"open","ping_status":"open","sticky":false,"template":"","format":"standard","meta":{"footnotes":""},"categories":[3926,3925,20],"tags":[138,10,2227,57,387,2817,2721,3626,5423,1281,3203,576,2221,915,260,1889,197,272],"news-destination":[3944],"news-source":[475],"is_homepage":[],"ta_other":[],"class_list":["post-38158","post","type-post","status-publish","format-standard","has-post-thumbnail","hentry","category-accueil-merge","category-accueil-third","category-societe","tag-associations","tag-bouches-du-rhone","tag-courrier","tag-enfants","tag-femmes","tag-fondation-pour-le-logement-des-defavorises","tag-hebergement","tag-hebergement-durgence","tag-judiciaire","tag-pauvrete","tag-prefete","tag-premier-ministre","tag-restrictions","tag-secours-catholique","tag-solidarite","tag-statistiques","tag-travailleurs-sociaux","tag-violences","news-destination-homepage","news-source-website"],"_links":{"self":[{"href":"https:\/\/euapp01.newsmemory.com\/lamarseillaise\/news\/wp-json\/wp\/v2\/posts\/38158","targetHints":{"allow":["GET"]}}],"collection":[{"href":"https:\/\/euapp01.newsmemory.com\/lamarseillaise\/news\/wp-json\/wp\/v2\/posts"}],"about":[{"href":"https:\/\/euapp01.newsmemory.com\/lamarseillaise\/news\/wp-json\/wp\/v2\/types\/post"}],"author":[{"embeddable":true,"href":"https:\/\/euapp01.newsmemory.com\/lamarseillaise\/news\/wp-json\/wp\/v2\/users\/1"}],"replies":[{"embeddable":true,"href":"https:\/\/euapp01.newsmemory.com\/lamarseillaise\/news\/wp-json\/wp\/v2\/comments?post=38158"}],"version-history":[{"count":1,"href":"https:\/\/euapp01.newsmemory.com\/lamarseillaise\/news\/wp-json\/wp\/v2\/posts\/38158\/revisions"}],"predecessor-version":[{"id":38160,"href":"https:\/\/euapp01.newsmemory.com\/lamarseillaise\/news\/wp-json\/wp\/v2\/posts\/38158\/revisions\/38160"}],"wp:featuredmedia":[{"embeddable":true,"href":"https:\/\/euapp01.newsmemory.com\/lamarseillaise\/news\/wp-json\/wp\/v2\/media\/38159"}],"wp:attachment":[{"href":"https:\/\/euapp01.newsmemory.com\/lamarseillaise\/news\/wp-json\/wp\/v2\/media?parent=38158"}],"wp:term":[{"taxonomy":"category","embeddable":true,"href":"https:\/\/euapp01.newsmemory.com\/lamarseillaise\/news\/wp-json\/wp\/v2\/categories?post=38158"},{"taxonomy":"post_tag","embeddable":true,"href":"https:\/\/euapp01.newsmemory.com\/lamarseillaise\/news\/wp-json\/wp\/v2\/tags?post=38158"},{"taxonomy":"news-destination","embeddable":true,"href":"https:\/\/euapp01.newsmemory.com\/lamarseillaise\/news\/wp-json\/wp\/v2\/news-destination?post=38158"},{"taxonomy":"news-source","embeddable":true,"href":"https:\/\/euapp01.newsmemory.com\/lamarseillaise\/news\/wp-json\/wp\/v2\/news-source?post=38158"},{"taxonomy":"is_homepage","embeddable":true,"href":"https:\/\/euapp01.newsmemory.com\/lamarseillaise\/news\/wp-json\/wp\/v2\/is_homepage?post=38158"},{"taxonomy":"ta_other","embeddable":true,"href":"https:\/\/euapp01.newsmemory.com\/lamarseillaise\/news\/wp-json\/wp\/v2\/ta_other?post=38158"}],"curies":[{"name":"wp","href":"https:\/\/api.w.org\/{rel}","templated":true}]}}