{"id":38152,"date":"2026-08-02T07:51:00","date_gmt":"2026-08-02T05:51:00","guid":{"rendered":"https:\/\/euapp01.newsmemory.com\/lamarseillaise\/news\/?p=38152"},"modified":"2026-08-08T08:02:14","modified_gmt":"2026-08-08T06:02:14","slug":"la-piscine-de-font-obscure-a-marseille-rouvre-en-2027","status":"publish","type":"post","link":"https:\/\/euapp01.newsmemory.com\/lamarseillaise\/news\/2026\/08\/02\/la-piscine-de-font-obscure-a-marseille-rouvre-en-2027\/","title":{"rendered":"La piscine de Font Obscure \u00e0 Marseille rouvre en 2027"},"content":{"rendered":"<div class=\"paragraph\">\n<p>C<i>\u2019est le d\u00e9but d\u2019une nouvelle histoire pour la piscine de Font Obscure<\/i><i>\u00a0<\/i>\u00bb se ravit Tina Biard-Sansonetti, maire (PM) des 13<sup>e<\/sup> et 14<sup>e<\/sup>\u00a0arrondissements de Marseille. Cette piscine avait \u00e9t\u00e9 ferm\u00e9e par le maire pr\u00e9c\u00e9dent, St\u00e9phane Ravier, du Rassemblement national, pour cause \u00ab\u00a0<i>d\u2019ins\u00e9curit\u00e9<\/i><i>\u00a0<\/i>\u00bb. Presque 10\u00a0ans plus tard, le premier coup de pelleteuse est donn\u00e9 dans la terre qui a enseveli le bassin.<\/p>\n<p>\u00ab\u00a0<i>Le Rassemblement national a toujours le m\u00eame r\u00e9flexe<\/i><i>\u00a0<\/i><i>: fermer d\u00e8s qu\u2019il y a de l\u2019ins\u00e9curit\u00e9<\/i>\u00a0\u00bb, s\u2019indigne l\u2019\u00e9dile du secteur. Au moment de sa fermeture, \u00e9taient mises en cause des intrusions et des incivilit\u00e9s \u00e0 r\u00e9p\u00e9tition. \u00ab<i>\u00a0<\/i><i>S\u2019il y a eu des intrusions, c\u2019est qu\u2019elle n\u2019\u00e9tait pas assez ouverte. On va ouvrir sur des plages horaires de plus en plus larges, pour que tous les habitants se l\u2019approprient<\/i>, insiste Eric M\u00e9ry, adjoint au sport (Mad Mars) du maire de Marseille. <i>Il y aura aussi en permanence un agent de s\u00e9curit\u00e9.<\/i>\u00a0\u00bb<\/p>\n<p>Cette piscine sous les arbres, rattach\u00e9e au centre municipal d\u2019animation dans le parc de Font Obscure, \u00ab\u00a0<i>ouvrira d\u2019abord pour les enfants du centre et, au fur et \u00e0 mesure, pour l\u2019ensemble de la population<\/i>, explique Tina Biard-Sansonetti. <i>Cela permettra de cr\u00e9er un \u00eelot de fra\u00eecheur pour les habitants qui vivent dans des petits logements sans climatisation<\/i><i>\u00a0<\/i>\u00bb.<i><\/i><\/p>\n<\/p><\/div>\n<div class=\"intext\"> Apprendre \u00e0 nager\n              <\/div>\n<div class=\"paragraph\">\n<p>Ce sont donc 150\u00a0enfants qui pourront profiter en priorit\u00e9 des 60\u00a0m\u00b2 de la piscine. \u00ab\u00a0<i>L\u2019objectif de cette piscine c\u2019est que les enfants du centre apprennent \u00e0 nager<\/i>\u00a0\u00bb, insiste l\u2019adjoint au sport. \u00ab<i>\u00a0<\/i><i>En 2020, on avait 10<\/i><i>\u00a0<\/i><i>000<\/i><i>\u00a0<\/i><i>enfants qui apprenaient \u00e0 nager, aujourd\u2019hui, ils sont 30<\/i><i>\u00a0<\/i><i>000, gr\u00e2ce \u00e0 l\u2019\u00e9largissement des cr\u00e9neaux d\u2019ouverture<\/i>\u00a0\u00bb, indique-t-il.<\/p>\n<p>Le premier coup de pelleteuse est mis, les carreaux bleus de la piscine se r\u00e9v\u00e8lent. \u00ab<i>\u00a0<\/i><i>La terre a l\u2019air de l\u2019avoir conserv\u00e9e<\/i><i>\u00a0<\/i><i>!<\/i><i>\u00a0<\/i>\u00bb, s\u2019exclame la maire. Une fois la terre retir\u00e9e du bassin, \u00ab<i>\u00a0<\/i><i>une expertise sera faite et soit il faudra d\u00e9molir puis reconstruire, soit il faudra simplement reconstruire<\/i><i>\u00a0<\/i>\u00bb, d\u00e9taille le directeur des travaux. Le co\u00fbt d\u00e9pendra de ce qui sera d\u00e9cid\u00e9 suite \u00e0 l\u2019expertise, dans une fourchette \u00ab<i>\u00a0<\/i><i>entre 60<\/i><i>\u00a0<\/i><i>000<\/i><i>\u00a0<\/i><i>et 130<\/i><i>\u00a0<\/i><i>000 euros<\/i>\u00a0\u00bb, estime-t-il, ensemble des \u00e9quipements type vestiaires compris.<\/p>\n<p>\u00ab<i>\u00a0<\/i><i>On continuera d\u2019aller aussi \u00e0 la mer, mais \u00e7a va nous soulager cette piscine<\/i><i>\u00a0<\/i><i>\u00bb <\/i>, se r\u00e9jouit une personne du centre d\u2019animation municipal.<\/p>\n<\/p><\/div>\n","protected":false},"excerpt":{"rendered":"C&rsquo;est le d&eacute;but d&rsquo;une nouvelle histoire pour la piscine de Font Obscure&nbsp;&raquo; se ravit Tina Biard-Sansonetti, maire (PM) des 13e et 14e&nbsp;arrondissements de Marseille. Cette piscine avait &eacute;t&eacute; ferm&eacute;e &#8230;","protected":false},"author":1,"featured_media":38153,"comment_status":"open","ping_status":"open","sticky":false,"template":"","format":"standard","meta":{"footnotes":""},"categories":[3926,3925,20],"tags":[57,1437,336,105,106,16,672,544,394,2546,5074,166],"news-destination":[3944],"news-source":[475],"is_homepage":[],"ta_other":[],"class_list":["post-38152","post","type-post","status-publish","format-standard","has-post-thumbnail","hentry","category-accueil-merge","category-accueil-third","category-societe","tag-enfants","tag-eric-mery","tag-ete","tag-fermeture","tag-habitants","tag-marseille","tag-piscine","tag-rassemblement-national","tag-sport","tag-stephane-ravier","tag-tina-biard-sansonetti","tag-travaux","news-destination-homepage","news-source-website"],"_links":{"self":[{"href":"https:\/\/euapp01.newsmemory.com\/lamarseillaise\/news\/wp-json\/wp\/v2\/posts\/38152","targetHints":{"allow":["GET"]}}],"collection":[{"href":"https:\/\/euapp01.newsmemory.com\/lamarseillaise\/news\/wp-json\/wp\/v2\/posts"}],"about":[{"href":"https:\/\/euapp01.newsmemory.com\/lamarseillaise\/news\/wp-json\/wp\/v2\/types\/post"}],"author":[{"embeddable":true,"href":"https:\/\/euapp01.newsmemory.com\/lamarseillaise\/news\/wp-json\/wp\/v2\/users\/1"}],"replies":[{"embeddable":true,"href":"https:\/\/euapp01.newsmemory.com\/lamarseillaise\/news\/wp-json\/wp\/v2\/comments?post=38152"}],"version-history":[{"count":1,"href":"https:\/\/euapp01.newsmemory.com\/lamarseillaise\/news\/wp-json\/wp\/v2\/posts\/38152\/revisions"}],"predecessor-version":[{"id":38154,"href":"https:\/\/euapp01.newsmemory.com\/lamarseillaise\/news\/wp-json\/wp\/v2\/posts\/38152\/revisions\/38154"}],"wp:featuredmedia":[{"embeddable":true,"href":"https:\/\/euapp01.newsmemory.com\/lamarseillaise\/news\/wp-json\/wp\/v2\/media\/38153"}],"wp:attachment":[{"href":"https:\/\/euapp01.newsmemory.com\/lamarseillaise\/news\/wp-json\/wp\/v2\/media?parent=38152"}],"wp:term":[{"taxonomy":"category","embeddable":true,"href":"https:\/\/euapp01.newsmemory.com\/lamarseillaise\/news\/wp-json\/wp\/v2\/categories?post=38152"},{"taxonomy":"post_tag","embeddable":true,"href":"https:\/\/euapp01.newsmemory.com\/lamarseillaise\/news\/wp-json\/wp\/v2\/tags?post=38152"},{"taxonomy":"news-destination","embeddable":true,"href":"https:\/\/euapp01.newsmemory.com\/lamarseillaise\/news\/wp-json\/wp\/v2\/news-destination?post=38152"},{"taxonomy":"news-source","embeddable":true,"href":"https:\/\/euapp01.newsmemory.com\/lamarseillaise\/news\/wp-json\/wp\/v2\/news-source?post=38152"},{"taxonomy":"is_homepage","embeddable":true,"href":"https:\/\/euapp01.newsmemory.com\/lamarseillaise\/news\/wp-json\/wp\/v2\/is_homepage?post=38152"},{"taxonomy":"ta_other","embeddable":true,"href":"https:\/\/euapp01.newsmemory.com\/lamarseillaise\/news\/wp-json\/wp\/v2\/ta_other?post=38152"}],"curies":[{"name":"wp","href":"https:\/\/api.w.org\/{rel}","templated":true}]}}