{"id":38149,"date":"2026-08-01T07:51:00","date_gmt":"2026-08-01T05:51:00","guid":{"rendered":"https:\/\/euapp01.newsmemory.com\/lamarseillaise\/news\/?p=38149"},"modified":"2026-08-07T07:26:51","modified_gmt":"2026-08-07T05:26:51","slug":"liberte-provisoire-pour-lartiste-el-mahdi-lyoubi","status":"publish","type":"post","link":"https:\/\/euapp01.newsmemory.com\/lamarseillaise\/news\/2026\/08\/01\/liberte-provisoire-pour-lartiste-el-mahdi-lyoubi\/","title":{"rendered":"Libert\u00e9 provisoire pour l\u2019artiste El Mahdi Lyoubi"},"content":{"rendered":"<div class=\"paragraph\">\n<p>Immense soulagement pour El Mahdi Lyoubi et ses soutiens ce vendredi\u00a0: le rappeur et cin\u00e9aste marocain est d\u00e9sormais en libert\u00e9 provisoire, apr\u00e8s plus de quinze nuits pass\u00e9es \u00e0 la prison d\u2019Oukacha, \u00e0 Casablanca. L\u2019artiste, depuis plusieurs ann\u00e9es install\u00e9 \u00e0 Marseille, a \u00e9t\u00e9 arr\u00eat\u00e9 mi-juillet lors d\u2019une visite dans son pays d\u2019origine. Il est poursuivi pour \u00ab\u00a0outrage \u00e0 une institution constitutionnelle\u00a0\u00bb, notamment, d\u2019apr\u00e8s ses proches, pour ses prises de position en faveur de Gen\u00a0Z\u00a0212, mouvement de protestation de la jeunesse marocaine, n\u00e9 en septembre dernier.<\/p>\n<p>\u00ab\u00a0<i>Si notre joie est immense, nous sommes cependant dans l\u2019attente de sa prochaine audience, le 2<\/i><i>\u00a0<\/i><i>octobre<\/i><i>\u00a0<\/i>\u00bb, mod\u00e8re tout de m\u00eame son comit\u00e9 de soutien. Car le rappeur, connu sur sc\u00e8ne en tant que Mehdi Black Wind, risque toujours une condamnation allant de six mois \u00e0 deux ans de prison ferme, ainsi qu\u2019une amende allant de 20\u00a0000\u00a0\u00e0 200\u00a0000 dirhams, soit d\u2019environ 1\u00a0800\u00a0\u00e0 18\u00a0600\u00a0euros. \u00ab\u00a0<i>Nous sommes heureux de savoir que Mahdi va pouvoir retrouver sa famille et ses proches. Toutefois, notre inqui\u00e9tude est vive quant \u00e0 ce que cette offensive contre la libert\u00e9 d\u2019expression au Maroc repr\u00e9sente<\/i>\u00a0\u00bb, ajoutent ses soutiens dans un communiqu\u00e9.<\/p>\n<\/p><\/div>\n<div class=\"intext\"> Plusieurs rappeurs arr\u00eat\u00e9s\n              <\/div>\n<div class=\"paragraph\">\n<p>Trois autres rappeurs ont \u00e9t\u00e9 poursuivis pour des motifs similaires par la justice marocaine depuis l\u2019automne\u00a02025. Jawad Asradi et Hamza Raid d\u2019abord, respectivement condamn\u00e9s \u00e0 trois mois et un mois de prison avec sursis, notamment pour des passages dans leurs chansons soutenant le mouvement Gen\u00a0Z\u00a0212. Souhaib Qabli ensuite, qui a \u00e9cop\u00e9 de huit mois de prison ferme et d\u2019une amende de 1\u00a0000\u00a0dirhams pour avoir d\u00e9nonc\u00e9 la corruption et la normalisation des relations entre son pays et Isra\u00ebl.<\/p>\n<\/p><\/div>\n","protected":false},"excerpt":{"rendered":"Immense soulagement pour El Mahdi Lyoubi et ses soutiens ce vendredi&nbsp;: le rappeur et cin&eacute;aste marocain est d&eacute;sormais en libert&eacute; provisoire, apr&egrave;s plus de quinze nuits pass&eacute;es &agrave; la prison &#8230;","protected":false},"author":1,"featured_media":38150,"comment_status":"open","ping_status":"open","sticky":false,"template":"","format":"standard","meta":{"footnotes":""},"categories":[3926,3925,337],"tags":[202,1647,3157,1999,16,1031,5118],"news-destination":[3944],"news-source":[475],"is_homepage":[],"ta_other":[],"class_list":["post-38149","post","type-post","status-publish","format-standard","has-post-thumbnail","hentry","category-accueil-merge","category-accueil-third","category-international","tag-condamnation","tag-liberation","tag-liberte-dexpression","tag-maroc","tag-marseille","tag-prison","tag-rappeurs","news-destination-homepage","news-source-website"],"_links":{"self":[{"href":"https:\/\/euapp01.newsmemory.com\/lamarseillaise\/news\/wp-json\/wp\/v2\/posts\/38149","targetHints":{"allow":["GET"]}}],"collection":[{"href":"https:\/\/euapp01.newsmemory.com\/lamarseillaise\/news\/wp-json\/wp\/v2\/posts"}],"about":[{"href":"https:\/\/euapp01.newsmemory.com\/lamarseillaise\/news\/wp-json\/wp\/v2\/types\/post"}],"author":[{"embeddable":true,"href":"https:\/\/euapp01.newsmemory.com\/lamarseillaise\/news\/wp-json\/wp\/v2\/users\/1"}],"replies":[{"embeddable":true,"href":"https:\/\/euapp01.newsmemory.com\/lamarseillaise\/news\/wp-json\/wp\/v2\/comments?post=38149"}],"version-history":[{"count":1,"href":"https:\/\/euapp01.newsmemory.com\/lamarseillaise\/news\/wp-json\/wp\/v2\/posts\/38149\/revisions"}],"predecessor-version":[{"id":38151,"href":"https:\/\/euapp01.newsmemory.com\/lamarseillaise\/news\/wp-json\/wp\/v2\/posts\/38149\/revisions\/38151"}],"wp:featuredmedia":[{"embeddable":true,"href":"https:\/\/euapp01.newsmemory.com\/lamarseillaise\/news\/wp-json\/wp\/v2\/media\/38150"}],"wp:attachment":[{"href":"https:\/\/euapp01.newsmemory.com\/lamarseillaise\/news\/wp-json\/wp\/v2\/media?parent=38149"}],"wp:term":[{"taxonomy":"category","embeddable":true,"href":"https:\/\/euapp01.newsmemory.com\/lamarseillaise\/news\/wp-json\/wp\/v2\/categories?post=38149"},{"taxonomy":"post_tag","embeddable":true,"href":"https:\/\/euapp01.newsmemory.com\/lamarseillaise\/news\/wp-json\/wp\/v2\/tags?post=38149"},{"taxonomy":"news-destination","embeddable":true,"href":"https:\/\/euapp01.newsmemory.com\/lamarseillaise\/news\/wp-json\/wp\/v2\/news-destination?post=38149"},{"taxonomy":"news-source","embeddable":true,"href":"https:\/\/euapp01.newsmemory.com\/lamarseillaise\/news\/wp-json\/wp\/v2\/news-source?post=38149"},{"taxonomy":"is_homepage","embeddable":true,"href":"https:\/\/euapp01.newsmemory.com\/lamarseillaise\/news\/wp-json\/wp\/v2\/is_homepage?post=38149"},{"taxonomy":"ta_other","embeddable":true,"href":"https:\/\/euapp01.newsmemory.com\/lamarseillaise\/news\/wp-json\/wp\/v2\/ta_other?post=38149"}],"curies":[{"name":"wp","href":"https:\/\/api.w.org\/{rel}","templated":true}]}}