{"id":38146,"date":"2026-08-01T07:51:00","date_gmt":"2026-08-01T05:51:00","guid":{"rendered":"https:\/\/euapp01.newsmemory.com\/lamarseillaise\/news\/?p=38146"},"modified":"2026-08-01T13:33:40","modified_gmt":"2026-08-01T11:33:40","slug":"marseille-lannulation-du-festival-hip-hop-non-stop-fait-polemique","status":"publish","type":"post","link":"https:\/\/euapp01.newsmemory.com\/lamarseillaise\/news\/2026\/08\/01\/marseille-lannulation-du-festival-hip-hop-non-stop-fait-polemique\/","title":{"rendered":"Marseille, l\u2019annulation du festival Hip-Hop Non-Stop fait pol\u00e9mique"},"content":{"rendered":"<div class=\"paragraph\">\n<p>I<i>ls disent vouloir reconna\u00eetre l\u2019importance des cultures urbaines dans l\u2019identit\u00e9 marseillaise, l\u00e0, c\u2019est tout le contraire.<\/i> \u00bb Selon C\u00e9dric Claquin, coordinateur du festival Hip-Hop Non-Stop, une r\u00e9union organis\u00e9e au mois de mai avait confirm\u00e9 le soutien financier de la ville de Marseille et des mairies de secteur pour l\u2019\u00e9dition 2026 du festival. Coup de th\u00e9\u00e2tre la semaine derni\u00e8re, lorsqu\u2019il apprend que finalement, les subventions n\u2019ont pas \u00e9t\u00e9 vot\u00e9es lors du dernier conseil municipal.<\/p>\n<\/p><\/div>\n<div class=\"intext\"> \u00ab Une logique<br \/>\n               <br \/>de renouvellement \u00bb\n              <\/div>\n<div class=\"paragraph\">\n<p>\u00ab <i>C\u2019est <\/i><i>tr<\/i>\u00e8s<i> peu respectueux du travail qu\u2019on fait depuis cinq ans, ou m\u00eame depuis quatre mois, de nous le dire moins de deux mois avant le festival, tout en nous ayant donn\u00e9 des signaux positifs avant<\/i> \u00bb, d\u00e9plore-t-il. \u00ab <i>J\u2019ai demand\u00e9 un rendez-vous d\u00e9but juillet pour avoir des explications, personne ne m\u2019a r\u00e9pondu. Je suis \u00e9nerv\u00e9, parce que dans ce silence, il y a du m\u00e9pris<\/i> \u00bb, poursuit le coordinateur du festival, \u00e9galement directeur adjoint de l\u2019association Urban Prod, qui, \u00e0 la demande de la municipalit\u00e9, organise la f\u00eate depuis sa cr\u00e9ation en 2021. \u00ab <i>On arrivait \u00e0 super bien travailler, il y avait une confiance r\u00e9ciproque <\/i>\u00bb, regrette-il.<\/p>\n<p>Dans un communiqu\u00e9, la Ville explique que cette d\u00e9cision s\u2019inscrit dans \u00ab <i>une volont\u00e9 de r\u00e9orienter les politiques en faveur des cultures urbaines<\/i> \u00bb, avec \u00ab <i>des formats plus diversifi\u00e9s, mieux r\u00e9partis sur le territoire et davantage en phase avec les attentes des artistes, des habitants et des acteurs culturels<\/i> \u00bb, d\u00e9taille-t-elle.<\/p>\n<p>Pour sa part, C\u00e9dric Claquin \u00ab <i>ne croit pas \u00e0 cette r\u00e9ponse<\/i> \u00bb, il reproche \u00e0 la Ville de \u00ab <i>pr\u00e9tendre conna\u00eetre ces besoins sans avoir fait aucune \u00e9tude<\/i> \u00bb. \u00c0 ce sujet, il r\u00e9pond : \u00ab <i>Nous, on avait fait une \u00e9tude en 2021 avec les acteurs du graf, de la danse et du rap pour se renseigner sur leurs besoins. On est connect\u00e9s \u00e0 35 collectifs, on a des milliers de personnes qui nous r\u00e9pondent <\/i>\u00bb. Le coordinateur du festival tente de comprendre : \u00ab<i> Qu\u2019est-ce qui ne pla\u00eet pas \u00e0 la mairie ? Le fait qu\u2019on fasse de l\u2019\u00e9mergence artistique de talents en devenir, qu\u2019on travaille sur la place des femmes et des minorit\u00e9s de genres, qu\u2019on aille dans les quartiers ? On ne serait pas assez territorialement diversifi\u00e9s mais on va d\u00e9j\u00e0 dans 4 ou 5 secteurs de la ville diff\u00e9rents <\/i>\u00bb, liste-t-il.<\/p>\n<p>Le budget consacr\u00e9 \u00e0 la culture n\u2019ayant pas \u00e9t\u00e9 r\u00e9duit, C\u00e9dric Claquin estime que la d\u00e9cision de la municipalit\u00e9 \u00ab <i>n\u2019est clairement pas un probl\u00e8me de moyens, mais un vrai probl\u00e8me de choix<\/i> \u00bb. De son c\u00f4t\u00e9, la Ville de Marseille pr\u00e9cise s\u2019\u00eatre \u00ab <i>engag\u00e9e \u00e0 prendre en charge les d\u00e9penses d\u00e9j\u00e0 engag\u00e9es dans le cadre de la pr\u00e9paration de cette \u00e9dition, afin de ne pas p\u00e9naliser financi\u00e8rement la structure<\/i> \u00bb. La Ville \u00ab <i>demeure pleinement engag\u00e9e en faveur des cultures urbaines dont elle reconnait le r\u00f4le essentiel dans le dynamisme culturel de Marseille<\/i> \u00bb, conclut-elle.<\/p>\n<\/p><\/div>\n<div class=\"intext\"> Un coup dur, mais pas fatal\n              <\/div>\n<div class=\"paragraph\">\n<p>Malgr\u00e9 l\u2019annulation du festival cette ann\u00e9e, C\u00e9dric Claquin et ses partenaires ne se laissent pas abattre. \u00ab<i> Sur les r\u00e9seaux sociaux, o<\/i><i>n re\u00e7oit \u00e9norm\u00e9ment de marques de soutien, on n\u2019a jamais eu autant de commentaires. \u00c7a nous donne juste envie de pr\u00e9parer 2027 avec un nouveau format, d\u2019\u00e9largir encore plus nos collaborations, \u00e7a nous donne envie de ne rien l\u00e2cher<\/i> \u00bb.<\/p>\n<\/p><\/div>\n","protected":false},"excerpt":{"rendered":"Ils disent vouloir reconna&icirc;tre l&rsquo;importance des cultures urbaines dans l&rsquo;identit&eacute; marseillaise, l&agrave;, c&rsquo;est tout le contraire. &raquo; Selon C&eacute;dric Claquin, coordinateur du festival Hip-Hop Non-Stop, une &#8230;","protected":false},"author":1,"featured_media":38147,"comment_status":"open","ping_status":"open","sticky":false,"template":"","format":"standard","meta":{"footnotes":""},"categories":[3926,3924,32],"tags":[1236,10,1680,1250,387,329,887,1775,16,3189,916,99],"news-destination":[3944],"news-source":[475],"is_homepage":[],"ta_other":[],"class_list":["post-38146","post","type-post","status-publish","format-standard","has-post-thumbnail","hentry","category-accueil-merge","category-accueil-second","category-culture","tag-artistes","tag-bouches-du-rhone","tag-cultures","tag-danse","tag-femmes","tag-festival","tag-financements","tag-hip-hop","tag-marseille","tag-rap","tag-subventions","tag-ville-de-marseille","news-destination-homepage","news-source-website"],"_links":{"self":[{"href":"https:\/\/euapp01.newsmemory.com\/lamarseillaise\/news\/wp-json\/wp\/v2\/posts\/38146","targetHints":{"allow":["GET"]}}],"collection":[{"href":"https:\/\/euapp01.newsmemory.com\/lamarseillaise\/news\/wp-json\/wp\/v2\/posts"}],"about":[{"href":"https:\/\/euapp01.newsmemory.com\/lamarseillaise\/news\/wp-json\/wp\/v2\/types\/post"}],"author":[{"embeddable":true,"href":"https:\/\/euapp01.newsmemory.com\/lamarseillaise\/news\/wp-json\/wp\/v2\/users\/1"}],"replies":[{"embeddable":true,"href":"https:\/\/euapp01.newsmemory.com\/lamarseillaise\/news\/wp-json\/wp\/v2\/comments?post=38146"}],"version-history":[{"count":1,"href":"https:\/\/euapp01.newsmemory.com\/lamarseillaise\/news\/wp-json\/wp\/v2\/posts\/38146\/revisions"}],"predecessor-version":[{"id":38148,"href":"https:\/\/euapp01.newsmemory.com\/lamarseillaise\/news\/wp-json\/wp\/v2\/posts\/38146\/revisions\/38148"}],"wp:featuredmedia":[{"embeddable":true,"href":"https:\/\/euapp01.newsmemory.com\/lamarseillaise\/news\/wp-json\/wp\/v2\/media\/38147"}],"wp:attachment":[{"href":"https:\/\/euapp01.newsmemory.com\/lamarseillaise\/news\/wp-json\/wp\/v2\/media?parent=38146"}],"wp:term":[{"taxonomy":"category","embeddable":true,"href":"https:\/\/euapp01.newsmemory.com\/lamarseillaise\/news\/wp-json\/wp\/v2\/categories?post=38146"},{"taxonomy":"post_tag","embeddable":true,"href":"https:\/\/euapp01.newsmemory.com\/lamarseillaise\/news\/wp-json\/wp\/v2\/tags?post=38146"},{"taxonomy":"news-destination","embeddable":true,"href":"https:\/\/euapp01.newsmemory.com\/lamarseillaise\/news\/wp-json\/wp\/v2\/news-destination?post=38146"},{"taxonomy":"news-source","embeddable":true,"href":"https:\/\/euapp01.newsmemory.com\/lamarseillaise\/news\/wp-json\/wp\/v2\/news-source?post=38146"},{"taxonomy":"is_homepage","embeddable":true,"href":"https:\/\/euapp01.newsmemory.com\/lamarseillaise\/news\/wp-json\/wp\/v2\/is_homepage?post=38146"},{"taxonomy":"ta_other","embeddable":true,"href":"https:\/\/euapp01.newsmemory.com\/lamarseillaise\/news\/wp-json\/wp\/v2\/ta_other?post=38146"}],"curies":[{"name":"wp","href":"https:\/\/api.w.org\/{rel}","templated":true}]}}