{"id":38143,"date":"2026-08-01T07:52:00","date_gmt":"2026-08-01T05:52:00","guid":{"rendered":"https:\/\/euapp01.newsmemory.com\/lamarseillaise\/news\/?p=38143"},"modified":"2026-08-07T07:40:07","modified_gmt":"2026-08-07T05:40:07","slug":"tichadou-investigation-lemission-qui-remet-au-centre-le-lien-social-a-port-de-bouc","status":"publish","type":"post","link":"https:\/\/euapp01.newsmemory.com\/lamarseillaise\/news\/2026\/08\/01\/tichadou-investigation-lemission-qui-remet-au-centre-le-lien-social-a-port-de-bouc\/","title":{"rendered":"Tichadou investigation, l\u2019\u00e9mission qui remet au centre le lien social \u00e0 Port-de-Bouc"},"content":{"rendered":"<div class=\"paragraph\">\n<p>B<i>onsoir \u00e0 tous et bienvenue dans le 20h sp\u00e9cial Tichadou investigation.<\/i>\u00a0\u00bb Le ton y est pour cette \u00e9mission r\u00e9alis\u00e9e par les ados du centre social Tichadou durant cette semaine pass\u00e9e et termin\u00e9e vendredi.<\/p>\n<p>Au programme, \u00ab\u00a0<i>une enqu\u00eate consacr\u00e9e au r\u00f4le des centres sociaux<\/i><i>\u00a0<\/i><i>: comment accompagnent-ils les habitants au quotidien et quels sont les d\u00e9fis auxquels ils font face<\/i>\u00a0\u00bb, annoncent les deux speakerines, promettant reportages et t\u00e9moignages.<\/p>\n<p>La directrice Yannick Combaluzier en est. \u00ab\u00a0<i>C\u2019est la troisi\u00e8me ann\u00e9e de notre cycle d\u2019\u00e9ducation aux m\u00e9dias,<a rel=\"noopener noreferrer\" href=\"https:\/\/www.lamarseillaise.fr\/societe\/une-semaine-pour-decouvrir-la-photographie-HE18580362\" target=\"_blank\"> apr\u00e8s le travail de presse \u00e9crite et photo l\u2019\u00e9t\u00e9 dernier<\/a><\/i>\u00a0\u00bb, explique-t-elle. \u00ab\u00a0<i>Ce travail permet \u00e0 l\u2019ado de questionner l\u2019info \u00e0 laquelle il est expos\u00e9 sur les t\u00e9l\u00e9phones<\/i>\u00a0\u00bb, reprend-elle, mais aussi \u00ab\u00a0<i>de parfaire son expression orale et sa posture<\/i>\u00a0\u00bb, selon la directrice.<\/p>\n<p>Le r\u00e9alisateur Alexandre Mameli, venu pour la 10<sup>e<\/sup>\u00a0fois au centre social, leur avait propos\u00e9 trois th\u00e8mes. Les ados ont retenu le centre social car \u00ab\u00a0<i>\u00e7a nous concerne plus<\/i>\u00a0\u00bb, justifie Kella, qui rentre en 1<sup>\u00e8re<\/sup> au lyc\u00e9e.<\/p>\n<\/p><\/div>\n<div class=\"intext\"> \u00ab\u00a0Faire les interviews c\u2019\u00e9tait de la patate\u00a0\u00bb\n              <\/div>\n<div class=\"paragraph\">\n<p>Tous les r\u00f4les ont \u00e9t\u00e9 distribu\u00e9s et \u00e9chang\u00e9s. \u00ab\u00a0<i>J\u2019ai pris la cam\u00e9ra, le son au casque, mont\u00e9 le fond vert, mis les lumi\u00e8res<\/i>\u00a0\u00bb, liste Sofiane, 13\u00a0ans. Mais sa partie pr\u00e9f\u00e9r\u00e9e \u00e9tait de faire les interviews : \u00ab\u00a0<i>C\u2019\u00e9tait de la patate<\/i>\u00a0\u00bb, dit-il. Kella a pr\u00e9f\u00e9r\u00e9 filmer et faire la voix off. \u00ab<i>\u00a0<\/i><i>C\u2019\u00e9tait un peu un m\u00e9lange entre poser ma voix et parler normalement<\/i><i>\u00a0<\/i>\u00bb, d\u00e9taille-t-elle.<\/p>\n<p>L\u2019\u00e9mission compl\u00e8te est disponible sur la page Facebook du centre social.<\/p>\n<\/p><\/div>\n","protected":false},"excerpt":{"rendered":"Bonsoir &agrave; tous et bienvenue dans le 20h sp&eacute;cial Tichadou investigation.&nbsp;&raquo; Le ton y est pour cette &eacute;mission r&eacute;alis&eacute;e par les ados du centre social Tichadou durant cette semaine pass&eacute;e et &#8230;","protected":false},"author":1,"featured_media":38144,"comment_status":"open","ping_status":"open","sticky":false,"template":"","format":"standard","meta":{"footnotes":""},"categories":[3926,3925,20],"tags":[10,501,1774,883,1276,1553,2042,667,1186,1367,1034],"news-destination":[3944],"news-source":[475],"is_homepage":[],"ta_other":[],"class_list":["post-38143","post","type-post","status-publish","format-standard","has-post-thumbnail","hentry","category-accueil-merge","category-accueil-third","category-societe","tag-bouches-du-rhone","tag-centre-social","tag-centres-sociaux","tag-education-populaire","tag-enquete","tag-lien-social","tag-medias","tag-port-de-bouc","tag-presse","tag-realisateur","tag-reportage","news-destination-homepage","news-source-website"],"_links":{"self":[{"href":"https:\/\/euapp01.newsmemory.com\/lamarseillaise\/news\/wp-json\/wp\/v2\/posts\/38143","targetHints":{"allow":["GET"]}}],"collection":[{"href":"https:\/\/euapp01.newsmemory.com\/lamarseillaise\/news\/wp-json\/wp\/v2\/posts"}],"about":[{"href":"https:\/\/euapp01.newsmemory.com\/lamarseillaise\/news\/wp-json\/wp\/v2\/types\/post"}],"author":[{"embeddable":true,"href":"https:\/\/euapp01.newsmemory.com\/lamarseillaise\/news\/wp-json\/wp\/v2\/users\/1"}],"replies":[{"embeddable":true,"href":"https:\/\/euapp01.newsmemory.com\/lamarseillaise\/news\/wp-json\/wp\/v2\/comments?post=38143"}],"version-history":[{"count":1,"href":"https:\/\/euapp01.newsmemory.com\/lamarseillaise\/news\/wp-json\/wp\/v2\/posts\/38143\/revisions"}],"predecessor-version":[{"id":38145,"href":"https:\/\/euapp01.newsmemory.com\/lamarseillaise\/news\/wp-json\/wp\/v2\/posts\/38143\/revisions\/38145"}],"wp:featuredmedia":[{"embeddable":true,"href":"https:\/\/euapp01.newsmemory.com\/lamarseillaise\/news\/wp-json\/wp\/v2\/media\/38144"}],"wp:attachment":[{"href":"https:\/\/euapp01.newsmemory.com\/lamarseillaise\/news\/wp-json\/wp\/v2\/media?parent=38143"}],"wp:term":[{"taxonomy":"category","embeddable":true,"href":"https:\/\/euapp01.newsmemory.com\/lamarseillaise\/news\/wp-json\/wp\/v2\/categories?post=38143"},{"taxonomy":"post_tag","embeddable":true,"href":"https:\/\/euapp01.newsmemory.com\/lamarseillaise\/news\/wp-json\/wp\/v2\/tags?post=38143"},{"taxonomy":"news-destination","embeddable":true,"href":"https:\/\/euapp01.newsmemory.com\/lamarseillaise\/news\/wp-json\/wp\/v2\/news-destination?post=38143"},{"taxonomy":"news-source","embeddable":true,"href":"https:\/\/euapp01.newsmemory.com\/lamarseillaise\/news\/wp-json\/wp\/v2\/news-source?post=38143"},{"taxonomy":"is_homepage","embeddable":true,"href":"https:\/\/euapp01.newsmemory.com\/lamarseillaise\/news\/wp-json\/wp\/v2\/is_homepage?post=38143"},{"taxonomy":"ta_other","embeddable":true,"href":"https:\/\/euapp01.newsmemory.com\/lamarseillaise\/news\/wp-json\/wp\/v2\/ta_other?post=38143"}],"curies":[{"name":"wp","href":"https:\/\/api.w.org\/{rel}","templated":true}]}}