{"id":38140,"date":"2026-08-01T16:36:00","date_gmt":"2026-08-01T14:36:00","guid":{"rendered":"https:\/\/euapp01.newsmemory.com\/lamarseillaise\/news\/?p=38140"},"modified":"2026-08-07T09:25:08","modified_gmt":"2026-08-07T07:25:08","slug":"le-feu-reprend-a-louest-de-correns-dans-le-var","status":"publish","type":"post","link":"https:\/\/euapp01.newsmemory.com\/lamarseillaise\/news\/2026\/08\/01\/le-feu-reprend-a-louest-de-correns-dans-le-var\/","title":{"rendered":"Le feu reprend \u00e0 l\u2019ouest de Correns dans le Var"},"content":{"rendered":"<div class=\"paragraph\">\n<p>Le feu n\u2019est pas encore ma\u00eetris\u00e9 et la prudence reste de mise. La mise en garde des autorit\u00e9s, au moment d\u2019annoncer que l\u2019incendie du massif du Gros Bessillon \u00e9tait fix\u00e9, mardi en fin de journ\u00e9e, alors que 4\u00a0500\u00a0hectares avaient \u00e9t\u00e9 parcourus par les flammes, s\u2019est r\u00e9v\u00e9l\u00e9e plus qu\u2019un simple principe de pr\u00e9caution.<\/p>\n<p>Une reprise du feu a effectivement eu lieu, vendredi apr\u00e8s-midi, peu avant 14h, \u00e0 l\u2019ouest de la commune de Correns, \u00ab\u00a0<i>attis\u00e9e par un Mistral violent, avec des sautes de feu en direction de Montfort-sur-Argens<\/i>\u00a0\u00bb, annon\u00e7ait la pr\u00e9fecture du Var. \u00ab\u00a0<i>Nous avions anticip\u00e9 une journ\u00e9e \u00e0 risque avec un mistral mena\u00e7ant et des rafales \u00e0 pr\u00e8s de 40<\/i><i>\u00a0<\/i><i>km\/h, la s\u00e9cheresse et des temp\u00e9ratures caniculaires, avoisinant les 40 degr\u00e9s<\/i>\u00a0\u00bb, d\u00e9clarait le pr\u00e9fet du Var, Simon Babre, lors d\u2019un point presse en d\u00e9but de soir\u00e9e.<\/p>\n<p>Un avion avait ainsi \u00e9t\u00e9 d\u00e9ploy\u00e9 \u00ab\u00a0<i>en guet a\u00e9rien arm\u00e9, pour survoler le Var en permanence et d\u00e9tecter toute fum\u00e9e suspecte afin de pouvoir rapidement agir avec du retardant et de l\u2019eau<\/i>\u00a0\u00bb, pr\u00e9cisait-il. C\u2019est ce dispositif qui a permis de rep\u00e9rer la reprise.<\/p>\n<\/p><\/div>\n<div class=\"intext\"> Les acc\u00e8s coup\u00e9s\n              <\/div>\n<div class=\"paragraph\">\n<p>Deux Canadair \u00e9taient rest\u00e9s pr\u00e9positionn\u00e9s \u00e0 l\u2019a\u00e9roport de Hy\u00e8res et ont pu \u00eatre mobilis\u00e9s rapidement, aux c\u00f4t\u00e9s 250\u00a0sapeurs-pompiers et 4\u00a0h\u00e9licopt\u00e8res bombardiers d\u2019eau. Des moyens vite renforc\u00e9s (700\u00a0pompiers, 6\u00a0h\u00e9licopt\u00e8res bombardiers d\u2019eau, 8\u00a0Canadair, 2\u00a0avions Dash, 40\u00a0gendarmes), en plus des forces dispos\u00e9es sur l\u2019autre flanc du feu, plus au nord, en passe d\u2019\u00eatre ma\u00eetris\u00e9.<\/p>\n<p>Le camping du Grand Jardin, \u00e0 Correns, et plusieurs quartiers de Montfort-sur-Argens ont \u00e9t\u00e9 \u00e9vacu\u00e9s en d\u00e9but d\u2019apr\u00e8s-midi. Mais face \u00e0 la progression de l\u2019incendie, sous l\u2019effet d\u2019un vent qui ne cessait de changer de direction, d\u2019autres quartiers de Montfort, de Correns, du Val, ainsi que l\u2019ensemble du village de Ch\u00e2teauvert ont \u00e9t\u00e9 \u00e9vacu\u00e9s, soit un total de 2\u00a0500\u00a0personnes. Plusieurs axes routiers ont aussi \u00e9t\u00e9 ferm\u00e9s pour faciliter la circulation des pompiers.<\/p>\n<p>L\u2019incendie a parcouru 1\u00a0000\u00a0hectares, en plus des 4\u00a0500\u00a0d\u00e9j\u00e0 parcourus depuis le d\u00e9but de l\u2019incendie, portant le total \u00e0 5\u00a0500. Correns s\u2019est retrouv\u00e9 \u00ab\u00a0<i>compl\u00e8tement isol\u00e9, l\u2019incendie ayant d\u00e9val\u00e9 les pentes, coupant tout acc\u00e8s au village<\/i>\u00a0\u00bb, ajoutait le pr\u00e9fet, qui consid\u00e9rait toutefois la situation comme \u00ab\u00a0<i>rassurante<\/i><i>\u00a0<\/i>\u00bb, les axes routiers \u00e9tant en voie de r\u00e9tablissement.<\/p>\n<p>\u00ab\u00a0<i>On est maintenant sur la d\u00e9fense de points sensibles et quand la situation sera stabilis\u00e9e, on essaiera de regagner le feu, en remettant des engins autour du p\u00e9rim\u00e8tre pour le tenir<\/i>\u00a0\u00bb, d\u00e9taillait le directeur d\u00e9partemental du Sdis\u00a083, <span class=\"mln_uppercase_mln\">\u00e9<\/span>ric Grohin, qui annon\u00e7ait une accalmie du vent et une hausse de l\u2019humidit\u00e9, favorables \u00e0 cette entreprise. Avant un retour de conditions d\u00e9favorables ce samedi, entre vent, chaleur et s\u00e9cheresse. Un arr\u00eat\u00e9 pr\u00e9fectoral a \u00e9t\u00e9 pris pour interdire le transport de carburant et de briquets de type allume-gaz sur tout le d\u00e9partement,<b> <\/b>de vendredi \u00e0 lundi, 8h. L\u2019acc\u00e8s \u00e0 tous les massifs forestiers du Var est interdit ce samedi.<\/p>\n<\/p><\/div>\n","protected":false},"excerpt":{"rendered":"Le feu n&rsquo;est pas encore ma&icirc;tris&eacute; et la prudence reste de mise. La mise en garde des autorit&eacute;s, au moment d&rsquo;annoncer que l&rsquo;incendie du massif du Gros Bessillon &eacute;tait fix&eacute;, mardi en fin de &#8230;","protected":false},"author":1,"featured_media":38141,"comment_status":"open","ping_status":"open","sticky":false,"template":"","format":"standard","meta":{"footnotes":""},"categories":[3926,3925,20],"tags":[2507,373,6162,6147,318,316,1673,4015,6036,319,1396,3437,2500,4303,6140,3937,4304,1674,5879,6003,3600,4877,1397,31],"news-destination":[3944],"news-source":[475],"is_homepage":[],"ta_other":[],"class_list":["post-38140","post","type-post","status-publish","format-standard","has-post-thumbnail","hentry","category-accueil-merge","category-accueil-third","category-societe","tag-avions","tag-chaleur","tag-chateauvert","tag-correns","tag-feu","tag-feu-de-foret","tag-feux","tag-feux-de-foret","tag-flammes","tag-incendie","tag-incendies","tag-le-val","tag-massifs","tag-mistral","tag-montfort-sur-argens","tag-prefecture-du-var","tag-rafales","tag-sapeurs-pompiers","tag-sdis","tag-sdis-83","tag-sdis13","tag-sdis83","tag-secheresse","tag-var","news-destination-homepage","news-source-website"],"_links":{"self":[{"href":"https:\/\/euapp01.newsmemory.com\/lamarseillaise\/news\/wp-json\/wp\/v2\/posts\/38140","targetHints":{"allow":["GET"]}}],"collection":[{"href":"https:\/\/euapp01.newsmemory.com\/lamarseillaise\/news\/wp-json\/wp\/v2\/posts"}],"about":[{"href":"https:\/\/euapp01.newsmemory.com\/lamarseillaise\/news\/wp-json\/wp\/v2\/types\/post"}],"author":[{"embeddable":true,"href":"https:\/\/euapp01.newsmemory.com\/lamarseillaise\/news\/wp-json\/wp\/v2\/users\/1"}],"replies":[{"embeddable":true,"href":"https:\/\/euapp01.newsmemory.com\/lamarseillaise\/news\/wp-json\/wp\/v2\/comments?post=38140"}],"version-history":[{"count":1,"href":"https:\/\/euapp01.newsmemory.com\/lamarseillaise\/news\/wp-json\/wp\/v2\/posts\/38140\/revisions"}],"predecessor-version":[{"id":38142,"href":"https:\/\/euapp01.newsmemory.com\/lamarseillaise\/news\/wp-json\/wp\/v2\/posts\/38140\/revisions\/38142"}],"wp:featuredmedia":[{"embeddable":true,"href":"https:\/\/euapp01.newsmemory.com\/lamarseillaise\/news\/wp-json\/wp\/v2\/media\/38141"}],"wp:attachment":[{"href":"https:\/\/euapp01.newsmemory.com\/lamarseillaise\/news\/wp-json\/wp\/v2\/media?parent=38140"}],"wp:term":[{"taxonomy":"category","embeddable":true,"href":"https:\/\/euapp01.newsmemory.com\/lamarseillaise\/news\/wp-json\/wp\/v2\/categories?post=38140"},{"taxonomy":"post_tag","embeddable":true,"href":"https:\/\/euapp01.newsmemory.com\/lamarseillaise\/news\/wp-json\/wp\/v2\/tags?post=38140"},{"taxonomy":"news-destination","embeddable":true,"href":"https:\/\/euapp01.newsmemory.com\/lamarseillaise\/news\/wp-json\/wp\/v2\/news-destination?post=38140"},{"taxonomy":"news-source","embeddable":true,"href":"https:\/\/euapp01.newsmemory.com\/lamarseillaise\/news\/wp-json\/wp\/v2\/news-source?post=38140"},{"taxonomy":"is_homepage","embeddable":true,"href":"https:\/\/euapp01.newsmemory.com\/lamarseillaise\/news\/wp-json\/wp\/v2\/is_homepage?post=38140"},{"taxonomy":"ta_other","embeddable":true,"href":"https:\/\/euapp01.newsmemory.com\/lamarseillaise\/news\/wp-json\/wp\/v2\/ta_other?post=38140"}],"curies":[{"name":"wp","href":"https:\/\/api.w.org\/{rel}","templated":true}]}}