{"id":38137,"date":"2026-08-01T16:34:00","date_gmt":"2026-08-01T14:34:00","guid":{"rendered":"https:\/\/euapp01.newsmemory.com\/lamarseillaise\/news\/?p=38137"},"modified":"2026-08-07T09:12:20","modified_gmt":"2026-08-07T07:12:20","slug":"lequipe-de-conception-du-canadair-francais-sagrandit-a-istres","status":"publish","type":"post","link":"https:\/\/euapp01.newsmemory.com\/lamarseillaise\/news\/2026\/08\/01\/lequipe-de-conception-du-canadair-francais-sagrandit-a-istres\/","title":{"rendered":"L\u2019\u00e9quipe de conception du Canadair fran\u00e7ais s\u2019agrandit \u00e0 Istres"},"content":{"rendered":"<div class=\"paragraph\">\n<p>C\u2019est un nom connu du secteur et de l\u2019histoire a\u00e9ronautique qui s\u2019associe \u00e0 Hynaero pour son projet de bombardier d\u2019eau amphibie nouvelle g\u00e9n\u00e9ration. L\u2019entreprise Lat\u00e9co\u00e8re, \u00e9quipementier et sous-traitant notable d\u2019Airbus et Boeing, fabricant des portes de l\u2019Airbus A380, a sign\u00e9 un partenariat avec Hynaero pour le d\u00e9veloppement de son projet Fr\u00e9gate F-100, destin\u00e9 \u00e0 surpasser les Canadair actuellement en service. En plein d\u00e9veloppement sur le p\u00f4le a\u00e9ronautique Jean-Sarail d\u2019Istres, Hynaero pr\u00e9voit la construction des prototypes en 2029 et la mise en service de l\u2019appareil pour 2032.<\/p>\n<p>Dans le cadre de ce partenariat, \u00ab\u00a0<i>Lat\u00e9co\u00e8re apportera son expertise \u00e0 travers des \u00e9changes techniques et des prestations de conseil afin de soutenir la conception de l\u2019appareil, sa certification, sa maintenabilit\u00e9 ainsi que sa promotion aupr\u00e8s de clients potentiels \u00e0 travers le monde<\/i>\u00a0\u00bb, font savoir les d\u00e9sormais partenaires dans leur communiqu\u00e9 de jeudi.<\/p>\n<\/p><\/div>\n<div class=\"intext\"> 2\u00a0500 emplois promis\n              <\/div>\n<div class=\"paragraph\">\n<p>Le r\u00f4le de Lat\u00e9co\u00e8re est plus pr\u00e9cis\u00e9ment de participer \u00e0 l\u2019\u00e9tude du syst\u00e8me d\u2019interconnexion de c\u00e2blage \u00e9lectrique de l\u2019avion, ou harnais \u00e9lectrique. \u00ab\u00a0<i>Il s\u2019agit de l\u2019ensemble des c\u00e2bles, fils, connecteurs, et dispositifs de protection install\u00e9s dans un a\u00e9ronef pour transmettre l\u2019\u00e9nergie, les donn\u00e9es et les signaux<\/i>\u00a0\u00bb, pr\u00e9cise Lat\u00e9co\u00e8re \u00e0 <i>La<\/i><i>\u00a0<\/i><i>Marseillaise<\/i>. L\u2019architecture de cet \u00e9quipement critique est con\u00e7ue sur le principe de la redondance\u00a0: en cas de panne ou d\u2019une section accidentelle du c\u00e2blage \u00e9lectrique, d\u2019autres parties doivent pouvoir prendre le relais pour que l\u2019avion conserve toutes ses capacit\u00e9s. Il y a diff\u00e9rents niveaux de criticit\u00e9 en fonction des \u00e9quipements, comme le pr\u00e9cise Lat\u00e9co\u00e8re\u00a0: \u00ab\u00a0<i>Si le syst\u00e8me audiovisuel install\u00e9 dans les fauteuils est coup\u00e9, ce n\u2019est pas grave, au contraire des commandes de vol. Certaines parties du harnais b\u00e9n\u00e9ficient d\u2019une triple redondance.<\/i>\u00a0\u00bb Les associ\u00e9s parlent d\u2019une \u00ab\u00a0<i>opportunit\u00e9 majeure pour l\u2019industrie a\u00e9ronautique europ\u00e9enne et les pays partenaires, avec la cr\u00e9ation de plus de 2<\/i><i>\u00a0<\/i><i>500<\/i><i>\u00a0<\/i><i>emplois r\u00e9partis entre le site d\u2019assemblage final et l\u2019ensemble de la cha\u00eene d\u2019approvisionnement<\/i>\u00a0\u00bb, du Fr\u00e9gate.<\/p>\n<p>Le projet, laur\u00e9at de France 2030 et b\u00e9n\u00e9ficiaire de 7\u00a0millions d\u2019euros cofinanc\u00e9s par l\u2019\u00c9tat, Bpifrance et la R\u00e9gion Sud, n\u00e9cessite selon le fondateur et pr\u00e9sident David Pincet, au total, de plus d\u2019un milliard d\u2019euros d\u2019investissements, dont plus de 10% ont d\u00e9j\u00e0 \u00e9t\u00e9 lev\u00e9s en mars dernier. Le PCF et son s\u00e9nateur J\u00e9r\u00e9my Bacchi ont r\u00e9cemment appel\u00e9 \u00e0 augmenter les investissements de l\u2019\u00c9tat face \u00e0 l\u2019urgence climatique.<\/p>\n<\/p><\/div>\n","protected":false},"excerpt":{"rendered":"C&rsquo;est un nom connu du secteur et de l&rsquo;histoire a&eacute;ronautique qui s&rsquo;associe &agrave; Hynaero pour son projet de bombardier d&rsquo;eau amphibie nouvelle g&eacute;n&eacute;ration. L&rsquo;entreprise Lat&eacute;co&egrave;re, &#8230;","protected":false},"author":1,"featured_media":38138,"comment_status":"open","ping_status":"open","sticky":false,"template":"","format":"standard","meta":{"footnotes":""},"categories":[3926,3925,20],"tags":[3577,1352,4635,10,314,2848,624,519,534,748,250,714],"news-destination":[3944],"news-source":[475],"is_homepage":[],"ta_other":[],"class_list":["post-38137","post","type-post","status-publish","format-standard","has-post-thumbnail","hentry","category-accueil-merge","category-accueil-third","category-societe","tag-activites-industrielles","tag-aeronautique","tag-avion","tag-bouches-du-rhone","tag-canadair","tag-emploi-industriel","tag-industrie","tag-investissements","tag-istres","tag-jeremy-bacchi","tag-pcf","tag-region-sud","news-destination-homepage","news-source-website"],"_links":{"self":[{"href":"https:\/\/euapp01.newsmemory.com\/lamarseillaise\/news\/wp-json\/wp\/v2\/posts\/38137","targetHints":{"allow":["GET"]}}],"collection":[{"href":"https:\/\/euapp01.newsmemory.com\/lamarseillaise\/news\/wp-json\/wp\/v2\/posts"}],"about":[{"href":"https:\/\/euapp01.newsmemory.com\/lamarseillaise\/news\/wp-json\/wp\/v2\/types\/post"}],"author":[{"embeddable":true,"href":"https:\/\/euapp01.newsmemory.com\/lamarseillaise\/news\/wp-json\/wp\/v2\/users\/1"}],"replies":[{"embeddable":true,"href":"https:\/\/euapp01.newsmemory.com\/lamarseillaise\/news\/wp-json\/wp\/v2\/comments?post=38137"}],"version-history":[{"count":1,"href":"https:\/\/euapp01.newsmemory.com\/lamarseillaise\/news\/wp-json\/wp\/v2\/posts\/38137\/revisions"}],"predecessor-version":[{"id":38139,"href":"https:\/\/euapp01.newsmemory.com\/lamarseillaise\/news\/wp-json\/wp\/v2\/posts\/38137\/revisions\/38139"}],"wp:featuredmedia":[{"embeddable":true,"href":"https:\/\/euapp01.newsmemory.com\/lamarseillaise\/news\/wp-json\/wp\/v2\/media\/38138"}],"wp:attachment":[{"href":"https:\/\/euapp01.newsmemory.com\/lamarseillaise\/news\/wp-json\/wp\/v2\/media?parent=38137"}],"wp:term":[{"taxonomy":"category","embeddable":true,"href":"https:\/\/euapp01.newsmemory.com\/lamarseillaise\/news\/wp-json\/wp\/v2\/categories?post=38137"},{"taxonomy":"post_tag","embeddable":true,"href":"https:\/\/euapp01.newsmemory.com\/lamarseillaise\/news\/wp-json\/wp\/v2\/tags?post=38137"},{"taxonomy":"news-destination","embeddable":true,"href":"https:\/\/euapp01.newsmemory.com\/lamarseillaise\/news\/wp-json\/wp\/v2\/news-destination?post=38137"},{"taxonomy":"news-source","embeddable":true,"href":"https:\/\/euapp01.newsmemory.com\/lamarseillaise\/news\/wp-json\/wp\/v2\/news-source?post=38137"},{"taxonomy":"is_homepage","embeddable":true,"href":"https:\/\/euapp01.newsmemory.com\/lamarseillaise\/news\/wp-json\/wp\/v2\/is_homepage?post=38137"},{"taxonomy":"ta_other","embeddable":true,"href":"https:\/\/euapp01.newsmemory.com\/lamarseillaise\/news\/wp-json\/wp\/v2\/ta_other?post=38137"}],"curies":[{"name":"wp","href":"https:\/\/api.w.org\/{rel}","templated":true}]}}