{"id":38134,"date":"2026-08-02T07:53:00","date_gmt":"2026-08-02T05:53:00","guid":{"rendered":"https:\/\/euapp01.newsmemory.com\/lamarseillaise\/news\/?p=38134"},"modified":"2026-08-08T08:03:31","modified_gmt":"2026-08-08T06:03:31","slug":"anne-benedetti-a-la-tetede-la-cci-de-vaucluse-pour-un-nouvel-elan","status":"publish","type":"post","link":"https:\/\/euapp01.newsmemory.com\/lamarseillaise\/news\/2026\/08\/02\/anne-benedetti-a-la-tetede-la-cci-de-vaucluse-pour-un-nouvel-elan\/","title":{"rendered":"Anne Benedetti \u00e0 la t\u00eate de la CCI de Vaucluse pour un nouvel \u00e9lan"},"content":{"rendered":"<div class=\"paragraph\">\n<p>Il n\u2019y avait gu\u00e8re de suspense, mais la confirmation est tomb\u00e9e ce jeudi 30\u00a0juillet \u00e0 l\u2019issue de l\u2019assembl\u00e9e g\u00e9n\u00e9rale de la Chambre de commerce et d\u2019industrie de Vaucluse (CCI\u00a084) et de l\u2019installation du nouveau bureau par le pr\u00e9fet\u00a0: Anne Benedetti devient la premi\u00e8re femme pr\u00e9sidente de l\u2019organisation depuis sa cr\u00e9ation. Elle est \u00e9lue pour un an, jusqu\u2019\u00e0 l\u2019automne\u00a02027. Elle reprend les r\u00eanes de la chambre consulaire apr\u00e8s sa mise sous tutelle par la pr\u00e9fecture, fin janvier, \u00e0 la suite d\u2019une vague de d\u00e9missions au sein du pr\u00e9c\u00e9dent bureau. Apr\u00e8s cette p\u00e9riode de tensions, la nouvelle pr\u00e9sidente entend tourner la page et pr\u00f4ne le vivre-ensemble.<\/p>\n<p>\u00ab\u00a0<i>Je ne veux pas que ce soit une s\u00e9rie de personnes, mais vraiment un rassemblement. On n\u2019en sera pas trop nombreux pour redorer le blason de la CCI<\/i><i>\u00a0<\/i>\u00bb, confie la PDG de l\u2019entreprise familiale Benedetti\u00a0SA, sp\u00e9cialis\u00e9e dans le traitement des fa\u00e7ades et l\u2019isolation thermique par l\u2019ext\u00e9rieur. Tout en assurant \u00eatre \u00ab\u00a0<i>\u00e0 l\u2019\u00e9coute et toujours disponible<\/i>\u00a0\u00bb pour ses adh\u00e9rents, elle compte bien relancer la machine. \u00ab\u00a0<i>Mais pas que<\/i><i>\u00a0<\/i><i>! Vous verrez au fur et \u00e0 mesure<\/i>\u00a0\u00bb, glisse-t-elle dans un sourire.<\/p>\n<\/p><\/div>\n<div class=\"intext\"> Port et a\u00e9roport\n              <\/div>\n<div class=\"paragraph\">\n<p>Si la liquidation judiciaire du restaurant le Quai des Saveurs, \u00e0 la gare d\u2019Avignon-Centre, est d\u00e9sormais act\u00e9e et qu\u2019elle \u00ab\u00a0<i>ne peut rien y faire<\/i>\u00a0\u00bb, regrette la dirigeante, plusieurs autres dossiers vont rapidement mobiliser le nouveau bureau de la CCI de Vaucluse. Tout en demandant qu\u2019on lui \u00ab\u00a0<i>laisse le temps d\u2019arriver pour \u00e9tudier les dossiers<\/i>\u00a0\u00bb, elle place parmi ses priorit\u00e9s la transmission des entreprises et la formation. \u00ab\u00a0<i>On est confront\u00e9s \u00e0 de nombreux d\u00e9parts \u00e0 la retraite. Donc, dans les dix ans, il y a, je crois, 10<\/i><i>\u00a0<\/i><i>000 entreprises dans le Vaucluse qui vont \u00eatre c\u00e9d\u00e9es, reprises ou alors fermer compl\u00e8tement. Donc \u00e7a, c\u2019est vraiment un sujet<\/i>\u00a0\u00bb, glisse-t-elle.<\/p>\n<p>Elle s\u2019est ensuite exprim\u00e9e face \u00e0 plus d\u2019une centaine d\u2019acteurs du tissu \u00e9conomique vauclusien, parmi lesquels figuraient \u00e9galement plusieurs personnalit\u00e9s politiques locales, dont l\u2019ex-candidat aux municipales \u00e0 Avignon et ancien adjoint de C\u00e9cile Helle, Paul-Roger Gontard, ou le num\u00e9ro un du RN en Vaucluse et candidat aux s\u00e9natoriales, Thierry d\u2019Aigremont. Une allocution durant laquelle elle a abord\u00e9 notamment le dossier de la d\u00e9l\u00e9gation de service public pour l\u2019a\u00e9roport d\u2019Avignon. La soci\u00e9t\u00e9 d\u00e9l\u00e9gataire est actuellement pilot\u00e9e par la CCI de Vaucluse. La R\u00e9gion Sud, propri\u00e9taire de l\u2019enceinte, attendait que les probl\u00e8mes de gouvernance soient r\u00e9gl\u00e9s. \u00ab<i>\u00a0<\/i><i>L\u2019a\u00e9roport est bien davantage qu\u2019un \u00e9quipement. Il est une porte d\u2019entr\u00e9e sur notre territoire. Il participe \u00e0 notre attractivit\u00e9 \u00e9conomique, touristique et entrepreneuriale<\/i>\u00a0\u00bb, a lanc\u00e9 Anne Benedetti, souhaitant qu\u2019il \u00ab<i>\u00a0<\/i><i>reste dans le p\u00e9rim\u00e8tre<\/i><i>\u00a0<\/i>\u00bb de la chambre. La nouvelle pr\u00e9sidente entend aussi poursuivre le d\u00e9veloppement du port fluvial du Pontet, qui \u00ab\u00a0<i>constitue un enjeu \u00e9conomique, mais \u00e9galement environnemental<\/i>\u00a0\u00bb.<\/p>\n<\/p><\/div>\n","protected":false},"excerpt":{"rendered":"Il n&rsquo;y avait gu&egrave;re de suspense, mais la confirmation est tomb&eacute;e ce jeudi 30&nbsp;juillet &agrave; l&rsquo;issue de l&rsquo;assembl&eacute;e g&eacute;n&eacute;rale de la Chambre de commerce et d&rsquo;industrie de Vaucluse &#8230;","protected":false},"author":1,"featured_media":38135,"comment_status":"open","ping_status":"open","sticky":false,"template":"","format":"standard","meta":{"footnotes":""},"categories":[3926,3925,338],"tags":[1949,171],"news-destination":[3944],"news-source":[475],"is_homepage":[],"ta_other":[],"class_list":["post-38134","post","type-post","status-publish","format-standard","has-post-thumbnail","hentry","category-accueil-merge","category-accueil-third","category-economie","tag-cci","tag-vaucluse","news-destination-homepage","news-source-website"],"_links":{"self":[{"href":"https:\/\/euapp01.newsmemory.com\/lamarseillaise\/news\/wp-json\/wp\/v2\/posts\/38134","targetHints":{"allow":["GET"]}}],"collection":[{"href":"https:\/\/euapp01.newsmemory.com\/lamarseillaise\/news\/wp-json\/wp\/v2\/posts"}],"about":[{"href":"https:\/\/euapp01.newsmemory.com\/lamarseillaise\/news\/wp-json\/wp\/v2\/types\/post"}],"author":[{"embeddable":true,"href":"https:\/\/euapp01.newsmemory.com\/lamarseillaise\/news\/wp-json\/wp\/v2\/users\/1"}],"replies":[{"embeddable":true,"href":"https:\/\/euapp01.newsmemory.com\/lamarseillaise\/news\/wp-json\/wp\/v2\/comments?post=38134"}],"version-history":[{"count":2,"href":"https:\/\/euapp01.newsmemory.com\/lamarseillaise\/news\/wp-json\/wp\/v2\/posts\/38134\/revisions"}],"predecessor-version":[{"id":38202,"href":"https:\/\/euapp01.newsmemory.com\/lamarseillaise\/news\/wp-json\/wp\/v2\/posts\/38134\/revisions\/38202"}],"wp:featuredmedia":[{"embeddable":true,"href":"https:\/\/euapp01.newsmemory.com\/lamarseillaise\/news\/wp-json\/wp\/v2\/media\/38135"}],"wp:attachment":[{"href":"https:\/\/euapp01.newsmemory.com\/lamarseillaise\/news\/wp-json\/wp\/v2\/media?parent=38134"}],"wp:term":[{"taxonomy":"category","embeddable":true,"href":"https:\/\/euapp01.newsmemory.com\/lamarseillaise\/news\/wp-json\/wp\/v2\/categories?post=38134"},{"taxonomy":"post_tag","embeddable":true,"href":"https:\/\/euapp01.newsmemory.com\/lamarseillaise\/news\/wp-json\/wp\/v2\/tags?post=38134"},{"taxonomy":"news-destination","embeddable":true,"href":"https:\/\/euapp01.newsmemory.com\/lamarseillaise\/news\/wp-json\/wp\/v2\/news-destination?post=38134"},{"taxonomy":"news-source","embeddable":true,"href":"https:\/\/euapp01.newsmemory.com\/lamarseillaise\/news\/wp-json\/wp\/v2\/news-source?post=38134"},{"taxonomy":"is_homepage","embeddable":true,"href":"https:\/\/euapp01.newsmemory.com\/lamarseillaise\/news\/wp-json\/wp\/v2\/is_homepage?post=38134"},{"taxonomy":"ta_other","embeddable":true,"href":"https:\/\/euapp01.newsmemory.com\/lamarseillaise\/news\/wp-json\/wp\/v2\/ta_other?post=38134"}],"curies":[{"name":"wp","href":"https:\/\/api.w.org\/{rel}","templated":true}]}}