{"id":38131,"date":"2026-08-01T16:36:00","date_gmt":"2026-08-01T14:36:00","guid":{"rendered":"https:\/\/euapp01.newsmemory.com\/lamarseillaise\/news\/?p=38131"},"modified":"2026-08-07T09:25:08","modified_gmt":"2026-08-07T07:25:08","slug":"avignon-victoire-et-fin-de-la-greve-au-cloitre-saint-louis","status":"publish","type":"post","link":"https:\/\/euapp01.newsmemory.com\/lamarseillaise\/news\/2026\/08\/01\/avignon-victoire-et-fin-de-la-greve-au-cloitre-saint-louis\/","title":{"rendered":"Avignon, victoire et fin de la gr\u00e8ve au clo\u00eetre Saint-Louis"},"content":{"rendered":"<div class=\"paragraph\">\n<p>V<i>ictoire au clo\u00eetre Saint-Louis<\/i><i>\u00a0<\/i>\u00bb, affiche fi\u00e8rement l\u2019Union locale CGT d\u2019Avignon sur ses r\u00e9seaux sociaux. Apr\u00e8s quatre semaines de mobilisation, les salari\u00e9s ont mis fin \u00e0 leur gr\u00e8ve apr\u00e8s avoir obtenu plusieurs avanc\u00e9es.<\/p>\n<p>\u00c0 l\u2019issue des n\u00e9gociations avec leur direction, la trentaine d\u2019employ\u00e9s du complexe h\u00f4telier, situ\u00e9 en plein centre de la Cit\u00e9 des papes, va ainsi b\u00e9n\u00e9ficier d\u2019une prime de saison de 1\u00a0100\u00a0euros, de cong\u00e9s en ao\u00fbt, de l\u2019anticipation de l\u2019augmentation de la grille conventionnelle, d\u2019une augmentation d\u2019\u00e9chelon pour les plongeurs et les commis de salle, ainsi que du remboursement des frais li\u00e9s \u00e0 la tenue professionnelle.<\/p>\n<\/p><\/div>\n<div class=\"intext\"> \u00ab\u00a0Pionnier\u00a0\u00bb\n              <\/div>\n<div class=\"paragraph\">\n<p>Des \u00ab\u00a0<i>avanc\u00e9es in\u00e9dites<\/i>, se r\u00e9jouit l\u2019UL CGT d\u2019Avignon, <i>dans un secteur de l\u2019h\u00f4tellerie-restauration avignonnaise o\u00f9 le patronat est bien trop habitu\u00e9 \u00e0 r\u00e9gner en ma\u00eetre sur des travailleuses et travailleurs atomis\u00e9s<\/i><i>\u00a0<\/i>\u00bb. L\u2019organisation syndicale a en effet mis en place, depuis plusieurs mois, un collectif r\u00e9unissant des employ\u00e9s de l\u2019h\u00f4tellerie et de la restauration. Cette nouvelle structure vise \u00e0 limiter les abus et \u00e0 am\u00e9liorer les conditions de travail du personnel. \u00ab\u00a0<i>Avec leur mouvement exemplaire, ils d\u00e9montrent que l\u2019organisation des travailleurs et travailleuses dans l\u2019h\u00f4tellerie-restauration n\u2019est pas seulement possible, mais n\u00e9cessaire pour des salari\u00e9s pr\u00e9caris\u00e9s, exsangues, saison apr\u00e8s saison<\/i>\u00a0\u00bb, poursuit l\u2019UL CGT.<\/p>\n<p>Un mouvement \u00ab\u00a0<i>pionnier<\/i><i>\u00a0<\/i>\u00bb \u00e0 Avignon qui pourrait donc en inspirer d\u2019autres sur le territoire. D\u2019autant qu\u2019il a largement fait parler de lui ces derni\u00e8res semaines, notamment avec la venue de Sophie Binet, secr\u00e9taire g\u00e9n\u00e9rale de la CGT, le 16\u00a0juillet. D\u2019apr\u00e8s nos informations, ce mouvement fait aussi h\u00e9risser les poils \u00e0 plusieurs patrons de commerces locaux. Un autre objectif atteint pour la\u00a0CGT.<\/p>\n<\/p><\/div>\n","protected":false},"excerpt":{"rendered":"Victoire au clo&icirc;tre Saint-Louis&nbsp;&raquo;, affiche fi&egrave;rement l&rsquo;Union locale CGT d&rsquo;Avignon sur ses r&eacute;seaux sociaux. Apr&egrave;s quatre semaines de mobilisation, les salari&eacute;s ont mis fin &agrave; leur &#8230;","protected":false},"author":1,"featured_media":38132,"comment_status":"open","ping_status":"open","sticky":false,"template":"","format":"standard","meta":{"footnotes":""},"categories":[3926,3925,331],"tags":[174,195,1472,587,180,4319,1557,910,171],"news-destination":[3944],"news-source":[475],"is_homepage":[],"ta_other":[],"class_list":["post-38131","post","type-post","status-publish","format-standard","has-post-thumbnail","hentry","category-accueil-merge","category-accueil-third","category-social","tag-avignon","tag-conditions-de-travail","tag-negociations","tag-remboursement","tag-restauration","tag-saint-louis","tag-sophie-binet","tag-travailleurs","tag-vaucluse","news-destination-homepage","news-source-website"],"_links":{"self":[{"href":"https:\/\/euapp01.newsmemory.com\/lamarseillaise\/news\/wp-json\/wp\/v2\/posts\/38131","targetHints":{"allow":["GET"]}}],"collection":[{"href":"https:\/\/euapp01.newsmemory.com\/lamarseillaise\/news\/wp-json\/wp\/v2\/posts"}],"about":[{"href":"https:\/\/euapp01.newsmemory.com\/lamarseillaise\/news\/wp-json\/wp\/v2\/types\/post"}],"author":[{"embeddable":true,"href":"https:\/\/euapp01.newsmemory.com\/lamarseillaise\/news\/wp-json\/wp\/v2\/users\/1"}],"replies":[{"embeddable":true,"href":"https:\/\/euapp01.newsmemory.com\/lamarseillaise\/news\/wp-json\/wp\/v2\/comments?post=38131"}],"version-history":[{"count":1,"href":"https:\/\/euapp01.newsmemory.com\/lamarseillaise\/news\/wp-json\/wp\/v2\/posts\/38131\/revisions"}],"predecessor-version":[{"id":38133,"href":"https:\/\/euapp01.newsmemory.com\/lamarseillaise\/news\/wp-json\/wp\/v2\/posts\/38131\/revisions\/38133"}],"wp:featuredmedia":[{"embeddable":true,"href":"https:\/\/euapp01.newsmemory.com\/lamarseillaise\/news\/wp-json\/wp\/v2\/media\/38132"}],"wp:attachment":[{"href":"https:\/\/euapp01.newsmemory.com\/lamarseillaise\/news\/wp-json\/wp\/v2\/media?parent=38131"}],"wp:term":[{"taxonomy":"category","embeddable":true,"href":"https:\/\/euapp01.newsmemory.com\/lamarseillaise\/news\/wp-json\/wp\/v2\/categories?post=38131"},{"taxonomy":"post_tag","embeddable":true,"href":"https:\/\/euapp01.newsmemory.com\/lamarseillaise\/news\/wp-json\/wp\/v2\/tags?post=38131"},{"taxonomy":"news-destination","embeddable":true,"href":"https:\/\/euapp01.newsmemory.com\/lamarseillaise\/news\/wp-json\/wp\/v2\/news-destination?post=38131"},{"taxonomy":"news-source","embeddable":true,"href":"https:\/\/euapp01.newsmemory.com\/lamarseillaise\/news\/wp-json\/wp\/v2\/news-source?post=38131"},{"taxonomy":"is_homepage","embeddable":true,"href":"https:\/\/euapp01.newsmemory.com\/lamarseillaise\/news\/wp-json\/wp\/v2\/is_homepage?post=38131"},{"taxonomy":"ta_other","embeddable":true,"href":"https:\/\/euapp01.newsmemory.com\/lamarseillaise\/news\/wp-json\/wp\/v2\/ta_other?post=38131"}],"curies":[{"name":"wp","href":"https:\/\/api.w.org\/{rel}","templated":true}]}}