{"id":38128,"date":"2026-08-02T12:43:00","date_gmt":"2026-08-02T10:43:00","guid":{"rendered":"https:\/\/euapp01.newsmemory.com\/lamarseillaise\/news\/?p=38128"},"modified":"2026-08-08T08:02:14","modified_gmt":"2026-08-08T06:02:14","slug":"digne-les-bains-lauto-ecole-qui-ne-laisse-personne-au-bord-de-la-route","status":"publish","type":"post","link":"https:\/\/euapp01.newsmemory.com\/lamarseillaise\/news\/2026\/08\/02\/digne-les-bains-lauto-ecole-qui-ne-laisse-personne-au-bord-de-la-route\/","title":{"rendered":"Digne-les-Bains, l\u2019auto-\u00e9cole qui ne laisse personne au bord de la route"},"content":{"rendered":"<div class=\"paragraph\">\n<p>J<i>e partais trois ou quatre heures avant mon heure de conduite pour venir en stop<\/i><i>\u00a0<\/i>\u00bb\u00a0: atteinte de dyspraxie s\u00e9v\u00e8re, habitante d\u2019un village isol\u00e9, Orph\u00e9e vient d\u2019obtenir son permis, mercredi, apr\u00e8s 112\u00a0heures de conduite, gr\u00e2ce \u00e0 l\u2019auto-\u00e9cole sociale dignoise Nos Routes Solidaires. \u00ab\u00a0<i>Les gestes de la vie quotidienne sont compliqu\u00e9s pour moi, je suis maladroite, je casse beaucoup de choses, j\u2019ai du mal \u00e0 me rep\u00e9rer dans l\u2019espace spatiotemporel<\/i><i>\u00a0<\/i>\u00bb, explique la jeune femme, \u00e9voquant les cons\u00e9quences de ce trouble neurod\u00e9veloppemental.<\/p>\n<p>Pendant sa formation \u00e0 l\u2019auto-\u00e9cole, elle a d\u2019ailleurs bien failli jeter l\u2019\u00e9ponge, d\u00e9sempar\u00e9e. \u00ab\u00a0<i>Mais je savais que je finirai par y arriver<\/i><i>\u00a0<\/i><i>!<\/i><i>\u00a0<\/i>\u00bb, lance celle qui est d\u00e9j\u00e0 en recherche active d\u2019une voiture d\u2019occasion, faute de budget\u00a0: \u00ab\u00a0<i>Je ne peux pas mettre toutes mes \u00e9conomies dans une voiture, alors que je vais emm\u00e9nager avec mon compagnon et que l\u2019on doit acheter des meubles.<\/i><i>\u00a0<\/i>\u00bb Le handicap d\u2019Orph\u00e9e l\u2019emp\u00eache actuellement de travailler, mais elle devrait prochainement int\u00e9grer la blanchisserie de l\u2019Esat de Digne, une structure adapt\u00e9e aux personnes en situation de handicap. \u00ab\u00a0<i>On m\u2019a dit que j\u2019\u00e9tais trop lente pour travailler \u00e0 l\u2019Ehpad et il est impossible de trouver un emploi sans permis ici<\/i><i>\u00a0<\/i>\u00bb, explique-t-elle. Le permis lui est indispensable pour se rendre \u00e0 ses rendez-vous m\u00e9dicaux et faire ses courses.<\/p>\n<\/p><\/div>\n<div class=\"intext\"> \u00ab\u00a0On r\u00e9cup\u00e8re ceux qui n\u2019ont pas r\u00e9ussi ailleurs\u00a0\u00bb\n              <\/div>\n<div class=\"paragraph\">\n<p>\u00ab\u00a0<i>Pour certains, on leur a dit toute leur vie &#8220;t\u2019es nul, tu n\u2019arriveras \u00e0 rien<\/i>&#8220;, regrette Alexandra Comit\u00e9, directrice de l\u2019auto-\u00e9cole cr\u00e9\u00e9e en 2012. <i>On accueille des personnes qui ont des difficult\u00e9s d\u2019apprentissage, des troubles de l\u2019autisme ou qui ne parlent pas tr\u00e8s bien fran\u00e7ais.<\/i><i>\u00a0<\/i>\u00bb C\u2019est le cas d\u2019Aliaksandr Laparra, jeune Bi\u00e9lorusse arriv\u00e9 en France il y a cinq ans, qui en est \u00e0 sa 17<sup>e<\/sup>\u00a0heure de conduite. \u00ab\u00a0<i>En Bi\u00e9lorussie, m\u00eame avec un Bac +3, on se retrouve \u00e0 travailler au Mcdo. Il y a tr\u00e8s peu d\u2019offres d\u2019emploi<\/i><i>\u00a0<\/i>\u00bb, regrette-t-il. C\u2019est cette raison qui les a pouss\u00e9s, lui et sa m\u00e8re, \u00e0 quitter leur pays natal. Malgr\u00e9 quelques probl\u00e8mes de trajectoire dans les ronds-points, le jeune homme \u00ab\u00a0<i>apprend tr\u00e8s vite<\/i><i>\u00a0<\/i>\u00bb, le f\u00e9licite sa monitrice, Sylvie Pons. \u00ab\u00a0<i>Certains ne savent toujours pas changer les vitesses \u00e0 leur 20<\/i><i><sup>e<\/sup><\/i><i>\u00a0<\/i><i>heure<\/i><i>\u00a0<\/i>\u00bb, avance-t-elle.<\/p>\n<p>\u00ab\u00a0<i>Humainement, on est tous touch\u00e9s par les parcours des \u00e9l\u00e8ves<\/i><i>\u00a0<\/i>\u00bb, t\u00e9moigne la directrice. C\u2019est pourquoi, vendredi, elle et les moniteurs ont d\u00e9cid\u00e9 de c\u00e9l\u00e9brer ensemble la r\u00e9ussite d\u2019Orph\u00e9e. \u00ab\u00a0<i>On r\u00e9cup\u00e8re tous ceux qui n\u2019ont pas r\u00e9ussi ailleurs, qui ont des difficult\u00e9s financi\u00e8res, familiales ou des freins \u00e0 la mobilit\u00e9<\/i><i>\u00a0<\/i>\u00bb, explique Alexandra Comit\u00e9. L\u2019auto-\u00e9cole devrait ouvrir, d\u00e9but octobre, une nouvelle antenne \u00e0 Manosque.<\/p>\n<\/p><\/div>\n","protected":false},"excerpt":{"rendered":"Je partais trois ou quatre heures avant mon heure de conduite pour venir en stop&nbsp;&raquo;&nbsp;: atteinte de dyspraxie s&eacute;v&egrave;re, habitante d&rsquo;un village isol&eacute;, Orph&eacute;e vient d&rsquo;obtenir son permis, mercredi, &#8230;","protected":false},"author":1,"featured_media":38129,"comment_status":"open","ping_status":"open","sticky":false,"template":"","format":"standard","meta":{"footnotes":""},"categories":[3926,3925,20],"tags":[4768,4467,3343,2236,1066,1300,2342,2795,2538,194,51,1175],"news-destination":[3944],"news-source":[475],"is_homepage":[],"ta_other":[],"class_list":["post-38128","post","type-post","status-publish","format-standard","has-post-thumbnail","hentry","category-accueil-merge","category-accueil-third","category-societe","tag-alpes","tag-alpes-de-haute-provence","tag-auto-ecole","tag-conduite","tag-handicap","tag-inclusion","tag-langues","tag-migrants","tag-ruralite","tag-social","tag-societe","tag-voitures","news-destination-homepage","news-source-website"],"_links":{"self":[{"href":"https:\/\/euapp01.newsmemory.com\/lamarseillaise\/news\/wp-json\/wp\/v2\/posts\/38128","targetHints":{"allow":["GET"]}}],"collection":[{"href":"https:\/\/euapp01.newsmemory.com\/lamarseillaise\/news\/wp-json\/wp\/v2\/posts"}],"about":[{"href":"https:\/\/euapp01.newsmemory.com\/lamarseillaise\/news\/wp-json\/wp\/v2\/types\/post"}],"author":[{"embeddable":true,"href":"https:\/\/euapp01.newsmemory.com\/lamarseillaise\/news\/wp-json\/wp\/v2\/users\/1"}],"replies":[{"embeddable":true,"href":"https:\/\/euapp01.newsmemory.com\/lamarseillaise\/news\/wp-json\/wp\/v2\/comments?post=38128"}],"version-history":[{"count":1,"href":"https:\/\/euapp01.newsmemory.com\/lamarseillaise\/news\/wp-json\/wp\/v2\/posts\/38128\/revisions"}],"predecessor-version":[{"id":38130,"href":"https:\/\/euapp01.newsmemory.com\/lamarseillaise\/news\/wp-json\/wp\/v2\/posts\/38128\/revisions\/38130"}],"wp:featuredmedia":[{"embeddable":true,"href":"https:\/\/euapp01.newsmemory.com\/lamarseillaise\/news\/wp-json\/wp\/v2\/media\/38129"}],"wp:attachment":[{"href":"https:\/\/euapp01.newsmemory.com\/lamarseillaise\/news\/wp-json\/wp\/v2\/media?parent=38128"}],"wp:term":[{"taxonomy":"category","embeddable":true,"href":"https:\/\/euapp01.newsmemory.com\/lamarseillaise\/news\/wp-json\/wp\/v2\/categories?post=38128"},{"taxonomy":"post_tag","embeddable":true,"href":"https:\/\/euapp01.newsmemory.com\/lamarseillaise\/news\/wp-json\/wp\/v2\/tags?post=38128"},{"taxonomy":"news-destination","embeddable":true,"href":"https:\/\/euapp01.newsmemory.com\/lamarseillaise\/news\/wp-json\/wp\/v2\/news-destination?post=38128"},{"taxonomy":"news-source","embeddable":true,"href":"https:\/\/euapp01.newsmemory.com\/lamarseillaise\/news\/wp-json\/wp\/v2\/news-source?post=38128"},{"taxonomy":"is_homepage","embeddable":true,"href":"https:\/\/euapp01.newsmemory.com\/lamarseillaise\/news\/wp-json\/wp\/v2\/is_homepage?post=38128"},{"taxonomy":"ta_other","embeddable":true,"href":"https:\/\/euapp01.newsmemory.com\/lamarseillaise\/news\/wp-json\/wp\/v2\/ta_other?post=38128"}],"curies":[{"name":"wp","href":"https:\/\/api.w.org\/{rel}","templated":true}]}}