{"id":38122,"date":"2026-08-02T07:58:00","date_gmt":"2026-08-02T05:58:00","guid":{"rendered":"https:\/\/euapp01.newsmemory.com\/lamarseillaise\/news\/?p=38122"},"modified":"2026-08-08T08:03:31","modified_gmt":"2026-08-08T06:03:31","slug":"grand-entretien-erik-truffaz-le-flamenco-cest-une-sorte-de-blues","status":"publish","type":"post","link":"https:\/\/euapp01.newsmemory.com\/lamarseillaise\/news\/2026\/08\/02\/grand-entretien-erik-truffaz-le-flamenco-cest-une-sorte-de-blues\/","title":{"rendered":"[Grand entretien] Erik Truffaz : \u00ab&nbsp;Le flamenco, c\u2019est une sorte de blues&nbsp;\u00bb"},"content":{"rendered":"<div class=\"paragraph\">\n<p><b>Erik Truffaz<\/b><b>\u00a0<\/b><b>:<\/b> Je l\u2019ai \u00e9cout\u00e9 pour la premi\u00e8re fois lorsque j\u2019\u00e9tais adolescent. (l\u2019album est sorti en 1960, ann\u00e9e de naissance d\u2019Erik Truffaz, Ndlr). Ce qui m\u2019avait frapp\u00e9, \u00e9tonn\u00e9 et s\u00e9duit, c\u2019est que c\u2019est la premi\u00e8re fois que j\u2019entendais une r\u00e9union entre la musique classique folklorique et le jazz. Et tout cela, avec le son de Miles Davis.<\/p>\n<p><b>Outre la beaut\u00e9 de la rencontre entre <\/b><\/p>\n<p><b>la musique folklorique espagnole et le jazz, est-ce que le principal m\u00e9rite de cet album est qu\u2019il plaise au-del\u00e0 des amateurs du genre<\/b><b>\u00a0<\/b><b>?<\/b><\/p>\n<p><b>E.T.<\/b><b>\u00a0<\/b><b>: <\/b>Cet album, c\u2019est des ponts entre<\/p>\n<p>les musiques, entre le classique et le jazz. Dans <i>Sketches of Spain<\/i>, le pont est cr\u00e9\u00e9 par l\u2019arrangeur, Gil Evans, et par l\u2019interpr\u00e9tation de Miles Davis. Ils avaient d\u2019ailleurs d\u00e9j\u00e0 travaill\u00e9 avant sur un album du m\u00eame style, <i>Birth of the Cool<\/i>.<\/p>\n<p><b><span class=\"mln_uppercase_mln\">\u00e9<\/span><\/b><b>tablir des ponts entre <\/b><\/p>\n<p><b>diff\u00e9rents styles est-il une des caract\u00e9ristiques du jazz selon vous<\/b><b>\u00a0<\/b><b>?<\/b><\/p>\n<p><b>E.T.<\/b><b>\u00a0<\/b><b>: <\/b>On peut le dire car c\u2019est une musique qui est n\u00e9e d\u2019un pont entre la polka, qui venait des blancs, et du blues, qui venait des noirs. Le jazz, c\u2019est donc une musique hybride. Et au fil de son \u00e9volution, elle a pu ensuite se m\u00e9langer avec beaucoup d\u2019autres musiques comme la musique cubaine, br\u00e9silienne et bien d\u2019autres. Mais bon, apr\u00e8s, si on regarde bien, Beethoven aussi. Quand il fait une symphonie, il peut par exemple reprendre des chants folkloriques.<\/p>\n<p><b>Et le \u00ab<\/b><b>\u00a0<\/b><b>New Sketches of Spain<\/b><b>\u00a0<\/b><b>\u00bb que vous pr\u00e9sentez le 7<\/b><b>\u00a0<\/b><b>ao\u00fbt \u00e0 Toulon, il est n\u00e9 de votre rencontre avec le saxophoniste et chanteur flamenco Antonio Lizana<\/b><b>\u00a0<\/b><b>?<\/b><\/p>\n<p><b>E.T.<\/b><b>\u00a0<\/b><b>: <\/b>On s\u2019est rencontr\u00e9 \u00e0 Katmandou.<\/p>\n<p>Quand j\u2019ai vu Antonio, j\u2019ai ador\u00e9 la fa\u00e7on dont il chantait et jouait du flamenco. J\u2019adore faire des ponts entre les musiques, justement. Je l\u2019ai d\u00e9j\u00e0 fait avec des musiques indiennes, avec un chanteur tunisien et certainement un chanteur \u00e9gyptien dans mon prochain album. J\u2019ai parl\u00e9 \u00e0 Antonio et je lui ai dit que je voulais qu\u2019on travaille ensemble. Apr\u00e8s, Fran\u00e7ois Lacharme, qui dirige une salle \u00e0 Paris, a dit\u00a0: \u00ab\u00a0<i>si Truffaz rencontre Lisana, il devrait refaire <\/i>Sketches of Spain\u00a0\u00bb. Une formidable id\u00e9e car on peut le refaire, mais pas comme Miles Davis. Mais plut\u00f4t dans une identit\u00e9 encore plus flamenco et plus espagnole.<\/p>\n<p><b>Une danseuse vous accompagne <\/b><\/p>\n<p><b>\u00e9galement sur sc\u00e8ne&#8230;<\/b><\/p>\n<p><b>E.T.<\/b><b>\u00a0<\/b><b>: <\/b>Au d\u00e9but, \u00e7a me g\u00eanait un peu car je n\u2019aime pas tellement quand on ajoute un \u00e9l\u00e9ment esth\u00e9tique \u00e0 la musique, \u00e7a porte l\u2019attention ailleurs. Mais dans ce cas, \u00e7a apporte \u00e9norm\u00e9ment car cette danseuse est une percussionniste de fait. Quand elle danse, elle fait de sacr\u00e9s rythmes avec les pieds, c\u2019est \u00e7a le flamenco. Elle s\u2019appelle Sarah Sanchez et c\u2019est une sorte d\u2019Elvin Jones du flamenco (parmi les batteurs de jazz les plus influents du XX<sup>e<\/sup>\u00a0si\u00e8cle).<\/p>\n<p><b><span class=\"mln_uppercase_mln\">\u00e0<\/span><\/b><b> l\u2019origine, le flamenco est la plainte <\/b><\/p>\n<p><b>du peuple andalou. Qu\u2019est-ce que \u00e7a symbolise \u00e0 vos yeux<\/b><b>\u00a0<\/b><b>?<\/b><\/p>\n<p><b>E.T.<\/b><b>\u00a0<\/b><b>: <\/b>Je suis all\u00e9 en 1986 \u00e0 Grenade et j\u2019avais ador\u00e9 le quartier de l\u2019Albaicin o\u00f9 les Gitans jouaient et chantaient le flamenco. Pour moi, le flamenco, c\u2019est une sorte de blues. On y trouve m\u00eame des accents blues.<\/p>\n<p><b>Le flamenco est une culture libre et <\/b><\/p>\n<p><b>indomptable. Rien d\u2019\u00e9tonnant \u00e0 ce qu\u2019il ait pu inspirer Miles Davis&#8230;<\/b><\/p>\n<p><b>E.T.<\/b><b>\u00a0<\/b><b>: <\/b>D\u2019ailleurs, il n\u2019y a pas que Miles Davis dans le jazz qui a \u00e9t\u00e9 inspir\u00e9 par le flamenco. Un disque fantastique de Charles Mingus, le premier que j\u2019ai achet\u00e9, s\u2019appelle <i>Tijuana Moods<\/i>, et il y a pas mal de flamenco.<\/p>\n<p><b>2026 marque le centenaire de la <\/b><\/p>\n<p><b>naissance de Miles Davis. En plus de son g\u00e9nie musical, est-ce que son c\u00f4t\u00e9 politique vous a aussi s\u00e9duit au moment de rencontrer son \u0153uvre ? Il a fait partie des rares artistes \u00e0 avoir refus\u00e9 de jouer \u00e0 Sun City pour montrer son opposition au r\u00e9gime d&#8217;Apartheid en Afrique du Sud. Du boycott culturel avant l\u2019heure, non<\/b><b>\u00a0<\/b><b>?<\/b><\/p>\n<p><b>E.T.<\/b><b>\u00a0<\/b><b>:<\/b> Il fait partie d\u2019un groupe de gens qui ont d\u00e9fendu des id\u00e9es. Il est la continuit\u00e9 de la lib\u00e9ration des noirs par rapport \u00e0 l\u2019emprise des blancs. Il a v\u00e9cu le racisme aux <span class=\"mln_uppercase_mln\">\u00c9<\/span>tats-Unis. De fait, il \u00e9tait secou\u00e9. Il \u00e9tait une star totale, mais il y a quand m\u00eame des mecs qui lui ont cass\u00e9 la gueule. Il existe un bouquin o\u00f9 on demande \u00e0 des jazzmen de formuler un souhait. Il a r\u00e9pondu\u00a0: \u00ab\u00a0\u00eatre blanc\u00a0\u00bb. \u00c7a m\u2019interpelle car tout son art tient aussi d\u2019o\u00f9 il provient. Miles Davis a exacerb\u00e9 et mis en avant la fiert\u00e9 des noirs. Apr\u00e8s, lui venait d\u2019une famille riche, il n\u2019a pas autant souffert que Billie Holiday par exemple. Mais bon, ce n\u2019est pas un sujet qui me pr\u00e9occupe plus que cela.<\/p>\n<p><b>Vous retenez uniquement sa musique<\/b><b>\u00a0<\/b><b>?<\/b><\/p>\n<p><b>E.T.<\/b><b>\u00a0<\/b><b>: <\/b>Ses id\u00e9es politiques ne sont pas mises en avant tout au long de sa vie. Son fer de lance, c\u2019est son parcours artistique. Je ne me compare pas du tout, mais moi, par exemple, mon fer de lance, ce n\u2019est pas mes id\u00e9es politiques, m\u00eame si je participe \u00e0 des soir\u00e9es de soutien pour le peuple iranien ou que je suis engag\u00e9 contre quelconque g\u00e9nocide.<\/p>\n<p><b><span class=\"mln_uppercase_mln\">\u00e9<\/span><\/b><b>tablir des ponts entre les cultures et musiques, c\u2019est aussi un peu politique&#8230;<\/b><\/p>\n<p><b>E.T.<\/b><b>\u00a0<\/b><b>: <\/b>J\u2019ai tendance \u00e0 dire que mon identit\u00e9 politique passe au travers de mon identit\u00e9 artistique et des projets que je propose. C\u2019est s\u00fbr que je ne suis pas un miroir du Front National en faisant deux albums avec un chanteur tunisien ou en collaborant avec le Cri du\u00a0Caire, compos\u00e9 d\u2019un \u00c9gyptien, d\u2019un Allemand et d\u2019un Anglais. De toute fa\u00e7on, le jazz est une musique plurielle, qui vient de peuples diff\u00e9rents.<\/p>\n<p><b><span class=\"mln_small-caps_mln\">Propos recueillis par Philippe Amsellem<\/span><\/b><\/p>\n<\/p><\/div>\n","protected":false},"excerpt":{"rendered":"Erik Truffaz&nbsp;: Je l&rsquo;ai &eacute;cout&eacute; pour la premi&egrave;re fois lorsque j&rsquo;&eacute;tais adolescent. (l&rsquo;album est sorti en 1960, ann&eacute;e de naissance d&rsquo;Erik Truffaz, Ndlr). Ce qui m&rsquo;avait frapp&eacute;, &#8230;","protected":false},"author":1,"featured_media":38123,"comment_status":"open","ping_status":"open","sticky":false,"template":"","format":"standard","meta":{"footnotes":""},"categories":[3926,3925,32],"tags":[40,597,988,2001],"news-destination":[3944],"news-source":[475],"is_homepage":[],"ta_other":[],"class_list":["post-38122","post","type-post","status-publish","format-standard","has-post-thumbnail","hentry","category-accueil-merge","category-accueil-third","category-culture","tag-jazz","tag-toulon","tag-week-end","tag-weekend","news-destination-homepage","news-source-website"],"_links":{"self":[{"href":"https:\/\/euapp01.newsmemory.com\/lamarseillaise\/news\/wp-json\/wp\/v2\/posts\/38122","targetHints":{"allow":["GET"]}}],"collection":[{"href":"https:\/\/euapp01.newsmemory.com\/lamarseillaise\/news\/wp-json\/wp\/v2\/posts"}],"about":[{"href":"https:\/\/euapp01.newsmemory.com\/lamarseillaise\/news\/wp-json\/wp\/v2\/types\/post"}],"author":[{"embeddable":true,"href":"https:\/\/euapp01.newsmemory.com\/lamarseillaise\/news\/wp-json\/wp\/v2\/users\/1"}],"replies":[{"embeddable":true,"href":"https:\/\/euapp01.newsmemory.com\/lamarseillaise\/news\/wp-json\/wp\/v2\/comments?post=38122"}],"version-history":[{"count":1,"href":"https:\/\/euapp01.newsmemory.com\/lamarseillaise\/news\/wp-json\/wp\/v2\/posts\/38122\/revisions"}],"predecessor-version":[{"id":38124,"href":"https:\/\/euapp01.newsmemory.com\/lamarseillaise\/news\/wp-json\/wp\/v2\/posts\/38122\/revisions\/38124"}],"wp:featuredmedia":[{"embeddable":true,"href":"https:\/\/euapp01.newsmemory.com\/lamarseillaise\/news\/wp-json\/wp\/v2\/media\/38123"}],"wp:attachment":[{"href":"https:\/\/euapp01.newsmemory.com\/lamarseillaise\/news\/wp-json\/wp\/v2\/media?parent=38122"}],"wp:term":[{"taxonomy":"category","embeddable":true,"href":"https:\/\/euapp01.newsmemory.com\/lamarseillaise\/news\/wp-json\/wp\/v2\/categories?post=38122"},{"taxonomy":"post_tag","embeddable":true,"href":"https:\/\/euapp01.newsmemory.com\/lamarseillaise\/news\/wp-json\/wp\/v2\/tags?post=38122"},{"taxonomy":"news-destination","embeddable":true,"href":"https:\/\/euapp01.newsmemory.com\/lamarseillaise\/news\/wp-json\/wp\/v2\/news-destination?post=38122"},{"taxonomy":"news-source","embeddable":true,"href":"https:\/\/euapp01.newsmemory.com\/lamarseillaise\/news\/wp-json\/wp\/v2\/news-source?post=38122"},{"taxonomy":"is_homepage","embeddable":true,"href":"https:\/\/euapp01.newsmemory.com\/lamarseillaise\/news\/wp-json\/wp\/v2\/is_homepage?post=38122"},{"taxonomy":"ta_other","embeddable":true,"href":"https:\/\/euapp01.newsmemory.com\/lamarseillaise\/news\/wp-json\/wp\/v2\/ta_other?post=38122"}],"curies":[{"name":"wp","href":"https:\/\/api.w.org\/{rel}","templated":true}]}}