{"id":38113,"date":"2026-08-02T12:42:00","date_gmt":"2026-08-02T10:42:00","guid":{"rendered":"https:\/\/euapp01.newsmemory.com\/lamarseillaise\/news\/?p=38113"},"modified":"2026-08-08T08:02:14","modified_gmt":"2026-08-08T06:02:14","slug":"le-camping-de-bottai-a-port-de-bouc-le-paradis-cest-les-autres","status":"publish","type":"post","link":"https:\/\/euapp01.newsmemory.com\/lamarseillaise\/news\/2026\/08\/02\/le-camping-de-bottai-a-port-de-bouc-le-paradis-cest-les-autres\/","title":{"rendered":"[C\u2019est l\u2019\u00e9t\u00e9] Le camping de Botta\u00ef \u00e0 Port-de-Bouc, le paradis c\u2019est les autres"},"content":{"rendered":"<div class=\"paragraph\">\n<p>L\u2019atout charme du lieu\u00a0? Selon les campeurs, pas de doute, c\u2019est Georges. \u00ab\u00a0<i>C\u2019est lui qui me pla\u00eet le plus dans le camping<\/i>\u00a0\u00bb<i>, <\/i>l\u00e2che Davy, aussi rigolard que sinc\u00e8re, qui vient chaque ann\u00e9e de Metz avec sa famille pour passer la saison estivale \u00e0 Port-de-Bouc.<i> <\/i>Le Mosellan a beau appr\u00e9cier son rythme de vie ici, entre la p\u00eache au petit matin, les allers-retours dans l\u2019eau pour se rafra\u00eechir au cours de la journ\u00e9e, l\u2019ap\u00e9ro et la p\u00e9tanque en fin d\u2019apr\u00e8s-midi, \u00ab\u00a0<i>c\u2019est Georges qui fait l\u2019ambiance. S\u2019il \u00e9tait pas l\u00e0, je suis pas s\u00fbr que je viendrais<\/i><i>\u00a0<\/i>\u00bb.<\/p>\n<p>La chaleur humaine<\/p>\n<p>Georges, c\u2019est le gardien du camping qui donne des surnoms \u00e0 chacun des vacanciers. Sa maison, qui se situe juste derri\u00e8re le portail, en face de l\u2019accueil, regorge de r\u00e9f\u00e9rences \u00e0 Johnny Halliday. Deux panneaux de bois indiquent les h\u00f4tels dans lesquels le Taulier s\u00e9journait lors de ses vir\u00e9es aux \u00c9tats-Unis. Une silhouette en carton du chanteur franco-belge tr\u00f4ne sur la terrasse en bois. Pas \u00e9tonnant que les vacanciers appellent Georges \u00ab\u00a0Georges Hallyday\u00a0\u00bb. \u00ab\u00a0<i>Tous les matins, je me l\u00e8ve et je chante du Johnny en me baladant dans le camping<\/i>\u00a0\u00bb, confie le gardien.<\/p>\n<p>Trente ans qu\u2019il travaille l\u00e0, alors il conna\u00eet les habitu\u00e9s qui occupent la plupart des 75 emplacements comme s\u2019ils faisaient partie de sa propre famille. \u00c0 l\u2019entr\u00e9e, Josette et Serge ont mont\u00e9 leur campement au m\u00eame endroit que chaque ann\u00e9e. Les deux retrait\u00e9s se sont rencontr\u00e9s \u00e0 Botta\u00ef dans leur jeunesse. Depuis 1978, les Gardannais quittent leur logement pour venir \u00e0 Port-de-Bouc chaque \u00e9t\u00e9. \u00ab\u00a0<i>On est l\u00e0 de mai \u00e0 septembre,<\/i> r\u00e9v\u00e8lent-ils.<i> C\u2019est pas loin mais on se sent vraiment en vacances, c\u2019est le vrai camping \u00e0 l\u2019ancienne, familial, \u00e0 taille humaine. On se c\u00f4toie, on joue aux boules, on prend l\u2019ap\u00e9ro&#8230; C\u2019est pas comme les grands campings avec des toboggans immenses o\u00f9 vous croisez les gens sans les fr\u00e9quenter, o\u00f9 on se dit \u00e0 peine bonjour, o\u00f9 on se conna\u00eet pas. Ici on est tous amis et on aime \u00eatre ensemble.<\/i><i>\u00a0<\/i>\u00bb De nombreux habitu\u00e9s de Botta\u00ef ont d\u00e9j\u00e0 \u00ab\u00a0<i>essay\u00e9 les grandes structures<\/i><i>\u00a0<\/i>\u00bb, mais ils manquent vite de \u00ab\u00a0<i>chaleur humaine<\/i><i>\u00a0<\/i>\u00bb. \u00ab\u00a0<i>Et de Georges<\/i><i>\u00a0<\/i>\u00bb, plaisante le gardien.<\/p>\n<p>Pour les Ferrero, dont la tente jouxte celle de Josette et de Serge, les vacances sont plus un \u00e9tat d\u2019esprit qu\u2019un changement d\u2019environnement. Preuve en est\u00a0: ils viennent tous de Port-de-Bouc. \u00ab\u00a0<i>Quand ils envoient une carte postale \u00e0 leurs proches ils vont directement la poster \u00e0 pied, \u00e7a va vite<\/i><i>\u00a0<\/i>\u00bb, sourit Georges. \u00ab\u00a0<i>\u00c7a change de notre HLM, c\u2019est notre deuxi\u00e8me maison ici, on a nos habitudes<\/i><i>\u00a0<\/i>\u00bb, glisse la m\u00e8re de famille, surnomm\u00e9e Dolor\u00e8s de la Frange par le gardien. \u00ab\u00a0<i>Comme Parisot de Camping Paradis.<\/i>\u00a0\u00bb Une r\u00e9f\u00e9rence locale, elle aussi\u00a0!<\/p>\n<\/p><\/div>\n","protected":false},"excerpt":{"rendered":"&Agrave; peine entr&eacute; dans Port-de-Bouc, le premier panneau de signalisation indique &laquo; Camping de Botta&iuml; &raquo;. Prononcer &laquo; beaut&eacute; &raquo;, malgr&eacute; le tr&eacute;ma. Un nom loin d&rsquo;&ecirc;tre vide de sens : &#8230;","protected":false},"author":1,"featured_media":38323,"comment_status":"open","ping_status":"open","sticky":false,"template":"","format":"standard","meta":{"footnotes":""},"categories":[3926,3925,20],"tags":[10,6085,5238,336,667,3660,988,2001],"news-destination":[3944],"news-source":[475],"is_homepage":[],"ta_other":[],"class_list":["post-38113","post","type-post","status-publish","format-standard","has-post-thumbnail","hentry","category-accueil-merge","category-accueil-third","category-societe","tag-bouches-du-rhone","tag-cest-lete","tag-camping","tag-ete","tag-port-de-bouc","tag-series","tag-week-end","tag-weekend","news-destination-homepage","news-source-website"],"_links":{"self":[{"href":"https:\/\/euapp01.newsmemory.com\/lamarseillaise\/news\/wp-json\/wp\/v2\/posts\/38113","targetHints":{"allow":["GET"]}}],"collection":[{"href":"https:\/\/euapp01.newsmemory.com\/lamarseillaise\/news\/wp-json\/wp\/v2\/posts"}],"about":[{"href":"https:\/\/euapp01.newsmemory.com\/lamarseillaise\/news\/wp-json\/wp\/v2\/types\/post"}],"author":[{"embeddable":true,"href":"https:\/\/euapp01.newsmemory.com\/lamarseillaise\/news\/wp-json\/wp\/v2\/users\/1"}],"replies":[{"embeddable":true,"href":"https:\/\/euapp01.newsmemory.com\/lamarseillaise\/news\/wp-json\/wp\/v2\/comments?post=38113"}],"version-history":[{"count":2,"href":"https:\/\/euapp01.newsmemory.com\/lamarseillaise\/news\/wp-json\/wp\/v2\/posts\/38113\/revisions"}],"predecessor-version":[{"id":38324,"href":"https:\/\/euapp01.newsmemory.com\/lamarseillaise\/news\/wp-json\/wp\/v2\/posts\/38113\/revisions\/38324"}],"wp:featuredmedia":[{"embeddable":true,"href":"https:\/\/euapp01.newsmemory.com\/lamarseillaise\/news\/wp-json\/wp\/v2\/media\/38323"}],"wp:attachment":[{"href":"https:\/\/euapp01.newsmemory.com\/lamarseillaise\/news\/wp-json\/wp\/v2\/media?parent=38113"}],"wp:term":[{"taxonomy":"category","embeddable":true,"href":"https:\/\/euapp01.newsmemory.com\/lamarseillaise\/news\/wp-json\/wp\/v2\/categories?post=38113"},{"taxonomy":"post_tag","embeddable":true,"href":"https:\/\/euapp01.newsmemory.com\/lamarseillaise\/news\/wp-json\/wp\/v2\/tags?post=38113"},{"taxonomy":"news-destination","embeddable":true,"href":"https:\/\/euapp01.newsmemory.com\/lamarseillaise\/news\/wp-json\/wp\/v2\/news-destination?post=38113"},{"taxonomy":"news-source","embeddable":true,"href":"https:\/\/euapp01.newsmemory.com\/lamarseillaise\/news\/wp-json\/wp\/v2\/news-source?post=38113"},{"taxonomy":"is_homepage","embeddable":true,"href":"https:\/\/euapp01.newsmemory.com\/lamarseillaise\/news\/wp-json\/wp\/v2\/is_homepage?post=38113"},{"taxonomy":"ta_other","embeddable":true,"href":"https:\/\/euapp01.newsmemory.com\/lamarseillaise\/news\/wp-json\/wp\/v2\/ta_other?post=38113"}],"curies":[{"name":"wp","href":"https:\/\/api.w.org\/{rel}","templated":true}]}}