{"id":38110,"date":"2026-08-01T08:07:00","date_gmt":"2026-08-01T06:07:00","guid":{"rendered":"https:\/\/euapp01.newsmemory.com\/lamarseillaise\/news\/?p=38110"},"modified":"2026-08-07T08:06:41","modified_gmt":"2026-08-07T06:06:41","slug":"plongez-dans-lheritage-sacre-des-incas-a-draguignan","status":"publish","type":"post","link":"https:\/\/euapp01.newsmemory.com\/lamarseillaise\/news\/2026\/08\/01\/plongez-dans-lheritage-sacre-des-incas-a-draguignan\/","title":{"rendered":"Plongez dans l\u2019h\u00e9ritage sacr\u00e9 des Incas \u00e0 Draguignan"},"content":{"rendered":"<div class=\"paragraph\">\n<p>\u00c0 travers un parcours \u00e0 la fois chronologique et th\u00e9matique, d\u00e9couvrez une vision du monde o\u00f9 le Sacr\u00e9 joue un r\u00f4le primordial, loin des religions telles que nous les pensons en Occident. En effet, pour les Incas, tout dans l\u2019univers avait un caract\u00e8re sacr\u00e9 de la nature aux hommes en passant par les anc\u00eatres, le vivant et les dieux qui cohabitaient en parfaite harmonie.<\/p>\n<p>Ateliers et visites ludiques pour les petits<\/p>\n<p>Plongez au c\u0153ur de cette cosmovision andine lorsqu\u2019au XVI<sup>e<\/sup>\u00a0si\u00e8cle, lors de la conqu\u00eate espagnole, l\u2019Empire inca s\u2019\u00e9tendait sur un immense territoire, bien au-del\u00e0 des fronti\u00e8res du P\u00e9rou actuel. Dans le cadre de cette exposition, petits et grands pourront profiter de visites guid\u00e9es pour les adultes mais aussi pour les enfants avec des visites ludiques propos\u00e9es les samedis et dimanches \u00e0 16h30. \u00c0 travers diff\u00e9rents jeux et accompagn\u00e9s par un m\u00e9diateur ce moment \u00e0 la fois ludique et p\u00e9dagogique invite \u00e0 d\u00e9couvrir les objets fascinants de la collection.<\/p>\n<p>Pour les plus jeunes toujours, un espace ludique a \u00e9t\u00e9 install\u00e9 au 3<sup>e<\/sup> \u00e9tage de l\u2019H\u00f4tel d\u00e9partemental et offre de nombreuses activit\u00e9s autour de l\u2019exposition entre 14h et 16h les samedis et dimanche. Sans oublier une chasse aux tr\u00e9sors andins. Avec leurs \u00e9quipements d\u2019aventuriers, les enfants vont pouvoir se lancer sur les traces de ces civilisations et sur celles du dernier empereur inca, tous les week-ends d\u2019ao\u00fbt et de septembre \u00e0 partir de 14h et toujours au 3<sup>e<\/sup> \u00e9tage du b\u00e2timent.<\/p>\n<\/p><\/div>\n<div class=\"paragraph\">\n<p><i>Inca, h\u00e9ritage sacr\u00e9 des Andes, jusqu\u2019au 27<\/i><i>\u00a0<\/i><i>septembre \u00e0 l\u2019h\u00f4tel d\u00e9partemental des expositions du Var \u00e0 Draguignan.<\/i><\/p>\n<\/p><\/div>\n","protected":false},"excerpt":{"rendered":"Quelque 3 000 ans d&rsquo;histoire, de traditions et de culture vous attendent &agrave; l&rsquo;H&ocirc;tel d&eacute;partemental des expositions du Var &agrave; Draguignan jusqu&rsquo;au 27 septembre. L&rsquo;exposition &laquo; Inca. &#8230;","protected":false},"author":1,"featured_media":38111,"comment_status":"open","ping_status":"open","sticky":false,"template":"","format":"standard","meta":{"footnotes":""},"categories":[3926,3925,32],"tags":[395,279,280,31,988,2001],"news-destination":[3944],"news-source":[475],"is_homepage":[],"ta_other":[],"class_list":["post-38110","post","type-post","status-publish","format-standard","has-post-thumbnail","hentry","category-accueil-merge","category-accueil-third","category-culture","tag-draguignan","tag-exposition","tag-histoire","tag-var","tag-week-end","tag-weekend","news-destination-homepage","news-source-website"],"_links":{"self":[{"href":"https:\/\/euapp01.newsmemory.com\/lamarseillaise\/news\/wp-json\/wp\/v2\/posts\/38110","targetHints":{"allow":["GET"]}}],"collection":[{"href":"https:\/\/euapp01.newsmemory.com\/lamarseillaise\/news\/wp-json\/wp\/v2\/posts"}],"about":[{"href":"https:\/\/euapp01.newsmemory.com\/lamarseillaise\/news\/wp-json\/wp\/v2\/types\/post"}],"author":[{"embeddable":true,"href":"https:\/\/euapp01.newsmemory.com\/lamarseillaise\/news\/wp-json\/wp\/v2\/users\/1"}],"replies":[{"embeddable":true,"href":"https:\/\/euapp01.newsmemory.com\/lamarseillaise\/news\/wp-json\/wp\/v2\/comments?post=38110"}],"version-history":[{"count":2,"href":"https:\/\/euapp01.newsmemory.com\/lamarseillaise\/news\/wp-json\/wp\/v2\/posts\/38110\/revisions"}],"predecessor-version":[{"id":38308,"href":"https:\/\/euapp01.newsmemory.com\/lamarseillaise\/news\/wp-json\/wp\/v2\/posts\/38110\/revisions\/38308"}],"wp:featuredmedia":[{"embeddable":true,"href":"https:\/\/euapp01.newsmemory.com\/lamarseillaise\/news\/wp-json\/wp\/v2\/media\/38111"}],"wp:attachment":[{"href":"https:\/\/euapp01.newsmemory.com\/lamarseillaise\/news\/wp-json\/wp\/v2\/media?parent=38110"}],"wp:term":[{"taxonomy":"category","embeddable":true,"href":"https:\/\/euapp01.newsmemory.com\/lamarseillaise\/news\/wp-json\/wp\/v2\/categories?post=38110"},{"taxonomy":"post_tag","embeddable":true,"href":"https:\/\/euapp01.newsmemory.com\/lamarseillaise\/news\/wp-json\/wp\/v2\/tags?post=38110"},{"taxonomy":"news-destination","embeddable":true,"href":"https:\/\/euapp01.newsmemory.com\/lamarseillaise\/news\/wp-json\/wp\/v2\/news-destination?post=38110"},{"taxonomy":"news-source","embeddable":true,"href":"https:\/\/euapp01.newsmemory.com\/lamarseillaise\/news\/wp-json\/wp\/v2\/news-source?post=38110"},{"taxonomy":"is_homepage","embeddable":true,"href":"https:\/\/euapp01.newsmemory.com\/lamarseillaise\/news\/wp-json\/wp\/v2\/is_homepage?post=38110"},{"taxonomy":"ta_other","embeddable":true,"href":"https:\/\/euapp01.newsmemory.com\/lamarseillaise\/news\/wp-json\/wp\/v2\/ta_other?post=38110"}],"curies":[{"name":"wp","href":"https:\/\/api.w.org\/{rel}","templated":true}]}}