{"id":38107,"date":"2026-08-03T10:31:00","date_gmt":"2026-08-03T08:31:00","guid":{"rendered":"https:\/\/euapp01.newsmemory.com\/lamarseillaise\/news\/?p=38107"},"modified":"2026-08-03T11:36:56","modified_gmt":"2026-08-03T09:36:56","slug":"commemorations-palette-en-main-ils-ne-concevaient-la-vie-que-devant-une-toile","status":"publish","type":"post","link":"https:\/\/euapp01.newsmemory.com\/lamarseillaise\/news\/2026\/08\/03\/commemorations-palette-en-main-ils-ne-concevaient-la-vie-que-devant-une-toile\/","title":{"rendered":"Cezanne et Monet : palette en main, ils ne concevaient la vie que devant une toile"},"content":{"rendered":"<div class=\"paragraph\">\n<p>Il y a cent ans, Monet s\u2019\u00e9teignait dans sa maison-jardin de Giverny. L\u2019ancien journaliste, Philippe Simon, lui rend un hommage, \u00f4 combien m\u00e9rit\u00e9, dans Le miroir des eaux. Il y a cent vingt ans, Cezanne s\u2019\u00e9teignait \u00e0 Aix-en-Provence, sa ville natale. L\u2019essayiste et romancier, Thierry Maugenest, fait appara\u00eetre son fant\u00f4me durant la Seconde Guerre mondiale, au sein de sa sublime fiction : Dans l\u2019ombre de Cezanne. Autant dire que notre plume d\u00e9borde de joie, puisque nous avons toujours mis la peinture au sommet de tous les arts \u2013 du na\u00eff \u00e0 l\u2019expressionniste, en passant par le figuratif, l\u2019abstrait, l\u2019impressionniste, le symboliste, le cubiste, et le surr\u00e9aliste. Un proverbe chinois ne dit-il pas que le pinceau laisse des traces, alors que les paroles sont vides ?&#8230; Surtout lorsqu\u2019il est tenu par deux g\u00e9nies.<\/p>\n<\/p><\/div>\n<div class=\"paragraph\">\n<p><b>Le miroir des eaux<\/b><\/p>\n<p>Qui dit Claude Monet, dit Octave Mirbeau, l\u2019un des plus grands \u00e9crivains et critique d\u2019art du XIX<sup>e<\/sup>\u00a0si\u00e8cle, amoureux, comme l\u2019\u00e9tait le peintre, des arbres et des fleurs\u00a0; mais aussi Georges Clemenceau, ministre de l\u2019Int\u00e9rieur qui cr\u00e9a les Brigades mobiles, anc\u00eatres de l\u2019actuelle Police judiciaire. C\u2019est \u00e0 ce dernier, auteur d\u2019un article sur les Nymph\u00e9as, que Philippe Simon donne une place de choix pour la collection\u00a0: \u00ab\u00a0<i>Le roman d\u2019un chef-d\u2019\u0153uvre<\/i>\u00a0\u00bb. Pourquoi\u00a0? Parce qu\u2019une amiti\u00e9, qui durera par-del\u00e0 la mort de Monet, naquit entre l\u2019artiste qui vivait loin des hommes, et un Tigre politique, passionn\u00e9 de culture. C\u2019\u00e9tait en un temps o\u00f9 l\u2019on croyait encore en la libert\u00e9 de l\u2019esprit, et au sentiment du beau. Merci \u00e0 Clemenceau d\u2019avoir retir\u00e9 le voile noir qui recouvrait le cercueil de son ami, en disant \u00ab\u00a0<i>Jamais de noir pour Monet<\/i><i>\u00a0<\/i><i>!<\/i>\u00a0\u00bb<\/p>\n<p><b>Dans l\u2019ombre de Cezanne<\/b><\/p>\n<p>Nous sommes en Provence, la Seconde Guerre mondiale fait rage, et des peintres, d\u00e9cid\u00e9s \u00e0 entrer en r\u00e9sistance contre le r\u00e9gime de Vichy, se retrouvent dans une bastide (Ch\u00e2teau Noir) o\u00f9 Cezanne travailla durant les quinze derni\u00e8res ann\u00e9es de sa vie. Comment alors ne pas \u00eatre hant\u00e9s par le spectre qui habita ce domaine pos\u00e9 au pied de la montagne Sainte-Victoire, et dont le ma\u00eetre des rouges, des jaunes, et des bleut\u00e9s, aimait le silence si profond qu\u2019il en devenait harmonie\u00a0? Aussi, malgr\u00e9 les bombardements, la Gestapo, les miliciens, et les blind\u00e9s, trouvons-nous agr\u00e9able de retrouver en cet inattendu revenant, le timide, l\u2019ind\u00e9pendant, le solitaire, jamais satisfait de lui-m\u00eame, et qu\u2019une pneumonie terrassa, alors qu\u2019il peignait sur le motif, sans lui laisser le temps de comprendre qu\u2019il deviendrait un mythe.<\/p>\n<p><b>En guise de conclusion<\/b><\/p>\n<p>Que l\u2019on s\u2019appelle Claude Monet ou Paul Cezanne, les peintres ont v\u00e9cu, vivent, et vivront pour le plaisir de nos yeux. M\u00eame les Anciens se plaisaient \u00e0 dire que leurs divinit\u00e9s \u00e9taient mieux servies par eux que par les po\u00e8tes. Nous ne craignons pas de l\u2019\u00e9crire hautement, et les lecteurs de bonne foi se rangeront \u00e0 notre avis, ces deux livres sont parmi les meilleurs de l\u2019ann\u00e9e\u00a02026. Nous finirons par des citations. La premi\u00e8re est de Monet, la seconde de Cezanne\u00a0: \u00ab\u00a0<i>J\u2019ai mis du temps \u00e0 comprendre mes nymph\u00e9as&#8230; Je les cultivais sans songer \u00e0 les peindre&#8230; Puis, tout d\u2019un coup, j\u2019ai pris ma palette. Depuis, je n\u2019ai gu\u00e8re eu d\u2019autre mod\u00e8le.<\/i>\u00a0\u00bb&#8230; \u00ab\u00a0<i>Le Louvre est le livre o\u00f9 nous apprenons \u00e0 lire. Nous ne devons pas nous contenter de retenir les belles formules de nos illustres devanciers. Sortons-en pour \u00e9tudier la belle nature, t\u00e2chons d\u2019en d\u00e9gager l\u2019esprit, cherchons \u00e0 nous exprimer suivant notre temp\u00e9rament personnel.<\/i>\u00a0\u00bb<\/p>\n<\/p><\/div>\n<div class=\"paragraph\">\n<p><b><span class=\"mln_small-caps_mln\"><\/span><\/b><\/p>\n<p><b><span class=\"mln_small-caps_mln\"><\/span><\/b><\/p>\n<p><b><span class=\"mln_small-caps_mln\"><\/span><\/b><\/p>\n<p><b><span class=\"mln_small-caps_mln\"><\/span><\/b><\/p>\n<p><b><span class=\"mln_small-caps_mln\"><\/span><\/b><\/p>\n<p><b><span class=\"mln_small-caps_mln\"><\/span><\/b><\/p>\n<p><b><span class=\"mln_small-caps_mln\"><\/span><\/b><\/p>\n<p><b><span class=\"mln_small-caps_mln\"><\/span><\/b><\/p>\n<p><b><span class=\"mln_small-caps_mln\"><\/span><\/b><\/p>\n<p><b><span class=\"mln_small-caps_mln\"><\/span><\/b><\/p>\n<p><b><span class=\"mln_small-caps_mln\"><\/span><\/b><\/p>\n<p><b><span class=\"mln_small-caps_mln\"><\/span><\/b><\/p>\n<\/p><\/div>\n","protected":false},"excerpt":{"rendered":"Il y a cent ans, Monet s&rsquo;&eacute;teignait dans sa maison-jardin de Giverny. L&rsquo;ancien journaliste, Philippe Simon, lui rend un hommage, &ocirc; combien m&eacute;rit&eacute;, dans Le miroir des eaux. Il y a cent vingt ans, Cezanne &#8230;","protected":false},"author":1,"featured_media":38309,"comment_status":"open","ping_status":"open","sticky":false,"template":"","format":"standard","meta":{"footnotes":""},"categories":[3926,3925,32],"tags":[313,2458,3325,572,2459,1293,1244,1295,140,502,988,2001],"news-destination":[3944],"news-source":[475],"is_homepage":[],"ta_other":[],"class_list":["post-38107","post","type-post","status-publish","format-standard","has-post-thumbnail","hentry","category-accueil-merge","category-accueil-third","category-culture","tag-art","tag-beaux-arts","tag-commemoration","tag-france","tag-histoire-de-lart","tag-lecture","tag-livres","tag-paul-cezanne","tag-peintres","tag-peinture","tag-week-end","tag-weekend","news-destination-homepage","news-source-website"],"_links":{"self":[{"href":"https:\/\/euapp01.newsmemory.com\/lamarseillaise\/news\/wp-json\/wp\/v2\/posts\/38107","targetHints":{"allow":["GET"]}}],"collection":[{"href":"https:\/\/euapp01.newsmemory.com\/lamarseillaise\/news\/wp-json\/wp\/v2\/posts"}],"about":[{"href":"https:\/\/euapp01.newsmemory.com\/lamarseillaise\/news\/wp-json\/wp\/v2\/types\/post"}],"author":[{"embeddable":true,"href":"https:\/\/euapp01.newsmemory.com\/lamarseillaise\/news\/wp-json\/wp\/v2\/users\/1"}],"replies":[{"embeddable":true,"href":"https:\/\/euapp01.newsmemory.com\/lamarseillaise\/news\/wp-json\/wp\/v2\/comments?post=38107"}],"version-history":[{"count":2,"href":"https:\/\/euapp01.newsmemory.com\/lamarseillaise\/news\/wp-json\/wp\/v2\/posts\/38107\/revisions"}],"predecessor-version":[{"id":38310,"href":"https:\/\/euapp01.newsmemory.com\/lamarseillaise\/news\/wp-json\/wp\/v2\/posts\/38107\/revisions\/38310"}],"wp:featuredmedia":[{"embeddable":true,"href":"https:\/\/euapp01.newsmemory.com\/lamarseillaise\/news\/wp-json\/wp\/v2\/media\/38309"}],"wp:attachment":[{"href":"https:\/\/euapp01.newsmemory.com\/lamarseillaise\/news\/wp-json\/wp\/v2\/media?parent=38107"}],"wp:term":[{"taxonomy":"category","embeddable":true,"href":"https:\/\/euapp01.newsmemory.com\/lamarseillaise\/news\/wp-json\/wp\/v2\/categories?post=38107"},{"taxonomy":"post_tag","embeddable":true,"href":"https:\/\/euapp01.newsmemory.com\/lamarseillaise\/news\/wp-json\/wp\/v2\/tags?post=38107"},{"taxonomy":"news-destination","embeddable":true,"href":"https:\/\/euapp01.newsmemory.com\/lamarseillaise\/news\/wp-json\/wp\/v2\/news-destination?post=38107"},{"taxonomy":"news-source","embeddable":true,"href":"https:\/\/euapp01.newsmemory.com\/lamarseillaise\/news\/wp-json\/wp\/v2\/news-source?post=38107"},{"taxonomy":"is_homepage","embeddable":true,"href":"https:\/\/euapp01.newsmemory.com\/lamarseillaise\/news\/wp-json\/wp\/v2\/is_homepage?post=38107"},{"taxonomy":"ta_other","embeddable":true,"href":"https:\/\/euapp01.newsmemory.com\/lamarseillaise\/news\/wp-json\/wp\/v2\/ta_other?post=38107"}],"curies":[{"name":"wp","href":"https:\/\/api.w.org\/{rel}","templated":true}]}}