{"id":38104,"date":"2026-08-01T08:10:01","date_gmt":"2026-08-01T06:10:01","guid":{"rendered":"https:\/\/euapp01.newsmemory.com\/lamarseillaise\/news\/?p=38104"},"modified":"2026-08-07T08:06:03","modified_gmt":"2026-08-07T06:06:03","slug":"la-valse-des-departs-prend-de-lampleur-a-lom","status":"publish","type":"post","link":"https:\/\/euapp01.newsmemory.com\/lamarseillaise\/news\/2026\/08\/01\/la-valse-des-departs-prend-de-lampleur-a-lom\/","title":{"rendered":"La valse des d\u00e9parts prend de l\u2019ampleur \u00e0 l\u2019OM"},"content":{"rendered":"<div class=\"paragraph\">\n<p>Qui succ\u00e9dera \u00e0 Mason Greenwood, Bilal Nadir, Pierre-Emerick Aubameyang et Hamed Junior Traor\u00e9 dans la liste des d\u00e9parts durant ce mercato d\u2019\u00e9t\u00e9\u00a0? Avec les portes de la braderie grandes ouvertes, depuis l\u2019annonce du nouveau directeur sportif olympien Gr\u00e9gory Lorenzi, les pr\u00e9tendants sont de plus en plus nombreux \u00e0 s\u2019int\u00e9resser aux joueurs qui ont de la valeur.<\/p>\n<p>Parmi eux, Facundo Medina fait notamment l\u2019objet d\u2019un grand int\u00e9r\u00eat du Bayer Leverkusen. Le club allemand a transmis une premi\u00e8re offre de 20\u00a0millions d\u2019euros, tandis que les dirigeants marseillais r\u00e9clament au moins 25\u00a0millions d\u2019euros, auxquels pourraient s\u2019ajouter des bonus, pour laisser partir l\u2019international argentin. Le refus de cette premi\u00e8re offre pourrait pousser Leverkusen \u00e0 finalement jeter son d\u00e9volu sur le lat\u00e9ral espagnol Miguel Guti\u00e9rrez.<\/p>\n<\/p><\/div>\n<div class=\"intext\"> Rulli comme doublure<br \/>\n               <br \/>de Donnarumma \u00e0 City\n              <\/div>\n<div class=\"paragraph\">\n<p>Peu \u00e9voqu\u00e9 depuis le d\u00e9but du mercato, le poste de gardien est plus que jamais au centre des n\u00e9gociations. L\u2019Olympique de Marseille a re\u00e7u une offre de Manchester City pour Ger\u00f3nimo Rulli, mais souhaiterait d\u2019abord trouver le nom de son successeur avant de le l\u00e2cher d\u00e9finitivement.<\/p>\n<p>Parmi les candidats cibl\u00e9s figurent le portier toulousain Guillaume Restes et l\u2019international polonais Marcin Bulka. Selon <i>L\u2019\u00c9quipe<\/i>, les deux sont trop chers compte tenu des maigres finances marseillaises.<\/p>\n<p>Toujours dans les cages, Jeffrey De Lange pourrait \u00e9galement faire ses valises plus rapidement que pr\u00e9vu. Le N\u00e9erlandais de 28\u00a0ans, frustr\u00e9 d\u2019\u00eatre rest\u00e9 la doublure de Rulli, serait sur le point de faire son retour dans son pays natal sous les couleurs du FC Twente.<\/p>\n<p>Aucun accord d\u00e9finitif n\u2019a \u00e9t\u00e9 trouv\u00e9 pour le moment, mais une photo de Jeffrey De Lange publi\u00e9e sur Instagram dans un a\u00e9roport vendredi renforce l\u2019hypoth\u00e8se d\u2019un d\u00e9part imminent.<\/p>\n<p>Avec un grand nombre de joueurs sur les postes du milieu de terrain, l\u2019OM souhaiterait se s\u00e9parer d\u2019une bonne partie d\u2019entre eux. Les noms de Geoffrey Kondogbia, Pierre-Emile H\u00f8jbjerg, Amine Harit et Quinten Timber sont mis en avant. Leurs d\u00e9parts permettraient d\u2019all\u00e9ger la masse salariale. Ainsi, la direction olympienne pourra officiellement passer \u00e0 l\u2019attaque sur le mercato, en ne se faisant pas d\u2019illusion comme avec Meunier.<\/p>\n<\/p><\/div>\n","protected":false},"excerpt":{"rendered":"Qui succ&eacute;dera &agrave; Mason Greenwood, Bilal Nadir, Pierre-Emerick Aubameyang et Hamed Junior Traor&eacute; dans la liste des d&eacute;parts durant ce mercato d&rsquo;&eacute;t&eacute;&nbsp;? Avec les portes de la braderie grandes ouvertes, &#8230;","protected":false},"author":1,"featured_media":38105,"comment_status":"open","ping_status":"open","sticky":false,"template":"","format":"standard","meta":{"footnotes":""},"categories":[3926,3925,4069,7],"tags":[10,16,14],"news-destination":[3944],"news-source":[475],"is_homepage":[],"ta_other":[],"class_list":["post-38104","post","type-post","status-publish","format-standard","has-post-thumbnail","hentry","category-accueil-merge","category-accueil-third","category-sport","category-sports","tag-bouches-du-rhone","tag-marseille","tag-om","news-destination-homepage","news-source-website"],"_links":{"self":[{"href":"https:\/\/euapp01.newsmemory.com\/lamarseillaise\/news\/wp-json\/wp\/v2\/posts\/38104","targetHints":{"allow":["GET"]}}],"collection":[{"href":"https:\/\/euapp01.newsmemory.com\/lamarseillaise\/news\/wp-json\/wp\/v2\/posts"}],"about":[{"href":"https:\/\/euapp01.newsmemory.com\/lamarseillaise\/news\/wp-json\/wp\/v2\/types\/post"}],"author":[{"embeddable":true,"href":"https:\/\/euapp01.newsmemory.com\/lamarseillaise\/news\/wp-json\/wp\/v2\/users\/1"}],"replies":[{"embeddable":true,"href":"https:\/\/euapp01.newsmemory.com\/lamarseillaise\/news\/wp-json\/wp\/v2\/comments?post=38104"}],"version-history":[{"count":1,"href":"https:\/\/euapp01.newsmemory.com\/lamarseillaise\/news\/wp-json\/wp\/v2\/posts\/38104\/revisions"}],"predecessor-version":[{"id":38106,"href":"https:\/\/euapp01.newsmemory.com\/lamarseillaise\/news\/wp-json\/wp\/v2\/posts\/38104\/revisions\/38106"}],"wp:featuredmedia":[{"embeddable":true,"href":"https:\/\/euapp01.newsmemory.com\/lamarseillaise\/news\/wp-json\/wp\/v2\/media\/38105"}],"wp:attachment":[{"href":"https:\/\/euapp01.newsmemory.com\/lamarseillaise\/news\/wp-json\/wp\/v2\/media?parent=38104"}],"wp:term":[{"taxonomy":"category","embeddable":true,"href":"https:\/\/euapp01.newsmemory.com\/lamarseillaise\/news\/wp-json\/wp\/v2\/categories?post=38104"},{"taxonomy":"post_tag","embeddable":true,"href":"https:\/\/euapp01.newsmemory.com\/lamarseillaise\/news\/wp-json\/wp\/v2\/tags?post=38104"},{"taxonomy":"news-destination","embeddable":true,"href":"https:\/\/euapp01.newsmemory.com\/lamarseillaise\/news\/wp-json\/wp\/v2\/news-destination?post=38104"},{"taxonomy":"news-source","embeddable":true,"href":"https:\/\/euapp01.newsmemory.com\/lamarseillaise\/news\/wp-json\/wp\/v2\/news-source?post=38104"},{"taxonomy":"is_homepage","embeddable":true,"href":"https:\/\/euapp01.newsmemory.com\/lamarseillaise\/news\/wp-json\/wp\/v2\/is_homepage?post=38104"},{"taxonomy":"ta_other","embeddable":true,"href":"https:\/\/euapp01.newsmemory.com\/lamarseillaise\/news\/wp-json\/wp\/v2\/ta_other?post=38104"}],"curies":[{"name":"wp","href":"https:\/\/api.w.org\/{rel}","templated":true}]}}