{"id":38101,"date":"2026-08-01T08:10:00","date_gmt":"2026-08-01T06:10:00","guid":{"rendered":"https:\/\/euapp01.newsmemory.com\/lamarseillaise\/news\/?p=38101"},"modified":"2026-08-07T08:06:03","modified_gmt":"2026-08-07T06:06:03","slug":"la-vallee-de-lubaye-propose-un-challenge-dexception","status":"publish","type":"post","link":"https:\/\/euapp01.newsmemory.com\/lamarseillaise\/news\/2026\/08\/01\/la-vallee-de-lubaye-propose-un-challenge-dexception\/","title":{"rendered":"La Vall\u00e9e de l\u2019Ubaye propose un challenge d\u2019exception"},"content":{"rendered":"<div class=\"paragraph\">\n<p>Imaginez-vous combiner effort physique et d\u00e9couverte patrimoniale. C\u2019est ce que vont pouvoir faire, samedi, les participants de la premi\u00e8re \u00e9dition du Trail de l\u2019Ubaye. Organis\u00e9 par Wadeck Gorak, en partenariat avec la communaut\u00e9 de communes Vall\u00e9e de l\u2019Ubaye Serre-Pon\u00e7on, avec le soutien d\u2019Ubaye Tourisme, ce nouveau rendez-vous in\u00e9dit combine d\u00e9passement sportif et travers\u00e9e du patrimoine militaire de la vall\u00e9e.<\/p>\n<p>Pr\u00e8s de 200 coureurs sont attendus pour cet opus inaugural prometteur, qui s\u2019inscrit pleinement dans les tendances actuelles et devrait rapidement s\u2019imposer dans le calendrier sportif des Alpes du Sud. Loin des parcours st\u00e9r\u00e9otyp\u00e9s, l\u2019\u00e9preuve mise sur la d\u00e9couverte de paysages surprenants, avec des passages in\u00e9dits dans les couloirs et sur les pentes des ouvrages militaires Maginot de Saint-Ours et de Roche-la-Croix, ainsi que de la forteresse de Tournoux. Des trac\u00e9s soigneusement rep\u00e9r\u00e9s pour garantir la s\u00e9curit\u00e9 de tous. Ils empruntent principalement les circuits de visites guid\u00e9es.<\/p>\n<\/p><\/div>\n<div class=\"intext\"> Relancer la dynamique\n              <\/div>\n<div class=\"paragraph\">\n<p>\u00ab\u00a0<i>L\u2019Ubaye est un formidable terrain d\u2019expression pour la discipline qui conna\u00eet aujourd\u2019hui une demande fortement sup\u00e9rieure \u00e0 l\u2019offre<\/i><i>\u00a0<\/i>\u00bb, indique Mathilde Psaume. \u00ab\u00a0<i>Le trail de l\u2019Ubaye \u00e0 la d\u00e9couverte des forts r\u00e9pond \u00e0 cette probl\u00e9matique en proposant un tout nouveau terrain de jeu avec des parcours insolites, qui permettent aussi de retrouver les basiques de l\u2019activit\u00e9. <\/i><i><span class=\"mln_uppercase_mln\">\u00e0<\/span><\/i><i> savoir l\u2019aventure, l\u2019exploration et la course \u00e0 pied sans file d\u2019attente sur les sentiers<\/i><i>\u00a0<\/i>\u00bb, d\u00e9taille la responsable du service \u00e9v\u00e9nement d\u2019Ubaye tourisme.<\/p>\n<p>Depuis l\u2019arr\u00eat, en 2021, de l\u2019embl\u00e9matique Ubaye Trail Salomon, la vall\u00e9e n\u2019a jamais perdu sa passion pour la course en montagne.<\/p>\n<p>\u00ab\u00a0<i>Ce nouvel \u00e9v\u00e9nement ambitionne d\u2019unir les forces et expertises locales pour remettre le trail au centre des activit\u00e9s sportives du territoire et cr\u00e9er une r\u00e9f\u00e9rence p\u00e9renne. Si pour ce premier volet environ 200 participants sont attendus<\/i>\u00a0\u00bb, explique Wadeck Gorak. L\u2019objectif est clair pour l\u2019organisateur\u00a0: atteindre, d\u2019ici un \u00e0 deux ans, le millier de coureurs.<\/p>\n<p>Trois niveaux sont propos\u00e9s, avec des th\u00e9matiques sp\u00e9cifiques. Le trail de la forteresse, sur 10\u00a0km, permettant une premi\u00e8re approche du territoire. Le trail de la bataille, sur 18\u00a0km, avec un passage dans le fort de Tournoux, destin\u00e9 \u00e0 des trailers un peu plus aguerris. Enfin, celui des forts et ses 49\u00a0km, qui permettront de s\u2019\u00e9lancer \u00e0 l\u2019assaut des trois citadelles embl\u00e9matiques de l\u2019Ubaye, \u00e0 savoir Tournoux, Roche-la-Croix et Saint-Ours.<\/p>\n<p>Les organisateurs ont aussi pens\u00e9 aux accompagnateurs. Un village d\u2019arriv\u00e9e, avec des animations, sera am\u00e9nag\u00e9 sur l\u2019esplanade Pellegrin, \u00e0 La\u00a0Condamine-Ch\u00e2telard, de 10h \u00e0 17h.<\/p>\n<\/p><\/div>\n","protected":false},"excerpt":{"rendered":"Imaginez-vous combiner effort physique et d&eacute;couverte patrimoniale. C&rsquo;est ce que vont pouvoir faire, samedi, les participants de la premi&egrave;re &eacute;dition du Trail de l&rsquo;Ubaye. Organis&eacute; par Wadeck Gorak, en &#8230;","protected":false},"author":1,"featured_media":38102,"comment_status":"open","ping_status":"open","sticky":false,"template":"","format":"standard","meta":{"footnotes":""},"categories":[3926,3925,7],"tags":[4467,4701],"news-destination":[3944],"news-source":[475],"is_homepage":[],"ta_other":[],"class_list":["post-38101","post","type-post","status-publish","format-standard","has-post-thumbnail","hentry","category-accueil-merge","category-accueil-third","category-sports","tag-alpes-de-haute-provence","tag-trail","news-destination-homepage","news-source-website"],"_links":{"self":[{"href":"https:\/\/euapp01.newsmemory.com\/lamarseillaise\/news\/wp-json\/wp\/v2\/posts\/38101","targetHints":{"allow":["GET"]}}],"collection":[{"href":"https:\/\/euapp01.newsmemory.com\/lamarseillaise\/news\/wp-json\/wp\/v2\/posts"}],"about":[{"href":"https:\/\/euapp01.newsmemory.com\/lamarseillaise\/news\/wp-json\/wp\/v2\/types\/post"}],"author":[{"embeddable":true,"href":"https:\/\/euapp01.newsmemory.com\/lamarseillaise\/news\/wp-json\/wp\/v2\/users\/1"}],"replies":[{"embeddable":true,"href":"https:\/\/euapp01.newsmemory.com\/lamarseillaise\/news\/wp-json\/wp\/v2\/comments?post=38101"}],"version-history":[{"count":1,"href":"https:\/\/euapp01.newsmemory.com\/lamarseillaise\/news\/wp-json\/wp\/v2\/posts\/38101\/revisions"}],"predecessor-version":[{"id":38103,"href":"https:\/\/euapp01.newsmemory.com\/lamarseillaise\/news\/wp-json\/wp\/v2\/posts\/38101\/revisions\/38103"}],"wp:featuredmedia":[{"embeddable":true,"href":"https:\/\/euapp01.newsmemory.com\/lamarseillaise\/news\/wp-json\/wp\/v2\/media\/38102"}],"wp:attachment":[{"href":"https:\/\/euapp01.newsmemory.com\/lamarseillaise\/news\/wp-json\/wp\/v2\/media?parent=38101"}],"wp:term":[{"taxonomy":"category","embeddable":true,"href":"https:\/\/euapp01.newsmemory.com\/lamarseillaise\/news\/wp-json\/wp\/v2\/categories?post=38101"},{"taxonomy":"post_tag","embeddable":true,"href":"https:\/\/euapp01.newsmemory.com\/lamarseillaise\/news\/wp-json\/wp\/v2\/tags?post=38101"},{"taxonomy":"news-destination","embeddable":true,"href":"https:\/\/euapp01.newsmemory.com\/lamarseillaise\/news\/wp-json\/wp\/v2\/news-destination?post=38101"},{"taxonomy":"news-source","embeddable":true,"href":"https:\/\/euapp01.newsmemory.com\/lamarseillaise\/news\/wp-json\/wp\/v2\/news-source?post=38101"},{"taxonomy":"is_homepage","embeddable":true,"href":"https:\/\/euapp01.newsmemory.com\/lamarseillaise\/news\/wp-json\/wp\/v2\/is_homepage?post=38101"},{"taxonomy":"ta_other","embeddable":true,"href":"https:\/\/euapp01.newsmemory.com\/lamarseillaise\/news\/wp-json\/wp\/v2\/ta_other?post=38101"}],"curies":[{"name":"wp","href":"https:\/\/api.w.org\/{rel}","templated":true}]}}