{"id":38098,"date":"2026-08-01T07:36:00","date_gmt":"2026-08-01T05:36:00","guid":{"rendered":"https:\/\/euapp01.newsmemory.com\/lamarseillaise\/news\/?p=38098"},"modified":"2026-08-01T10:13:16","modified_gmt":"2026-08-01T08:13:16","slug":"memoire-de-nos-aines","status":"publish","type":"post","link":"https:\/\/euapp01.newsmemory.com\/lamarseillaise\/news\/2026\/08\/01\/memoire-de-nos-aines\/","title":{"rendered":"M\u00e9moire de nos a\u00een\u00e9s"},"content":{"rendered":"<div class=\"paragraph\">\n<p>Le Camp des Milles, dans les Bouches-du-Rh\u00f4ne, un des derniers sites d\u2019internement et de d\u00e9portation fran\u00e7ais (avec le camp de Rivesaltes dans les Pyr\u00e9n\u00e9es-Orientales), sera-t-il inscrit, dans quelques ann\u00e9es, au patrimoine mondial de l\u2019humanit\u00e9\u00a0?<br \/>Il faut le souhaiter et s\u2019engager dans cette d\u00e9marche d\u2019utilit\u00e9 publique aux c\u00f4t\u00e9s de la Fondation du Camp<br \/>des Milles.<\/p>\n<p>Un signe tr\u00e8s r\u00e9cent est de bon augure\u00a0: le 26\u00a0ao\u00fbt, l\u2019organisation des Nations unies pour l\u2019\u00e9ducation, la science et la culture (l\u2019Unesco)<br \/>a class\u00e9 les plages du D\u00e9barquement en Normandie, du 6\u00a0juin 1944, au patrimoine mondial de l\u2019humanit\u00e9.<\/p>\n<p><b>Plus qu\u2019un label, une d\u00e9marche<\/b><\/p>\n<p>Pour l\u2019Unesco, ces plages (Utah, Omaha, Gold, Juno et Sword, mais aussi la Pointe du Hoc, la batterie d\u2019artillerie allemande de Longues-sur-Mer, et le port artificiel d\u2019Arromanches-les-Bains, dit Port Mulberry) \u00ab\u00a0<i>sont directement et mat\u00e9riellement associ\u00e9es au d\u00e9barquement (&#8230;) qui a jou\u00e9 un r\u00f4le d\u00e9cisif dans la lib\u00e9ration de l\u2019Europe occidentale de l\u2019occupation nazie<\/i>\u00a0\u00bb. Cet ensemble de sites \u00ab\u00a0<i>comm\u00e9more symboliquement l\u2019immense sacrifice humain qui a \u00e9t\u00e9 fait pour renverser une occupation autoritaire bien ancr\u00e9e en Europe<\/i>\u00a0\u00bb<i>,<\/i> insiste l\u2019organisation de l\u2019ONU.<\/p>\n<p>Le classement au sein de ce Panth\u00e9on mondial de l\u2019humanit\u00e9 n\u2019est pas un label. C\u2019est une d\u00e9marche qui oblige \u00e0 d\u00e9plier l\u2019histoire des lieux et de la mettre \u00e0 port\u00e9e des citoyens pour comprendre le pass\u00e9 et \u00e9clairer notre pr\u00e9sent. Qu\u2019ils soient tr\u00e8s anciens ou plus contemporains, les sites culturels, naturels et historiques sont en danger. \u0152uvrer pour leur protection, c\u2019est entretenir la m\u00e9moire de nos a\u00een\u00e9s.<\/p>\n<\/p><\/div>\n","protected":false},"excerpt":{"rendered":"Le Camp des Milles, dans les Bouches-du-Rh&ocirc;ne, un des derniers sites d&rsquo;internement et de d&eacute;portation fran&ccedil;ais (avec le camp de Rivesaltes dans les Pyr&eacute;n&eacute;es-Orientales), sera-t-il inscrit, dans quelques &#8230;","protected":false},"author":1,"featured_media":38099,"comment_status":"open","ping_status":"open","sticky":false,"template":"","format":"standard","meta":{"footnotes":""},"categories":[332],"tags":[2095,6014,572,1647,120,97,156,3808],"news-destination":[],"news-source":[475],"is_homepage":[],"ta_other":[],"class_list":["post-38098","post","type-post","status-publish","format-standard","has-post-thumbnail","hentry","category-edito","tag-camp-des-milles","tag-debarquement","tag-france","tag-liberation","tag-onu","tag-patrimoine","tag-patrimoine-culturel","tag-unesco","news-source-website"],"_links":{"self":[{"href":"https:\/\/euapp01.newsmemory.com\/lamarseillaise\/news\/wp-json\/wp\/v2\/posts\/38098","targetHints":{"allow":["GET"]}}],"collection":[{"href":"https:\/\/euapp01.newsmemory.com\/lamarseillaise\/news\/wp-json\/wp\/v2\/posts"}],"about":[{"href":"https:\/\/euapp01.newsmemory.com\/lamarseillaise\/news\/wp-json\/wp\/v2\/types\/post"}],"author":[{"embeddable":true,"href":"https:\/\/euapp01.newsmemory.com\/lamarseillaise\/news\/wp-json\/wp\/v2\/users\/1"}],"replies":[{"embeddable":true,"href":"https:\/\/euapp01.newsmemory.com\/lamarseillaise\/news\/wp-json\/wp\/v2\/comments?post=38098"}],"version-history":[{"count":1,"href":"https:\/\/euapp01.newsmemory.com\/lamarseillaise\/news\/wp-json\/wp\/v2\/posts\/38098\/revisions"}],"predecessor-version":[{"id":38100,"href":"https:\/\/euapp01.newsmemory.com\/lamarseillaise\/news\/wp-json\/wp\/v2\/posts\/38098\/revisions\/38100"}],"wp:featuredmedia":[{"embeddable":true,"href":"https:\/\/euapp01.newsmemory.com\/lamarseillaise\/news\/wp-json\/wp\/v2\/media\/38099"}],"wp:attachment":[{"href":"https:\/\/euapp01.newsmemory.com\/lamarseillaise\/news\/wp-json\/wp\/v2\/media?parent=38098"}],"wp:term":[{"taxonomy":"category","embeddable":true,"href":"https:\/\/euapp01.newsmemory.com\/lamarseillaise\/news\/wp-json\/wp\/v2\/categories?post=38098"},{"taxonomy":"post_tag","embeddable":true,"href":"https:\/\/euapp01.newsmemory.com\/lamarseillaise\/news\/wp-json\/wp\/v2\/tags?post=38098"},{"taxonomy":"news-destination","embeddable":true,"href":"https:\/\/euapp01.newsmemory.com\/lamarseillaise\/news\/wp-json\/wp\/v2\/news-destination?post=38098"},{"taxonomy":"news-source","embeddable":true,"href":"https:\/\/euapp01.newsmemory.com\/lamarseillaise\/news\/wp-json\/wp\/v2\/news-source?post=38098"},{"taxonomy":"is_homepage","embeddable":true,"href":"https:\/\/euapp01.newsmemory.com\/lamarseillaise\/news\/wp-json\/wp\/v2\/is_homepage?post=38098"},{"taxonomy":"ta_other","embeddable":true,"href":"https:\/\/euapp01.newsmemory.com\/lamarseillaise\/news\/wp-json\/wp\/v2\/ta_other?post=38098"}],"curies":[{"name":"wp","href":"https:\/\/api.w.org\/{rel}","templated":true}]}}