{"id":38095,"date":"2026-08-03T09:50:00","date_gmt":"2026-08-03T07:50:00","guid":{"rendered":"https:\/\/euapp01.newsmemory.com\/lamarseillaise\/news\/?p=38095"},"modified":"2026-08-03T10:30:40","modified_gmt":"2026-08-03T08:30:40","slug":"les-forteresses-du-languedoc-inscrites-a-lunesco","status":"publish","type":"post","link":"https:\/\/euapp01.newsmemory.com\/lamarseillaise\/news\/2026\/08\/03\/les-forteresses-du-languedoc-inscrites-a-lunesco\/","title":{"rendered":"Les forteresses du Languedoc inscrites \u00e0 l\u2019Unesco"},"content":{"rendered":"<div class=\"paragraph\">\n<p>C\u2019est la reconnaissance de plus d\u2019une d\u00e9cennie de pr\u00e9paration et de travaux historiques men\u00e9s par l\u2019association Mission patrimoine Mondial compos\u00e9e notamment des D\u00e9partements de l\u2019Aude et de l\u2019Ari\u00e8ge. \u00ab\u00a0Le syst\u00e8me de forteresses de la s\u00e9n\u00e9chauss\u00e9e de Carcassonne (XIII<sup>e<\/sup>-XIV<sup>e<\/sup>\u00a0si\u00e8cles)\u00a0\u00bb a \u00e9t\u00e9 class\u00e9, dimanche 26\u00a0ao\u00fbt au patrimoine mondial de l\u2019Unesco. La proclamation a \u00e9t\u00e9 faite de Busan (Cor\u00e9e du Sud) o\u00f9 le comit\u00e9 de l\u2019Unesco \u00e9tait r\u00e9uni en session. Derri\u00e8re l\u2019intitul\u00e9 un peu \u00e2pre le \u00ab\u00a0bien culturel\u00a0\u00bb d\u00e9sormais class\u00e9 est constitu\u00e9 des remparts et du ch\u00e2teau de Carcassonne et d\u2019une s\u00e9lection de sept ch\u00e2teaux \u00e9tablis dans sa p\u00e9riph\u00e9rie. Cette s\u00e9rie de fortifications, contemporaines les unes des autres, t\u00e9moigne de la conqu\u00eate du Languedoc par le roi de France et ses vassaux, dans la premi\u00e8re moiti\u00e9 du XIII<sup>e<\/sup>\u00a0si\u00e8cle, et de son objectif\u00a0: le contr\u00f4le d\u2019un vaste ensemble territorial par l\u2019affirmation du pouvoir royal. Au sein d\u2019un ensemble de ch\u00e2teaux qui r\u00e9pondaient aux m\u00eames objectifs politiques et militaires et avaient les m\u00eames caract\u00e9ristiques architecturales, la s\u00e9rie s\u00e9lectionn\u00e9e pr\u00e9sente les sites les mieux conserv\u00e9s et les plus authentiques. Elle refl\u00e8te une homog\u00e9n\u00e9it\u00e9 th\u00e9matique et une coh\u00e9rence historique, \u00e0 l\u2019\u00e9chelle d\u2019un large territoire.<\/p>\n<p>Chaque \u00e9l\u00e9ment constitutif est porteur d\u2019une partie sp\u00e9cifique de la valeur universelle exceptionnelle du bien. Les caract\u00e9ristiques majeures de cet ensemble militaire, politique et symbolique du XIII<sup>e<\/sup>\u00a0et du d\u00e9but du XIV<sup>e<\/sup>\u00a0si\u00e8cles sont les suivantes\u00a0: une approche territoriale d\u2019ensemble du syst\u00e8me d\u00e9fensif qui fut mis en place par le roi de France, \u00e0 l\u2019issue de la Croisade contre les Albigeois (1209-1229), et dont Carcassonne \u00e9tait le centre militaire, politique et administratif aux XIII<sup>e<\/sup> et XIV<sup>e<\/sup>\u00a0si\u00e8cles\u00a0; un t\u00e9moignage unique, par son homog\u00e9n\u00e9it\u00e9 architecturale de ce que pouvait \u00eatre un r\u00e9seau fortifi\u00e9 cap\u00e9tien aux XIII<sup>e<\/sup> et XIV<sup>e<\/sup>\u00a0si\u00e8cles\u00a0; un exemple remarquable d\u2019importation et d\u2019adaptation des principes de la fortification cap\u00e9tienne \u00e0 des sites escarp\u00e9s\u00a0; une situation paysag\u00e8re exceptionnelle.<\/p>\n<\/p><\/div>\n<div class=\"intext\"> Un \u00ab\u00a0levier\u00a0\u00bb<br \/>\n               <br \/>de d\u00e9veloppement\n              <\/div>\n<div class=\"paragraph\">\n<p>La pr\u00e9sidente du D\u00e9partement de l\u2019Aude, H\u00e9l\u00e8ne Sandragn\u00e9, a salu\u00e9 le classement des Forteresses royales du Languedoc \u00e0 l\u2019Unesco, le qualifiant de \u00ab\u00a0<i>levier<\/i><i>\u00a0<\/i>\u00bb<i> <\/i>pour le d\u00e9veloppement touristique et \u00e9conomique. \u00ab\u00a0<i>Il va accro\u00eetre notre attractivit\u00e9 et l\u2019Aude en a besoin<\/i><i>\u00a0<\/i>\u00bb, a-t-elle d\u00e9clar\u00e9.<\/p>\n<p>Souvent perch\u00e9es en haut de pitons rocheux escarp\u00e9s, les huit forteresses, celles de Monts\u00e9gur en Ari\u00e8ge et celles de Peyrepertuse, Qu\u00e9ribus, d\u2019Aguilar, de Lastours, de Peyrepertuse, de Puilaurens, de Termes et de Carcassonne dans l\u2019Aude, ont \u00e9t\u00e9 \u00e9difi\u00e9es \u00e0 l\u2019issue de la croisade contre les Albigeois (1209-1229), lorsqu\u2019une partie du Languedoc tombe dans le domaine royal. Certains de ces sites avaient servi auparavant de refuge aux Cathares accus\u00e9s d\u2019h\u00e9r\u00e9sie.<\/p>\n<p>Avec ces forteresses, le roi de France voulait garder un \u0153il sur la population locale encore consid\u00e9r\u00e9e comme dissidente et surveiller le royaume d\u2019Aragon, situ\u00e9 \u00e0 quelques dizaines de kilom\u00e8tres \u00e0 peine de Qu\u00e9ribus ou Peyrepertuse.<\/p>\n<p>Les forteresses \u00e9taient administr\u00e9es par un s\u00e9n\u00e9chal install\u00e9 dans la Cit\u00e9 de Carcassonne, elle aussi reconstruite \u00e0 la m\u00eame \u00e9poque et d\u00e9j\u00e0 inscrite au patrimoine mondial de l\u2019humanit\u00e9 en 1997. Consid\u00e9r\u00e9s comme un \u00ab\u00a0<i>\u00e9l\u00e9ment central du syst\u00e8me d\u00e9fensif<\/i><i>\u00a0<\/i>\u00bb, son ch\u00e2teau et ses remparts font aussi partie de ces huit monuments d\u00e9sormais sur la liste de l\u2019Unesco. \u00ab\u00a0<i>Ces forteresses t\u00e9moignent de l\u2019adaptation exceptionnelle de l\u2019architecture militaire aux contraintes topographiques et de l\u2019\u00e9mergence de nouvelles formes d\u2019organisation du territoire par la monarchie fran\u00e7aise<\/i><i>\u00a0<\/i>\u00bb, a estim\u00e9 l\u2019Unesco.<\/p>\n<p>\u00ab\u00a0<i>Ironie de l\u2019histoire, ces forteresses qui hier ont bris\u00e9 la fougue rebelle du peuple languedocien lui donneront demain un nouvel \u00e9lan<\/i><i>\u00a0<\/i>\u00bb, a encore d\u00e9clar\u00e9 H\u00e9l\u00e8ne Sandragn\u00e9 qui voit dans cette distinction un atout pour la \u00ab\u00a0<i>pr\u00e9servation et la restauration<\/i><i>\u00a0<\/i>\u00bb<i> <\/i>de ces citadelles.<\/p>\n<p>Pour Fabrice Chambon, guide-conf\u00e9rencier au ch\u00e2teau de Monts\u00e9gur, o\u00f9 plus de 200\u00a0\u00ab\u00a0h\u00e9r\u00e9tiques\u00a0\u00bb ont \u00e9t\u00e9 br\u00fbl\u00e9s en 1244 avant la construction de la forteresse qu\u2019on visite aujourd\u2019hui, l\u2019effacement du mot \u00ab\u00a0<i>cathare<\/i><i>\u00a0<\/i>\u00bb a \u00ab\u00a0<i>\u00e9mu pas mal de personnes<\/i><i>\u00a0<\/i>\u00bb. Une p\u00e9tition d\u2019opposants \u00e0 ce changement de d\u00e9nomination a \u00e9t\u00e9 sign\u00e9e par pr\u00e8s de 9\u00a0400\u00a0personnes.<\/p>\n<p>Mais la pol\u00e9mique ne peut masquer l\u2019immense atout que repr\u00e9sente ce classement au patrimoine mondial de l\u2019Unesco d\u2019un ensemble unique. \u00ab\u00a0<i>L\u2019Association mission patrimoine mondial est au c\u0153ur du dispositif de gestion. Compos\u00e9e de l\u2019ensemble des collectivit\u00e9s propri\u00e9taires et autres gestionnaires territoriaux elle coordonne et anime le pr\u00e9sent syst\u00e8me de gouvernance, mobilisant instances et partenaires, et constitue l\u2019interface de gestion principale du bien en s\u00e9rie<\/i><i>\u00a0<\/i>\u00bb, pr\u00e9cise le dossier soumis \u00e0 l\u2019Unesco. L\u2019organisme de l\u2019ONU a \u00e9t\u00e9 convaincu.<\/p>\n<\/p><\/div>\n","protected":false},"excerpt":{"rendered":"C&rsquo;est la reconnaissance de plus d&rsquo;une d&eacute;cennie de pr&eacute;paration et de travaux historiques men&eacute;s par l&rsquo;association Mission patrimoine Mondial compos&eacute;e notamment des D&eacute;partements de l&rsquo;Aude et de &#8230;","protected":false},"author":1,"featured_media":38096,"comment_status":"open","ping_status":"open","sticky":false,"template":"","format":"standard","meta":{"footnotes":""},"categories":[3926,3925,32],"tags":[1346,1450,280,284,97,3808],"news-destination":[3944],"news-source":[475],"is_homepage":[],"ta_other":[],"class_list":["post-38095","post","type-post","status-publish","format-standard","has-post-thumbnail","hentry","category-accueil-merge","category-accueil-third","category-culture","tag-architecture","tag-aude","tag-histoire","tag-occitanie","tag-patrimoine","tag-unesco","news-destination-homepage","news-source-website"],"_links":{"self":[{"href":"https:\/\/euapp01.newsmemory.com\/lamarseillaise\/news\/wp-json\/wp\/v2\/posts\/38095","targetHints":{"allow":["GET"]}}],"collection":[{"href":"https:\/\/euapp01.newsmemory.com\/lamarseillaise\/news\/wp-json\/wp\/v2\/posts"}],"about":[{"href":"https:\/\/euapp01.newsmemory.com\/lamarseillaise\/news\/wp-json\/wp\/v2\/types\/post"}],"author":[{"embeddable":true,"href":"https:\/\/euapp01.newsmemory.com\/lamarseillaise\/news\/wp-json\/wp\/v2\/users\/1"}],"replies":[{"embeddable":true,"href":"https:\/\/euapp01.newsmemory.com\/lamarseillaise\/news\/wp-json\/wp\/v2\/comments?post=38095"}],"version-history":[{"count":1,"href":"https:\/\/euapp01.newsmemory.com\/lamarseillaise\/news\/wp-json\/wp\/v2\/posts\/38095\/revisions"}],"predecessor-version":[{"id":38097,"href":"https:\/\/euapp01.newsmemory.com\/lamarseillaise\/news\/wp-json\/wp\/v2\/posts\/38095\/revisions\/38097"}],"wp:featuredmedia":[{"embeddable":true,"href":"https:\/\/euapp01.newsmemory.com\/lamarseillaise\/news\/wp-json\/wp\/v2\/media\/38096"}],"wp:attachment":[{"href":"https:\/\/euapp01.newsmemory.com\/lamarseillaise\/news\/wp-json\/wp\/v2\/media?parent=38095"}],"wp:term":[{"taxonomy":"category","embeddable":true,"href":"https:\/\/euapp01.newsmemory.com\/lamarseillaise\/news\/wp-json\/wp\/v2\/categories?post=38095"},{"taxonomy":"post_tag","embeddable":true,"href":"https:\/\/euapp01.newsmemory.com\/lamarseillaise\/news\/wp-json\/wp\/v2\/tags?post=38095"},{"taxonomy":"news-destination","embeddable":true,"href":"https:\/\/euapp01.newsmemory.com\/lamarseillaise\/news\/wp-json\/wp\/v2\/news-destination?post=38095"},{"taxonomy":"news-source","embeddable":true,"href":"https:\/\/euapp01.newsmemory.com\/lamarseillaise\/news\/wp-json\/wp\/v2\/news-source?post=38095"},{"taxonomy":"is_homepage","embeddable":true,"href":"https:\/\/euapp01.newsmemory.com\/lamarseillaise\/news\/wp-json\/wp\/v2\/is_homepage?post=38095"},{"taxonomy":"ta_other","embeddable":true,"href":"https:\/\/euapp01.newsmemory.com\/lamarseillaise\/news\/wp-json\/wp\/v2\/ta_other?post=38095"}],"curies":[{"name":"wp","href":"https:\/\/api.w.org\/{rel}","templated":true}]}}