{"id":38092,"date":"2026-08-01T07:37:00","date_gmt":"2026-08-01T05:37:00","guid":{"rendered":"https:\/\/euapp01.newsmemory.com\/lamarseillaise\/news\/?p=38092"},"modified":"2026-08-06T10:20:30","modified_gmt":"2026-08-06T08:20:30","slug":"le-sesame-de-la-reconnaissance-par-lunesco","status":"publish","type":"post","link":"https:\/\/euapp01.newsmemory.com\/lamarseillaise\/news\/2026\/08\/01\/le-sesame-de-la-reconnaissance-par-lunesco\/","title":{"rendered":"Le s\u00e9same de la reconnaissance par l\u2019Unesco"},"content":{"rendered":"<div class=\"paragraph\">\n<p>J<i>usqu\u2019en 1692, il n\u2019y avait rien ici. C\u2019\u00e9tait un plateau aride qu\u2019on appelait plateau des Mille vents<\/i>\u00a0\u00bb, explique Isabelle Fouilloy-Julien, administratrice du Fort de Mont-Dauphin depuis 2017. La forteresse, qui abrite \u00e9galement un village, a \u00e9t\u00e9 \u00e9rig\u00e9e en 1693, comme fortification d\u00e9fensive \u00e0 une \u00e9poque o\u00f9 \u00ab\u00a0<i>Louis<\/i><i>\u00a0<\/i><i>XIV \u00e9tait alors en guerre contre \u00e0 peu pr\u00e8s toute l\u2019Europe<\/i>\u00a0\u00bb<i>, <\/i>r\u00e9sume Isabelle Fouilloy-Julien. Le roi affronte notamment le Duc de Savoie qui, durant l\u2019\u00e9t\u00e9 1692, remonte depuis la vall\u00e9e de l\u2019Ubaye, pille Guillestre, Embrun et Gap, avant de reculer avec l\u2019arriv\u00e9e de l\u2019hiver. Le site tr\u00f4ne sur un promontoire rocheux, \u00e0 1\u00a0050\u00a0m d\u2019altitude, au croisement des vall\u00e9es du Guil et de la Durance. Il offre une vue spectaculaire \u00e0 360\u00b0 sur le cirque montagneux form\u00e9 par les sommets des \u00c9crins et du Queyras.<\/p>\n<p>Venu la m\u00eame ann\u00e9e pour inspecter et renforcer les d\u00e9fenses du secteur afin d\u2019\u00e9viter de nouvelles incursions, Vauban d\u00e9couvre l\u2019emplacement. \u00ab\u00a0<i>Et il se dit<\/i><i>\u00a0<\/i><i>: c\u2019est la meilleure place du monde<\/i><i>\u00a0<\/i>\u00bb, raconte Isabelle Fouilloy-Julien. Le projet d\u2019\u00e9tablir un fort convainc le roi et le premier coup de pioche est donn\u00e9 d\u00e8s mars\u00a01693. Vauban, ing\u00e9nieur et architecte militaire, ne se contente pas d\u2019\u00e9riger une citadelle\u00a0: il d\u00e9cide \u00e9galement d\u2019y int\u00e9grer un village, qui compte aujourd\u2019hui 154\u00a0habitants. \u00ab\u00a0<i>Il veut concevoir une place forte m\u00ealant civils et militaires, en se disant &#8220;On est loin de tout, dans une r\u00e9gion rude, les militaires vont s\u2019ennuyer et d\u00e9serter&#8221;. Il con\u00e7oit donc un \u00eelot de village au centre.<\/i>\u00a0\u00bb<\/p>\n<p>Les militaires y installent leurs familles ou \u00e9pousent des jeunes femmes du pays. Malgr\u00e9 tout, il reste difficile de convaincre des habitants de venir s\u2019y \u00e9tablir. \u00ab\u00a0<i>Les premiers \u00e0 s\u2019installer sont des marchands et des artisans qui souhaitent faire commerce avec l\u2019arm\u00e9e. On leur donne un terrain et on les exempte un temps d\u2019imp\u00f4ts<\/i>\u00a0\u00bb<i>, <\/i>retrace Isabelle Fouilloy-Julien, elle-m\u00eame descendante d\u2019une de ces familles venues s\u2019installer.<\/p>\n<p>Le fort perd son int\u00e9r\u00eat militaire avec le temps et rejoint le r\u00e9seau des monuments nationaux en 1966, avant d\u2019\u00eatre transf\u00e9r\u00e9 au minist\u00e8re de la Culture en 1980. Plusieurs villes poss\u00e9dant des fortifications de Vauban se regroupent alors au sein du<i> <\/i>\u00ab\u00a0<i>R\u00e9seau des sites majeurs de Vauban<\/i>\u00a0\u00bb, cr\u00e9\u00e9 en 2005 pour porter une candidature commune \u00e0 l\u2019Unesco<i>. <\/i>\u00ab\u00a0<i>On voulait que le dossier soit d\u00e9pos\u00e9 en 2007 parce que c\u2019\u00e9tait l\u2019ann\u00e9e anniversaire de la mort de Vauban, d\u00e9c\u00e9d\u00e9 en 1707<\/i>, se rappelle Isabelle. <i>On nous a dit &#8220;Vous \u00eates fous, un dossier, \u00e7a prend dix ans<\/i><i>\u00a0<\/i><i>!&#8221; On l\u2019a fait et en 2008, on a \u00e9t\u00e9 inscrits.<\/i>\u00a0\u00bb<i><\/i><\/p>\n<p><i><\/i><\/p>\n<\/p><\/div>\n<div class=\"intext\"> Une \u00e9tape, mais pas une fin\n              <\/div>\n<div class=\"paragraph\">\n<p>Aujourd\u2019hui, les fortifications de Vauban constituent un bien inscrit en s\u00e9rie au patrimoine mondial. Mont-Dauphin et Brian\u00e7on, dans les Hautes-Alpes, figurent aux c\u00f4t\u00e9s de dix autres sites majeurs comme des citadelles d\u2019Arras et de Neuf-Brisach, en Alsace.<b><\/b><\/p>\n<p>Selon Isabelle Fouilloy-Julien, cette inscription a renforc\u00e9 la visibilit\u00e9 de Mont-Dauphin. Le site accueille en moyenne 120\u00a0000\u00a0visiteurs par an. Elle a aussi favoris\u00e9 le travail en r\u00e9seau entre les diff\u00e9rents sites Vauban, permettant la cr\u00e9ation d\u2019expositions communes ou itin\u00e9rantes.<\/p>\n<p>Pour autant, alors que les forteresses royales du Languedoc viennent \u00e0 leur tour d\u2019\u00eatre inscrites au patrimoine mondial, l\u2019administratrice souligne que cette reconnaissance ne garantit pas automatiquement des retomb\u00e9es positives\u00a0: \u00ab\u00a0<i>Je ne sais pas comment \u00e7a se passera pour le Languedoc, mais ici, on a la chance d\u2019avoir un patrimoine unique, deux sites Unesco et on ne s\u2019en empare pas<\/i><i>\u00a0<\/i><i>! La preuve, les premiers panneaux &#8220;<\/i><i>Unesco<\/i><i>&#8220;, sont au pied du fort, pas 50<\/i><i>\u00a0<\/i><i>km \u00e0 la ronde<\/i><i>\u00a0<\/i><i>! On ne voit pas le patrimoine comme un levier \u00e9conomique \u00e0 l\u2019ann\u00e9e.<\/i>\u00a0\u00bb Malgr\u00e9 cette cons\u00e9cration internationale, Isabelle Fouilloy-Julien estime que le patrimoine reste insuffisamment valoris\u00e9\u00a0:<i> <\/i>\u00ab\u00a0<i>Des \u00e9tudes socio-\u00e9conomiques d\u00e9montrent qu\u2019un euro d\u00e9pens\u00e9 dans le patrimoine, c\u2019est 19<\/i><i>\u00a0<\/i><i>euros de retomb\u00e9es. On est ouvert toute l\u2019ann\u00e9e, le ski, c\u2019est quatre mois par an<\/i><i>\u00a0<\/i><i>! J\u2019aimerais qu\u2019on comprenne qu\u2019on est compl\u00e9mentaires et pas concurrents<\/i>\u00a0\u00bb.<i><\/i><\/p>\n<\/p><\/div>\n","protected":false},"excerpt":{"rendered":"Jusqu&rsquo;en 1692, il n&rsquo;y avait rien ici. C&rsquo;&eacute;tait un plateau aride qu&rsquo;on appelait plateau des Mille vents&nbsp;&raquo;, explique Isabelle Fouilloy-Julien, administratrice du Fort de Mont-Dauphin depuis 2017. La forteresse, &#8230;","protected":false},"author":1,"featured_media":38093,"comment_status":"open","ping_status":"open","sticky":false,"template":"","format":"standard","meta":{"footnotes":""},"categories":[3926,3925,20],"tags":[4768,4468,280,6069,97,3808,6133],"news-destination":[3944],"news-source":[475],"is_homepage":[],"ta_other":[],"class_list":["post-38092","post","type-post","status-publish","format-standard","has-post-thumbnail","hentry","category-accueil-merge","category-accueil-third","category-societe","tag-alpes","tag-hautes-alpes","tag-histoire","tag-monument-historique","tag-patrimoine","tag-unesco","tag-vauban","news-destination-homepage","news-source-website"],"_links":{"self":[{"href":"https:\/\/euapp01.newsmemory.com\/lamarseillaise\/news\/wp-json\/wp\/v2\/posts\/38092","targetHints":{"allow":["GET"]}}],"collection":[{"href":"https:\/\/euapp01.newsmemory.com\/lamarseillaise\/news\/wp-json\/wp\/v2\/posts"}],"about":[{"href":"https:\/\/euapp01.newsmemory.com\/lamarseillaise\/news\/wp-json\/wp\/v2\/types\/post"}],"author":[{"embeddable":true,"href":"https:\/\/euapp01.newsmemory.com\/lamarseillaise\/news\/wp-json\/wp\/v2\/users\/1"}],"replies":[{"embeddable":true,"href":"https:\/\/euapp01.newsmemory.com\/lamarseillaise\/news\/wp-json\/wp\/v2\/comments?post=38092"}],"version-history":[{"count":1,"href":"https:\/\/euapp01.newsmemory.com\/lamarseillaise\/news\/wp-json\/wp\/v2\/posts\/38092\/revisions"}],"predecessor-version":[{"id":38094,"href":"https:\/\/euapp01.newsmemory.com\/lamarseillaise\/news\/wp-json\/wp\/v2\/posts\/38092\/revisions\/38094"}],"wp:featuredmedia":[{"embeddable":true,"href":"https:\/\/euapp01.newsmemory.com\/lamarseillaise\/news\/wp-json\/wp\/v2\/media\/38093"}],"wp:attachment":[{"href":"https:\/\/euapp01.newsmemory.com\/lamarseillaise\/news\/wp-json\/wp\/v2\/media?parent=38092"}],"wp:term":[{"taxonomy":"category","embeddable":true,"href":"https:\/\/euapp01.newsmemory.com\/lamarseillaise\/news\/wp-json\/wp\/v2\/categories?post=38092"},{"taxonomy":"post_tag","embeddable":true,"href":"https:\/\/euapp01.newsmemory.com\/lamarseillaise\/news\/wp-json\/wp\/v2\/tags?post=38092"},{"taxonomy":"news-destination","embeddable":true,"href":"https:\/\/euapp01.newsmemory.com\/lamarseillaise\/news\/wp-json\/wp\/v2\/news-destination?post=38092"},{"taxonomy":"news-source","embeddable":true,"href":"https:\/\/euapp01.newsmemory.com\/lamarseillaise\/news\/wp-json\/wp\/v2\/news-source?post=38092"},{"taxonomy":"is_homepage","embeddable":true,"href":"https:\/\/euapp01.newsmemory.com\/lamarseillaise\/news\/wp-json\/wp\/v2\/is_homepage?post=38092"},{"taxonomy":"ta_other","embeddable":true,"href":"https:\/\/euapp01.newsmemory.com\/lamarseillaise\/news\/wp-json\/wp\/v2\/ta_other?post=38092"}],"curies":[{"name":"wp","href":"https:\/\/api.w.org\/{rel}","templated":true}]}}