{"id":38089,"date":"2026-08-01T07:38:00","date_gmt":"2026-08-01T05:38:00","guid":{"rendered":"https:\/\/euapp01.newsmemory.com\/lamarseillaise\/news\/?p=38089"},"modified":"2026-08-06T10:20:30","modified_gmt":"2026-08-06T08:20:30","slug":"le-ministre-des-affaires-etrangeres-soutient-la-demarche-du-camp-des-milles","status":"publish","type":"post","link":"https:\/\/euapp01.newsmemory.com\/lamarseillaise\/news\/2026\/08\/01\/le-ministre-des-affaires-etrangeres-soutient-la-demarche-du-camp-des-milles\/","title":{"rendered":"Le ministre des Affaires \u00e9trang\u00e8res soutient la d\u00e9marche du Camp des Milles \u00e0 l\u2019Unesco"},"content":{"rendered":"<div class=\"paragraph\">\n<p>Le Camp des Milles conna\u00eet deux actualit\u00e9s majeures\u00a0: une pr\u00e9sidence renouvel\u00e9e et des d\u00e9marches lanc\u00e9es pour l\u2019inscription du dernier site d\u2019internement et de d\u00e9portation fran\u00e7ais au patrimoine mondial de l\u2019Unesco. En avril, Alain Chouraqui, alors \u00e0 la t\u00eate de la Fondation du Camp des Milles, lan\u00e7ait les proc\u00e9dures, quelques semaines avant de passer la main \u00e0 Claude Kupfer, ancien pr\u00e9fet, fr\u00e8re et fils de d\u00e9port\u00e9, qui occupait jusqu\u2019ici des fonctions de tr\u00e9sorier.<\/p>\n<p>C\u2019est dans ce contexte que Jean-No\u00ebl Barrot, ministre de l\u2019Europe et des Affaires \u00e9trang\u00e8res, a fait \u00e9tape au Camp des Milles, vendredi, avant de se rendre sur le site du Grand port maritime. <span class=\"mln_uppercase_mln\">\u00c0<\/span> ses c\u00f4t\u00e9s, Isabelle Rome, ambassadrice de la France pour les droits de l\u2019Homme et pour la m\u00e9moire internationale de la Shoah.<\/p>\n<p>Sa visite r\u00e9pondait \u00e0 un double enjeu : la signature d\u2019une convention pluriannuelle d\u2019objectifs entre l\u2019<span class=\"mln_uppercase_mln\">\u00e9<\/span>tat et le site m\u00e9moriel, mais aussi r\u00e9it\u00e9rer le soutien du minist\u00e8re et de l\u2019\u00c9tat au travail men\u00e9 par la fondation, notamment dans le cadre de sa candidature au patrimoine mondial de l\u2019Unesco. D\u00e9but juillet, Aurore Berg\u00e9, ministre d\u00e9l\u00e9gu\u00e9e charg\u00e9e de l\u2019\u00c9galit\u00e9 entre les femmes et les hommes et de la Lutte contre les discriminations, s\u2019\u00e9tait \u00e9galement rendue sur place pour apporter son soutien \u00e0 cette d\u00e9marche.<\/p>\n<\/p><\/div>\n<div class=\"intext\"> \u00ab\u00a0\u00c9quipes d\u00e9termin\u00e9es\u00a0\u00bb\n              <\/div>\n<div class=\"paragraph\">\n<p>\u00ab\u00a0<i>Notre soutien ne faiblira pas pour ce lieu de m\u00e9moire majeur de notre histoire et de transmission<\/i>\u00a0\u00bb<i>,<\/i> a martel\u00e9, en d\u00e9but de visite, Jean-No\u00ebl Barrot. En rappelant que l\u2019an pass\u00e9, \u00e0 J\u00e9rusalem,<i> <\/i>\u00ab\u00a0<i>nous avons \u00e9t\u00e9 \u00e9lus \u00e0 l\u2019unanimit\u00e9 (\u00e0 la pr\u00e9sidence) de l\u2019Alliance internationale pour la M\u00e9moire de l\u2019Holocauste (IHRA) pour 2027, qui tiendra, comme vous l\u2019avez rappel\u00e9, sa r\u00e9union pl\u00e9ni\u00e8re ici<\/i>\u00a0\u00bb<i>.<\/i> Moment d\u2019autant plus \u00ab\u00a0<i>important<\/i>\u00a0\u00bb, pour le ministre, \u00e0 l\u2019heure ou les actes antis\u00e9mites se multiplient en France comme \u00e0 l\u2019international. Pour le Camp des Milles, le congr\u00e8s de l\u2019IHRA, pr\u00e9vu en mars prochain, serait id\u00e9al pour annoncer<i> <\/i>\u00ab\u00a0<i>l\u2019inscription du Camp des Milles sur la liste indicative. C\u2019est une premi\u00e8re \u00e9tape n\u00e9cessaire pour ensuite aller au-del\u00e0<\/i>\u00a0\u00bb<i>, <\/i>glisse Claude Kupfer.<\/p>\n<p>Cette candidature repr\u00e9sente un enjeu majeur. \u00ab\u00a0<i>C\u2019est pour nous un dossier de toute premi\u00e8re importance. On sait que c\u2019est un dossier lourd, long, qui n\u00e9cessitera le franchissement d\u2019un certain nombre d\u2019\u00e9tapes, mais nos \u00e9quipes sont totalement d\u00e9termin\u00e9es \u00e0 les franchir. Ce serait une reconnaissance pour ce lieu. <\/i><i><span class=\"mln_uppercase_mln\">\u00e0<\/span><\/i><i> l\u2019\u00e9gard de son patrimoine mat\u00e9riel, le lieu qu\u2019il repr\u00e9sente, mais aussi pour son patrimoine immat\u00e9riel (&#8230;)<\/i>, rappelle Claude Kupfer. <i>On a commenc\u00e9 \u00e0 nouer un certain nombre de contacts avec l\u2019organisme charg\u00e9 de la mise en \u0153uvre de la convention pour le Patrimoine de l\u2019humanit\u00e9. Un premier contact encourageant. On va le poursuivre avec un entretien \u00e0 la rentr\u00e9e au minist\u00e8re de la Culture et nous allons en attendant poursuivre notre travail.<\/i><i>\u00a0<\/i><i>\u00bb<\/i> Le ministre a qualifi\u00e9 la d\u00e9marche \u00ab\u00a0<i>d\u2019ambitieuse<\/i>\u00a0\u00bb\u00a0: \u00ab\u00a0<i>C\u2019est un chemin long et exigeant et en ce qui concerne le minist\u00e8re des Affaires \u00e9trang\u00e8res, nous serons \u00e9videmment \u00e0 vos c\u00f4t\u00e9s<\/i>\u00a0\u00bb.<i><\/i><\/p>\n<\/p><\/div>\n","protected":false},"excerpt":{"rendered":"Le Camp des Milles conna&icirc;t deux actualit&eacute;s majeures&nbsp;: une pr&eacute;sidence renouvel&eacute;e et des d&eacute;marches lanc&eacute;es pour l&rsquo;inscription du dernier site d&rsquo;internement et de d&eacute;portation &#8230;","protected":false},"author":1,"featured_media":38090,"comment_status":"open","ping_status":"open","sticky":false,"template":"","format":"standard","meta":{"footnotes":""},"categories":[3926,3925,20],"tags":[556,3245,2095,1900,97,3808],"news-destination":[3944],"news-source":[475],"is_homepage":[],"ta_other":[],"class_list":["post-38089","post","type-post","status-publish","format-standard","has-post-thumbnail","hentry","category-accueil-merge","category-accueil-third","category-societe","tag-aix-en-provence","tag-alain-chouraqui","tag-camp-des-milles","tag-etat","tag-patrimoine","tag-unesco","news-destination-homepage","news-source-website"],"_links":{"self":[{"href":"https:\/\/euapp01.newsmemory.com\/lamarseillaise\/news\/wp-json\/wp\/v2\/posts\/38089","targetHints":{"allow":["GET"]}}],"collection":[{"href":"https:\/\/euapp01.newsmemory.com\/lamarseillaise\/news\/wp-json\/wp\/v2\/posts"}],"about":[{"href":"https:\/\/euapp01.newsmemory.com\/lamarseillaise\/news\/wp-json\/wp\/v2\/types\/post"}],"author":[{"embeddable":true,"href":"https:\/\/euapp01.newsmemory.com\/lamarseillaise\/news\/wp-json\/wp\/v2\/users\/1"}],"replies":[{"embeddable":true,"href":"https:\/\/euapp01.newsmemory.com\/lamarseillaise\/news\/wp-json\/wp\/v2\/comments?post=38089"}],"version-history":[{"count":2,"href":"https:\/\/euapp01.newsmemory.com\/lamarseillaise\/news\/wp-json\/wp\/v2\/posts\/38089\/revisions"}],"predecessor-version":[{"id":38304,"href":"https:\/\/euapp01.newsmemory.com\/lamarseillaise\/news\/wp-json\/wp\/v2\/posts\/38089\/revisions\/38304"}],"wp:featuredmedia":[{"embeddable":true,"href":"https:\/\/euapp01.newsmemory.com\/lamarseillaise\/news\/wp-json\/wp\/v2\/media\/38090"}],"wp:attachment":[{"href":"https:\/\/euapp01.newsmemory.com\/lamarseillaise\/news\/wp-json\/wp\/v2\/media?parent=38089"}],"wp:term":[{"taxonomy":"category","embeddable":true,"href":"https:\/\/euapp01.newsmemory.com\/lamarseillaise\/news\/wp-json\/wp\/v2\/categories?post=38089"},{"taxonomy":"post_tag","embeddable":true,"href":"https:\/\/euapp01.newsmemory.com\/lamarseillaise\/news\/wp-json\/wp\/v2\/tags?post=38089"},{"taxonomy":"news-destination","embeddable":true,"href":"https:\/\/euapp01.newsmemory.com\/lamarseillaise\/news\/wp-json\/wp\/v2\/news-destination?post=38089"},{"taxonomy":"news-source","embeddable":true,"href":"https:\/\/euapp01.newsmemory.com\/lamarseillaise\/news\/wp-json\/wp\/v2\/news-source?post=38089"},{"taxonomy":"is_homepage","embeddable":true,"href":"https:\/\/euapp01.newsmemory.com\/lamarseillaise\/news\/wp-json\/wp\/v2\/is_homepage?post=38089"},{"taxonomy":"ta_other","embeddable":true,"href":"https:\/\/euapp01.newsmemory.com\/lamarseillaise\/news\/wp-json\/wp\/v2\/ta_other?post=38089"}],"curies":[{"name":"wp","href":"https:\/\/api.w.org\/{rel}","templated":true}]}}