{"id":38086,"date":"2026-08-01T07:42:00","date_gmt":"2026-08-01T05:42:00","guid":{"rendered":"https:\/\/euapp01.newsmemory.com\/lamarseillaise\/news\/?p=38086"},"modified":"2026-08-06T10:20:30","modified_gmt":"2026-08-06T08:20:30","slug":"le-chasse-croise-estival-sous-haute-surveillance-a-la-ciotat","status":"publish","type":"post","link":"https:\/\/euapp01.newsmemory.com\/lamarseillaise\/news\/2026\/08\/01\/le-chasse-croise-estival-sous-haute-surveillance-a-la-ciotat\/","title":{"rendered":"Le chass\u00e9-crois\u00e9 estival sous haute surveillance \u00e0 La Ciotat"},"content":{"rendered":"<div class=\"paragraph\">\n<p>B<i>onjour, mettez-vous sur le c\u00f4t\u00e9 s\u2019il vous pla\u00eet, on va proc\u00e9der \u00e0 un rapide contr\u00f4le.<\/i><i>\u00a0<\/i>\u00bb Comme tous les ans, la p\u00e9riode des chass\u00e9s-crois\u00e9s est particuli\u00e8rement accidentog\u00e8ne. en cause notamment, la forte densit\u00e9 du trafic et les bouchons qu\u2019elle peut cr\u00e9er, ou la fatigue li\u00e9e aux longues distances parcourues.<\/p>\n<p>C\u2019est pourquoi sous le soleil de La Ciotat, ce vendredi 31\u00a0juillet, une op\u00e9ration de contr\u00f4le des v\u00e9hicules et de leurs usagers a eu lieu. celle-ci a commenc\u00e9 aux alentours de 10h. C\u2019est la deuxi\u00e8me de ce type depuis le d\u00e9but de l\u2019\u00e9t\u00e9. Sur place, les agents ont ferm\u00e9 plusieurs voies de p\u00e9age pour filtrer les v\u00e9hicules, et cr\u00e9er un couloir dans lequel ces derniers peuvent \u00eatre arr\u00eat\u00e9s.<\/p>\n<p>Une vingtaine de CRS sont sur place. Commencent ensuite les contr\u00f4les. Carte rose, carte grise, assurance, contr\u00f4le technique. en quelques minutes, les premi\u00e8res infractions sont rep\u00e9r\u00e9es. C\u2019est la fin du voyage pour cette jeune femme partie \u00e0 la plage. Arr\u00eat\u00e9e dans sa citadine grise sans assurance ni permis, elle a vu sa voiture emmen\u00e9e par la d\u00e9panneuse. \u00ab\u00a0<i>On va la pr\u00e9senter \u00e0 un officier de police judiciaire qui va regarder en fonction de ses ant\u00e9c\u00e9dents, du d\u00e9faut d\u2019assurance et du d\u00e9faut de permis, si on va l\u2019amener chez nous pour une audition, ou peut-\u00eatre un placement en garde \u00e0 vue<\/i><i>\u00a0<\/i>\u00bb, explique un agent de police. D\u2019autres contrevenants ont eux aussi \u00e9t\u00e9 interpell\u00e9s pour des motifs similaires.<\/p>\n<\/p><\/div>\n<div class=\"intext\"> \u00ab\u00a0Voir du bleu\u00a0\u00bb\n              <\/div>\n<div class=\"paragraph\">\n<p>Arriv\u00e9s en renfort \u00e0 la fin de l\u2019op\u00e9ration, les motards de la police ont de leur c\u00f4t\u00e9 intercept\u00e9 plusieurs chauffards en exc\u00e8s de vitesse.<\/p>\n<p>Pierre Gilardeau, sous-pr\u00e9fet, s\u2019est rendu sur les lieux\u00a0: \u00ab\u00a0<i>Le mot d\u2019ordre qu\u2019on a pour toutes les forces de police, c\u2019est de multiplier partout les contr\u00f4les pour faire respecter les principes de base qui permettent \u00e0 tout le monde de partir et d\u2019arriver sur leur lieu de vacances en toute s\u00e9curit\u00e9<\/i><i>\u00a0<\/i>\u00bb<i>, <\/i>affirme ce dernier sans omettre que \u00ab<i>\u00a0<\/i><i>la vitesse est la premi\u00e8re cause de mortalit\u00e9. Associ\u00e9e \u00e0 des comportements \u00e0 risques, elle tue.<\/i><i>\u00a0<\/i>\u00bb<i> <\/i>Alors que l\u2019aiguille tourne, les voitures immobilis\u00e9es se multiplient, mais le brigadier-chef pr\u00e9sent rappelle que l\u2019objectif n\u2019est pas de sanctionner \u00e0 tout prix. \u00ab\u00a0<i>Si on est l\u00e0, c\u2019est aussi pour faire de la pr\u00e9vention, pour expliquer aux gens que la ceinture, c\u2019est important, les pneus gonfl\u00e9s aussi&#8230; \u00c7a peut \u00eatre sur plein de choses. De plus, c\u2019est important de montrer qu\u2019on est pr\u00e9sents, sinon les gens en profitent..<\/i>.\u00a0\u00bb Les forces de l\u2019ordre sont aussi pr\u00e9sentes sur les axes secondaires compl\u00e8te le sous-pr\u00e9fet, \u00ab\u00a0<i>l\u00e0 o\u00f9 les accidents sont les plus graves et les plus mortels<\/i><i>\u00a0<\/i>\u00bb.<\/p>\n<p>Lev\u00e9 \u00e0 12h30, le dispositif aura \u00e9t\u00e9 encore une fois tr\u00e8s efficace. De par les interpellations effectu\u00e9es, mais aussi la simple mobilisation des autorit\u00e9s, qui ont pu montrer leur assiduit\u00e9 au travers de ce dispositif. \u00ab\u00a0<i>L\u2019important, c\u2019est de voir du bleu sur les autoroutes, sur la route en g\u00e9n\u00e9ral<\/i><i>\u00a0<\/i>\u00bb, indique le brigadier-chef sur les lieux. Des op\u00e9rations similaires seront r\u00e9it\u00e9r\u00e9es r\u00e9guli\u00e8rement pendant l\u2019\u00e9t\u00e9.<\/p>\n<\/p><\/div>\n","protected":false},"excerpt":{"rendered":"Bonjour, mettez-vous sur le c&ocirc;t&eacute; s&rsquo;il vous pla&icirc;t, on va proc&eacute;der &agrave; un rapide contr&ocirc;le.&nbsp;&raquo; Comme tous les ans, la p&eacute;riode des chass&eacute;s-crois&eacute;s est particuli&egrave;rement &#8230;","protected":false},"author":1,"featured_media":38087,"comment_status":"open","ping_status":"open","sticky":false,"template":"","format":"standard","meta":{"footnotes":""},"categories":[3926,3925,20],"tags":[1329,10,743,4088,763,88,1361],"news-destination":[3944],"news-source":[475],"is_homepage":[],"ta_other":[],"class_list":["post-38086","post","type-post","status-publish","format-standard","has-post-thumbnail","hentry","category-accueil-merge","category-accueil-third","category-societe","tag-autoroute","tag-bouches-du-rhone","tag-la-ciotat","tag-peage","tag-police","tag-surveillance","tag-vacances","news-destination-homepage","news-source-website"],"_links":{"self":[{"href":"https:\/\/euapp01.newsmemory.com\/lamarseillaise\/news\/wp-json\/wp\/v2\/posts\/38086","targetHints":{"allow":["GET"]}}],"collection":[{"href":"https:\/\/euapp01.newsmemory.com\/lamarseillaise\/news\/wp-json\/wp\/v2\/posts"}],"about":[{"href":"https:\/\/euapp01.newsmemory.com\/lamarseillaise\/news\/wp-json\/wp\/v2\/types\/post"}],"author":[{"embeddable":true,"href":"https:\/\/euapp01.newsmemory.com\/lamarseillaise\/news\/wp-json\/wp\/v2\/users\/1"}],"replies":[{"embeddable":true,"href":"https:\/\/euapp01.newsmemory.com\/lamarseillaise\/news\/wp-json\/wp\/v2\/comments?post=38086"}],"version-history":[{"count":1,"href":"https:\/\/euapp01.newsmemory.com\/lamarseillaise\/news\/wp-json\/wp\/v2\/posts\/38086\/revisions"}],"predecessor-version":[{"id":38088,"href":"https:\/\/euapp01.newsmemory.com\/lamarseillaise\/news\/wp-json\/wp\/v2\/posts\/38086\/revisions\/38088"}],"wp:featuredmedia":[{"embeddable":true,"href":"https:\/\/euapp01.newsmemory.com\/lamarseillaise\/news\/wp-json\/wp\/v2\/media\/38087"}],"wp:attachment":[{"href":"https:\/\/euapp01.newsmemory.com\/lamarseillaise\/news\/wp-json\/wp\/v2\/media?parent=38086"}],"wp:term":[{"taxonomy":"category","embeddable":true,"href":"https:\/\/euapp01.newsmemory.com\/lamarseillaise\/news\/wp-json\/wp\/v2\/categories?post=38086"},{"taxonomy":"post_tag","embeddable":true,"href":"https:\/\/euapp01.newsmemory.com\/lamarseillaise\/news\/wp-json\/wp\/v2\/tags?post=38086"},{"taxonomy":"news-destination","embeddable":true,"href":"https:\/\/euapp01.newsmemory.com\/lamarseillaise\/news\/wp-json\/wp\/v2\/news-destination?post=38086"},{"taxonomy":"news-source","embeddable":true,"href":"https:\/\/euapp01.newsmemory.com\/lamarseillaise\/news\/wp-json\/wp\/v2\/news-source?post=38086"},{"taxonomy":"is_homepage","embeddable":true,"href":"https:\/\/euapp01.newsmemory.com\/lamarseillaise\/news\/wp-json\/wp\/v2\/is_homepage?post=38086"},{"taxonomy":"ta_other","embeddable":true,"href":"https:\/\/euapp01.newsmemory.com\/lamarseillaise\/news\/wp-json\/wp\/v2\/ta_other?post=38086"}],"curies":[{"name":"wp","href":"https:\/\/api.w.org\/{rel}","templated":true}]}}