{"id":38076,"date":"2026-07-31T10:24:00","date_gmt":"2026-07-31T08:24:00","guid":{"rendered":"https:\/\/euapp01.newsmemory.com\/lamarseillaise\/news\/?p=38076"},"modified":"2026-07-31T10:55:02","modified_gmt":"2026-07-31T08:55:02","slug":"la-droite-veut-que-lete-marseillais-programme-un-concert-damir","status":"publish","type":"post","link":"https:\/\/euapp01.newsmemory.com\/lamarseillaise\/news\/2026\/07\/31\/la-droite-veut-que-lete-marseillais-programme-un-concert-damir\/","title":{"rendered":"La droite veut que l\u2019\u00c9t\u00e9 marseillais programme un concert d\u2019Amir"},"content":{"rendered":"<div class=\"paragraph\">\n<p>La prestation du chanteur aux Terrasses du port <a href=\"https:\/\/www.lamarseillaise.fr\/culture\/face-aux-risques-le-concert-d-amir-annule-aux-terrasses-IE20530091\">a \u00e9t\u00e9 annul\u00e9e le 26 <\/a><a href=\"https:\/\/www.lamarseillaise.fr\/culture\/face-aux-risques-le-concert-d-amir-annule-aux-terrasses-IE20530091\">juillet apr\u00e8s que des collectifs pro-palestiniens ont appel\u00e9 au boycott.<\/a> \u00ab\u00a0<i>Nous mesurons ce qu\u2019une telle d\u00e9cision demande<\/i>\u00a0\u00bb, souligne le conseiller municipal associ\u00e9 \u00e0 Lionel Modrzyk, membre du bureau politique d\u2019une G\u00e9n\u00e9ration pour Marseille, \u00ab\u00a0<i>Nous mesurons surtout ce qu\u2019elle dirait de Marseille<\/i>\u00a0\u00bb, un symbole r\u00e9sum\u00e9 par \u00ab\u00a0<i>Marseille, ville fraternelle qui r\u00e9pond \u00e0 l\u2019intimidation par la f\u00eate et le rassemblement<\/i>\u00a0\u00bb.<\/p>\n<\/p><\/div>\n","protected":false},"excerpt":{"rendered":"La prestation du chanteur aux Terrasses du port a &eacute;t&eacute; annul&eacute;e le 26 juillet apr&egrave;s que des collectifs pro-palestiniens ont appel&eacute; au boycott. &laquo;&nbsp;Nous mesurons ce qu&rsquo;une telle d&eacute;cision &#8230;","protected":false},"author":1,"featured_media":38077,"comment_status":"open","ping_status":"open","sticky":false,"template":"","format":"standard","meta":{"footnotes":""},"categories":[330],"tags":[774,10,4751,34,642,74,1308,16,325,2036,99],"news-destination":[],"news-source":[475],"is_homepage":[],"ta_other":[],"class_list":["post-38076","post","type-post","status-publish","format-standard","has-post-thumbnail","hentry","category-politique","tag-benoit-payan","tag-bouches-du-rhone","tag-boycott","tag-concert","tag-droite","tag-israel-palestine","tag-lete-marseillais","tag-marseille","tag-musique","tag-romain-simmarano","tag-ville-de-marseille","news-source-website"],"_links":{"self":[{"href":"https:\/\/euapp01.newsmemory.com\/lamarseillaise\/news\/wp-json\/wp\/v2\/posts\/38076","targetHints":{"allow":["GET"]}}],"collection":[{"href":"https:\/\/euapp01.newsmemory.com\/lamarseillaise\/news\/wp-json\/wp\/v2\/posts"}],"about":[{"href":"https:\/\/euapp01.newsmemory.com\/lamarseillaise\/news\/wp-json\/wp\/v2\/types\/post"}],"author":[{"embeddable":true,"href":"https:\/\/euapp01.newsmemory.com\/lamarseillaise\/news\/wp-json\/wp\/v2\/users\/1"}],"replies":[{"embeddable":true,"href":"https:\/\/euapp01.newsmemory.com\/lamarseillaise\/news\/wp-json\/wp\/v2\/comments?post=38076"}],"version-history":[{"count":1,"href":"https:\/\/euapp01.newsmemory.com\/lamarseillaise\/news\/wp-json\/wp\/v2\/posts\/38076\/revisions"}],"predecessor-version":[{"id":38078,"href":"https:\/\/euapp01.newsmemory.com\/lamarseillaise\/news\/wp-json\/wp\/v2\/posts\/38076\/revisions\/38078"}],"wp:featuredmedia":[{"embeddable":true,"href":"https:\/\/euapp01.newsmemory.com\/lamarseillaise\/news\/wp-json\/wp\/v2\/media\/38077"}],"wp:attachment":[{"href":"https:\/\/euapp01.newsmemory.com\/lamarseillaise\/news\/wp-json\/wp\/v2\/media?parent=38076"}],"wp:term":[{"taxonomy":"category","embeddable":true,"href":"https:\/\/euapp01.newsmemory.com\/lamarseillaise\/news\/wp-json\/wp\/v2\/categories?post=38076"},{"taxonomy":"post_tag","embeddable":true,"href":"https:\/\/euapp01.newsmemory.com\/lamarseillaise\/news\/wp-json\/wp\/v2\/tags?post=38076"},{"taxonomy":"news-destination","embeddable":true,"href":"https:\/\/euapp01.newsmemory.com\/lamarseillaise\/news\/wp-json\/wp\/v2\/news-destination?post=38076"},{"taxonomy":"news-source","embeddable":true,"href":"https:\/\/euapp01.newsmemory.com\/lamarseillaise\/news\/wp-json\/wp\/v2\/news-source?post=38076"},{"taxonomy":"is_homepage","embeddable":true,"href":"https:\/\/euapp01.newsmemory.com\/lamarseillaise\/news\/wp-json\/wp\/v2\/is_homepage?post=38076"},{"taxonomy":"ta_other","embeddable":true,"href":"https:\/\/euapp01.newsmemory.com\/lamarseillaise\/news\/wp-json\/wp\/v2\/ta_other?post=38076"}],"curies":[{"name":"wp","href":"https:\/\/api.w.org\/{rel}","templated":true}]}}